{"id":932,"date":"2015-12-13T12:16:14","date_gmt":"2015-12-13T11:16:14","guid":{"rendered":"https:\/\/lpdordogne.wordpress.com\/?p=932"},"modified":"2015-12-13T12:16:14","modified_gmt":"2015-12-13T11:16:14","slug":"revolutionnaires-libres-penseurs-sous-lequerre-le-compas","status":"publish","type":"post","link":"https:\/\/www.lpdordogne.fr\/?p=932","title":{"rendered":"R\u00e9volutionnaires &amp; Libres Penseurs sous l&rsquo;Equerre &amp; le Compas"},"content":{"rendered":"<p style=\"text-align:justify;\"><strong>\u00a0 \u00a0 \u00a0 \u00a0 \u00a0 \u00a0 \u00a0\u00a0<a href=\"https:\/\/www.lpdordogne.fr\/wp-content\/uploads\/2015\/10\/couverture-hommes-du-vatican-2.jpg\" target=\"_blank\" rel=\"noopener\"><br \/>\n<\/a><a href=\"https:\/\/www.lpdordogne.fr\/wp-content\/uploads\/2015\/10\/couverture-hommes-du-vatican-2.jpg\" target=\"_blank\" rel=\"noopener\"><img loading=\"lazy\" decoding=\"async\" class=\"aligncenter wp-image-933 size-full\" src=\"https:\/\/www.lpdordogne.fr\/wp-content\/uploads\/2015\/12\/equerre-compas.jpg\" alt=\"\" width=\"256\" height=\"352\" srcset=\"https:\/\/www.lpdordogne.fr\/wp-content\/uploads\/2015\/12\/equerre-compas.jpg 256w, https:\/\/www.lpdordogne.fr\/wp-content\/uploads\/2015\/12\/equerre-compas-218x300.jpg 218w\" sizes=\"auto, (max-width: 256px) 85vw, 256px\" \/><\/a><\/strong><\/p>\n<p style=\"text-align:justify;\">Les chemins et les actions de la Libre Pens\u00e9e ont souvent rencontr\u00e9 ceux de la Franc-ma\u00e7onnerie lib\u00e9rale et a-dogmatique notamment en d\u00e9fense de la D\u00e9mocratie et de la R\u00e9publique et pour conqu\u00e9rir la la\u00efcit\u00e9. Les deux associations proviennent d\u0092un m\u00eame mouvement historique qui part de la civilisation gr\u00e9co-latine, qui ressurgit sous la Renaissance, qui c\u00f4toie la R\u00e9forme et son libre examen pour d\u00e9boucher sur les Lumi\u00e8res et la R\u00e9volution Fran\u00e7aise. Ce mouvement triomphe par l\u0092av\u00e8nement de la R\u00e9publique et par l\u0092instauration de la S\u00e9paration des \u00c9glises et de l\u0092\u00c9tat.<br \/>\n<!--more--><br \/>\nLa Libre Pens\u00e9e et la Franc-ma\u00e7onnerie ont donc la m\u00eame source : l\u0092humanisme, c\u0092est-\u00e0-dire la volont\u00e9 de mettre l\u0092homme au centre de sa destin\u00e9e. Elles font siennes comme principe fondamental la formule de Protagoras : \u00ab l\u0092Homme est la mesure de toute chose \u00bb. L\u0092Homme, c\u0092est d\u0092abord sa pens\u00e9e qui ne peut que revendiquer d\u0092\u00eatre libre. C\u0092est pourquoi, les deux associations sont pass\u00e9es de la notion de libre examen \u00e0 celle de libert\u00e9 absolue de conscience qui embrasse la libert\u00e9 humaine toute enti\u00e8re.<\/p>\n<p>Si la Libre Pens\u00e9e et la Franc-ma\u00e7onnerie sont deux associations, souvent proches, mais toujours diff\u00e9rentes, elles ont souvent les m\u00eames ennemis. On l\u0092a vu en 1940, o\u00f9 le R\u00e9gime de Vichy les a interdite quasiment en m\u00eame temps. L\u0092\u00c9glise catholique, hier comme aujourd\u0092hui, les voue aux g\u00e9monies.<\/p>\n<p>La Franc-ma\u00e7onnerie a-dogmatique et la\u00efque et la Libre Pens\u00e9e sont des associations issues de la d\u00e9mocratie politique. Elles sont donc, toutes les deux, les adversaires irr\u00e9conciliables des dictatures et des totalitarismes qui le leur rendent bien. Produits d\u0092une m\u00eame histoire, les deux courants ont chemin\u00e9 sur des chemins parall\u00e8les qui se sont crois\u00e9s souvent. C\u0092est sans doute un d\u00e9fi \u00e0 la g\u00e9om\u00e9trie, mais comme ici \u00ab tout est symbole \u00bb, tout est possible.<\/p>\n<p>Sur ce Chantier, les libres penseurs ont c\u00f4toy\u00e9 aussi Buonarroti, les Carbonari, Guiseppe Garibaldi, les 4 Sergents de la Rochelle, le Rite Memphis-Misra\u00efm, Auguste Blanqui, la Chevalerie du Travail, Charles Longuet et Paul Lafargue (gendres de Karl Marx), les anarchistes, les marxistes, les socialistes.<\/p>\n<p>Ensemble, avec les libres penseurs, ils ont \u009cuvr\u00e9 pour la R\u00e9publique, la R\u00e9volution, le Syndicalisme et le Socialisme. C\u0092est cette histoire commune qui sera abord\u00e9e lors de cette conf\u00e9rence publique. La Libre Pens\u00e9e fera \u0153\u009cuvre ainsi d\u0092\u00e9ducation populaire.<\/p>\n<p style=\"text-align:justify;\"><strong><a href=\"https:\/\/www.lpdordogne.fr\/wp-content\/uploads\/2015\/10\/couverture-hommes-du-vatican-2.jpg\" target=\"_blank\" rel=\"noopener\"><img loading=\"lazy\" decoding=\"async\" class=\"wp-image-933 size-medium alignleft\" src=\"https:\/\/www.lpdordogne.fr\/wp-content\/uploads\/2015\/12\/equerre-compas.jpg?w=218\" alt=\"\" width=\"218\" height=\"300\" srcset=\"https:\/\/www.lpdordogne.fr\/wp-content\/uploads\/2015\/12\/equerre-compas.jpg 256w, https:\/\/www.lpdordogne.fr\/wp-content\/uploads\/2015\/12\/equerre-compas-218x300.jpg 218w\" sizes=\"auto, (max-width: 218px) 85vw, 218px\" \/><\/a><\/strong><\/p>\n<p><strong><span class=\"titre_produit\">R\u00e9volutionnaires &amp; Libres Penseurs sous l&rsquo;Equerre &amp; le Compas<\/span><\/strong><br \/>\n<strong><span class=\"normal\">Auteur : Philippe Besson, Christian Eyschen, Dominique Goussot<\/span><\/strong><br \/>\n<strong><span class=\"normal\">Editeur : Th\u00e9olib<\/span><\/strong><br \/>\n<strong><span class=\"normal\">Collection : Galaad<\/span><\/strong><br \/>\n<strong><span class=\"normal\">Ann\u00e9e : 2015<\/span><\/strong><br \/>\n<strong><span class=\"normal\">ISBN 13 : 978-2-36500-1<\/span><\/strong><br \/>\n<strong><span class=\"normal\">Nb. de pages : 135<\/span><\/strong><\/p>\n<p><strong><span class=\"normal\"> Prix : 18 \u20ac + frais de port \u00e9ventuels<br \/>\n(paiement par ch\u00e8que \u00e0 l&rsquo;ordre de :<br \/>\ngroupe Fred Zeller)<a href=\"https:\/\/lpdordogne.wordpress.com\/contacter-le-groupe-fred-zeller\/\"> ==&gt;infos<\/a><\/span><\/strong><\/p>\n<p>&nbsp;<\/p>\n<p><!--more--><\/p>\n<p style=\"text-align:justify;\">\n","protected":false},"excerpt":{"rendered":"<p>\u00a0 \u00a0 \u00a0 \u00a0 \u00a0 \u00a0 \u00a0\u00a0 Les chemins et les actions de la Libre Pens\u00e9e ont souvent rencontr\u00e9 ceux de la Franc-ma\u00e7onnerie lib\u00e9rale et a-dogmatique notamment en d\u00e9fense de la D\u00e9mocratie et de la R\u00e9publique et pour conqu\u00e9rir la la\u00efcit\u00e9. Les deux associations proviennent d\u0092un m\u00eame mouvement historique qui part de la civilisation gr\u00e9co-latine, &hellip; <a href=\"https:\/\/www.lpdordogne.fr\/?p=932\" class=\"more-link\">Continuer la lecture<span class=\"screen-reader-text\"> de &laquo;&nbsp;R\u00e9volutionnaires &amp; Libres Penseurs sous l&rsquo;Equerre &amp; le Compas&nbsp;&raquo;<\/span><\/a><\/p>\n","protected":false},"author":2,"featured_media":0,"comment_status":"closed","ping_status":"open","sticky":false,"template":"","format":"standard","meta":{"footnotes":""},"categories":[2,10],"tags":[],"class_list":["post-932","post","type-post","status-publish","format-standard","hentry","category-elus-et-laicite","category-librairie"],"_links":{"self":[{"href":"https:\/\/www.lpdordogne.fr\/index.php?rest_route=\/wp\/v2\/posts\/932","targetHints":{"allow":["GET"]}}],"collection":[{"href":"https:\/\/www.lpdordogne.fr\/index.php?rest_route=\/wp\/v2\/posts"}],"about":[{"href":"https:\/\/www.lpdordogne.fr\/index.php?rest_route=\/wp\/v2\/types\/post"}],"author":[{"embeddable":true,"href":"https:\/\/www.lpdordogne.fr\/index.php?rest_route=\/wp\/v2\/users\/2"}],"replies":[{"embeddable":true,"href":"https:\/\/www.lpdordogne.fr\/index.php?rest_route=%2Fwp%2Fv2%2Fcomments&post=932"}],"version-history":[{"count":0,"href":"https:\/\/www.lpdordogne.fr\/index.php?rest_route=\/wp\/v2\/posts\/932\/revisions"}],"wp:attachment":[{"href":"https:\/\/www.lpdordogne.fr\/index.php?rest_route=%2Fwp%2Fv2%2Fmedia&parent=932"}],"wp:term":[{"taxonomy":"category","embeddable":true,"href":"https:\/\/www.lpdordogne.fr\/index.php?rest_route=%2Fwp%2Fv2%2Fcategories&post=932"},{"taxonomy":"post_tag","embeddable":true,"href":"https:\/\/www.lpdordogne.fr\/index.php?rest_route=%2Fwp%2Fv2%2Ftags&post=932"}],"curies":[{"name":"wp","href":"https:\/\/api.w.org\/{rel}","templated":true}]}}