{"id":899,"date":"2015-12-13T11:51:09","date_gmt":"2015-12-13T10:51:09","guid":{"rendered":"https:\/\/lpdordogne.wordpress.com\/?p=899"},"modified":"2015-12-13T11:51:09","modified_gmt":"2015-12-13T10:51:09","slug":"quest-ce-que-la-libre-pensee-re-edition-2015","status":"publish","type":"post","link":"https:\/\/www.lpdordogne.fr\/?p=899","title":{"rendered":"Qu&rsquo;est-ce que la Libre Pens\u00e9e ? (r\u00e9-\u00e9dition 2015)"},"content":{"rendered":"<p style=\"text-align:justify;\"><strong><img loading=\"lazy\" decoding=\"async\" class=\"aligncenter size-full wp-image-513\" src=\"https:\/\/www.lpdordogne.fr\/wp-content\/uploads\/2015\/06\/lp-2015.jpg\" alt=\"LP-2015\" width=\"177\" height=\"256\" \/>\u00a0 \u00a0 \u00a0 \u00a0 \u00a0 \u00a0 \u00a0\u00a0<\/strong><\/p>\n<h3 style=\"text-align:left;\"><strong>Sommaire<\/strong><\/h3>\n<ul>\n<li style=\"text-align:left;\"><strong>Introduction \u00a0 \u00a0p. 3<\/strong><\/li>\n<li style=\"text-align:left;\"><strong>Histoire de la Libre Pens\u00e9e\u00a0 \u00a0\u00a0p. 7<\/strong><\/li>\n<li style=\"text-align:left;\"><strong>L&rsquo;\u0092association internationale de la Libre Pens\u00e9e\u00a0(AILP) \u00a0 p. 15<\/strong><\/li>\n<li style=\"text-align:left;\"><strong>La la\u00efcit\u00e9 de l\u0092Etat \u00a0\u00a0p. 25<\/strong><\/li>\n<li style=\"text-align:left;\"><strong>La la\u00efcit\u00e9 et l\u0092\u00e9cole \u00a0\u00a0p. 35<\/strong><\/li>\n<li style=\"text-align:left;\"><strong>Le doute et le dogme &#8211; La Libre Pens\u00e9e et les religions \u00a0 \u00a0p. 43<\/strong><\/li>\n<li style=\"text-align:left;\"><strong>Pacifiste et internationaliste, c\u0092&rsquo;est ce que revendique\u00a0<\/strong><strong>d&rsquo;\u0092\u00eatre le libre penseur \u00a0 \u00a0p. 51<\/strong><\/li>\n<li style=\"text-align:left;\"><strong>La Doctrine Sociale de L\u0092\u00c9glise catholique \u00a0 \u00a0p. 61<\/strong><\/li>\n<li style=\"text-align:left;\"><strong>D\u00e9fense des conqu\u00eates r\u00e9publicaines \u00a0 \u00a0p. 69<\/strong><\/li>\n<li style=\"text-align:left;\"><strong>La Libre Pens\u00e9e et la jeunesse \u00a0 \u00a0p. 77<\/strong><\/li>\n<li style=\"text-align:left;\"><strong>Les femmes et la Libre Pens\u00e9e \u00a0 \u00a0p. 83<\/strong><\/li>\n<li style=\"text-align:left;\"><strong>D\u00e9fense de la Science &#8211; Place \u00e0 la raison \u00a0 \u00a0p. 89<\/strong><\/li>\n<li style=\"text-align:left;\"><strong>Le fonctionnement de la F\u00e9d\u00e9ration Nationale\u00a0<\/strong><strong>de la Libre Pens\u00e9e \u00a0 \u00a0p. 101<\/strong><\/li>\n<\/ul>\n<p><img loading=\"lazy\" decoding=\"async\" class=\"wp-image-513 size-full alignleft\" src=\"https:\/\/www.lpdordogne.fr\/wp-content\/uploads\/2015\/06\/lp-2015.jpg\" alt=\"\" width=\"177\" height=\"256\" \/><strong><span class=\"titre_produit\">Qu&rsquo;est-ce que la Libre Pens\u00e9e ?<br \/>\n(r\u00e9-\u00e9dition 2015)<\/span><\/strong><\/p>\n<p><strong><span class=\"normal\">Auteur : Coll.<br \/>\n<span class=\"normal\">Editeur : FNLP<\/span><br \/>\n<span class=\"normal\">Ann\u00e9e : 2015<\/span><br \/>\n<span class=\"normal\">ISBN 13 : 978-2-916801-<\/span><br \/>\n<span class=\"normal\">Nb. de pages : 107<\/span><br \/>\nPrix : 8 \u20ac + frais de port \u00e9ventuels<br \/>\n(paiement par ch\u00e8que \u00e0 l&rsquo;ordre de :<br \/>\ngroupe Fred Zeller)<a href=\"https:\/\/lpdordogne.wordpress.com\/contacter-le-groupe-fred-zeller\/\"> ==&gt;infos<\/a><\/span><\/strong><\/p>\n<p><!--more--><\/p>\n<p style=\"text-align:justify;\">\n","protected":false},"excerpt":{"rendered":"<p>\u00a0 \u00a0 \u00a0 \u00a0 \u00a0 \u00a0 \u00a0\u00a0 Sommaire Introduction \u00a0 \u00a0p. 3 Histoire de la Libre Pens\u00e9e\u00a0 \u00a0\u00a0p. 7 L&rsquo;\u0092association internationale de la Libre Pens\u00e9e\u00a0(AILP) \u00a0 p. 15 La la\u00efcit\u00e9 de l\u0092Etat \u00a0\u00a0p. 25 La la\u00efcit\u00e9 et l\u0092\u00e9cole \u00a0\u00a0p. 35 Le doute et le dogme &#8211; La Libre Pens\u00e9e et les religions \u00a0 \u00a0p. 43 &hellip; <a href=\"https:\/\/www.lpdordogne.fr\/?p=899\" class=\"more-link\">Continuer la lecture<span class=\"screen-reader-text\"> de &laquo;&nbsp;Qu&rsquo;est-ce que la Libre Pens\u00e9e ? (r\u00e9-\u00e9dition 2015)&nbsp;&raquo;<\/span><\/a><\/p>\n","protected":false},"author":2,"featured_media":0,"comment_status":"closed","ping_status":"open","sticky":false,"template":"","format":"standard","meta":{"footnotes":""},"categories":[2,10],"tags":[],"class_list":["post-899","post","type-post","status-publish","format-standard","hentry","category-elus-et-laicite","category-librairie"],"_links":{"self":[{"href":"https:\/\/www.lpdordogne.fr\/index.php?rest_route=\/wp\/v2\/posts\/899","targetHints":{"allow":["GET"]}}],"collection":[{"href":"https:\/\/www.lpdordogne.fr\/index.php?rest_route=\/wp\/v2\/posts"}],"about":[{"href":"https:\/\/www.lpdordogne.fr\/index.php?rest_route=\/wp\/v2\/types\/post"}],"author":[{"embeddable":true,"href":"https:\/\/www.lpdordogne.fr\/index.php?rest_route=\/wp\/v2\/users\/2"}],"replies":[{"embeddable":true,"href":"https:\/\/www.lpdordogne.fr\/index.php?rest_route=%2Fwp%2Fv2%2Fcomments&post=899"}],"version-history":[{"count":0,"href":"https:\/\/www.lpdordogne.fr\/index.php?rest_route=\/wp\/v2\/posts\/899\/revisions"}],"wp:attachment":[{"href":"https:\/\/www.lpdordogne.fr\/index.php?rest_route=%2Fwp%2Fv2%2Fmedia&parent=899"}],"wp:term":[{"taxonomy":"category","embeddable":true,"href":"https:\/\/www.lpdordogne.fr\/index.php?rest_route=%2Fwp%2Fv2%2Fcategories&post=899"},{"taxonomy":"post_tag","embeddable":true,"href":"https:\/\/www.lpdordogne.fr\/index.php?rest_route=%2Fwp%2Fv2%2Ftags&post=899"}],"curies":[{"name":"wp","href":"https:\/\/api.w.org\/{rel}","templated":true}]}}