{"id":892,"date":"2015-12-13T11:31:19","date_gmt":"2015-12-13T10:31:19","guid":{"rendered":"https:\/\/lpdordogne.wordpress.com\/?p=892"},"modified":"2015-12-13T11:31:19","modified_gmt":"2015-12-13T10:31:19","slug":"pour-la-laicite-en-europe","status":"publish","type":"post","link":"https:\/\/www.lpdordogne.fr\/?p=892","title":{"rendered":"Pour la la\u00efcit\u00e9 en Europe"},"content":{"rendered":"<p style=\"text-align:justify;\"><strong>\u00a0 \u00a0 \u00a0 \u00a0 \u00a0 \u00a0 \u00a0\u00a0<a href=\"https:\/\/www.lpdordogne.fr\/wp-content\/uploads\/2015\/10\/couverture-hommes-du-vatican-2.jpg\" target=\"_blank\" rel=\"noopener\"><img loading=\"lazy\" decoding=\"async\" class=\"size-full wp-image-894 alignnone\" src=\"https:\/\/www.lpdordogne.fr\/wp-content\/uploads\/2015\/12\/laicite-en-europe.jpg\" alt=\"laicite-en-europe\" width=\"176\" height=\"256\" \/>\u00a0\u00a0\u00a0 \u00a0\u00a0<img loading=\"lazy\" decoding=\"async\" class=\"size-full wp-image-893 alignnone\" src=\"https:\/\/www.lpdordogne.fr\/wp-content\/uploads\/2015\/12\/laicite-en-europe-ajpg.jpg\" alt=\"laicite-en-europe.-ajpg\" width=\"176\" height=\"256\" \/><br \/>\n<\/a><\/strong><\/p>\n<p style=\"text-align:justify;\"><strong>Ce Livre est une \u00e9tude de pr\u00e8s de cinquante pays europ\u00e9ens : s\u00e9paration, concordat, financement des \u00c9glises, scandales provoqu\u00e9s par les religieux, r\u00e9sistance et bataille pour la s\u00e9paration dans ces pays.<br \/>\nNous vous livrons un extrait de l\u0092introduction de Jean-S\u00e9bastien Pierre, pr\u00e9sident de la F\u00e9d\u00e9ration nationale de la Libre Pens\u00e9e :<br \/>\n\u00ab <em>La S\u00e9paration des \u00c9glises et de l\u0092\u00c9tat est un principe universel, dont la forme est toujours nationale, mais internationale dans son contenu. Elle est l\u0092aboutissement naturel de la d\u00e9mocratie, du droit des peuples \u00e0 d\u00e9cider de leur avenir et du combat pour la pleine \u00e9mancipation humaine. Son av\u00e8nement viendra partout en temps voulu par la volont\u00e9 conjointe des peuples et des organisations la\u00efques qui \u009cuvrent \u00e0 ce but lib\u00e9rateur.<\/em> \u00bb<\/strong><\/p>\n<p style=\"text-align:justify;\"><strong><a href=\"https:\/\/www.lpdordogne.fr\/wp-content\/uploads\/2015\/10\/couverture-hommes-du-vatican-2.jpg\" target=\"_blank\" rel=\"noopener\"><img loading=\"lazy\" decoding=\"async\" class=\"wp-image-894 size-full alignleft\" src=\"https:\/\/www.lpdordogne.fr\/wp-content\/uploads\/2015\/12\/laicite-en-europe.jpg\" alt=\"\" width=\"176\" height=\"256\" \/><\/a><\/strong><\/p>\n<p><strong><span class=\"titre_produit\">Pour la la\u00efcit\u00e9 en Europe<\/span><\/strong><\/p>\n<p><strong><span class=\"normal\">Auteur : Coll.<\/span><\/strong><br \/>\n<strong><span class=\"normal\">Editeur : Editions Libre Pens\u00e9e<\/span><\/strong><br \/>\n<strong><span class=\"normal\">Ann\u00e9e : 2015<\/span><\/strong><br \/>\n<strong><span class=\"normal\">ISBN 13 : 978-2-9537843<\/span><\/strong><br \/>\n<strong><span class=\"normal\">Nb. de pages : 228<br \/>\nPrix : 12 \u20ac + frais de port \u00e9ventuels<br \/>\n(paiement par ch\u00e8que \u00e0 l&rsquo;ordre de :<br \/>\ngroupe Fred Zeller)<a href=\"https:\/\/lpdordogne.wordpress.com\/contacter-le-groupe-fred-zeller\/\"> ==&gt;infos<\/a><\/span><\/strong><\/p>\n<p>&nbsp;<\/p>\n<p><!--more--><\/p>\n<p style=\"text-align:justify;\">\n","protected":false},"excerpt":{"rendered":"<p>\u00a0 \u00a0 \u00a0 \u00a0 \u00a0 \u00a0 \u00a0\u00a0\u00a0\u00a0\u00a0 \u00a0\u00a0 Ce Livre est une \u00e9tude de pr\u00e8s de cinquante pays europ\u00e9ens : s\u00e9paration, concordat, financement des \u00c9glises, scandales provoqu\u00e9s par les religieux, r\u00e9sistance et bataille pour la s\u00e9paration dans ces pays. Nous vous livrons un extrait de l\u0092introduction de Jean-S\u00e9bastien Pierre, pr\u00e9sident de la F\u00e9d\u00e9ration nationale de &hellip; <a href=\"https:\/\/www.lpdordogne.fr\/?p=892\" class=\"more-link\">Continuer la lecture<span class=\"screen-reader-text\"> de &laquo;&nbsp;Pour la la\u00efcit\u00e9 en Europe&nbsp;&raquo;<\/span><\/a><\/p>\n","protected":false},"author":2,"featured_media":0,"comment_status":"closed","ping_status":"open","sticky":false,"template":"","format":"standard","meta":{"footnotes":""},"categories":[2,10],"tags":[],"class_list":["post-892","post","type-post","status-publish","format-standard","hentry","category-elus-et-laicite","category-librairie"],"_links":{"self":[{"href":"https:\/\/www.lpdordogne.fr\/index.php?rest_route=\/wp\/v2\/posts\/892","targetHints":{"allow":["GET"]}}],"collection":[{"href":"https:\/\/www.lpdordogne.fr\/index.php?rest_route=\/wp\/v2\/posts"}],"about":[{"href":"https:\/\/www.lpdordogne.fr\/index.php?rest_route=\/wp\/v2\/types\/post"}],"author":[{"embeddable":true,"href":"https:\/\/www.lpdordogne.fr\/index.php?rest_route=\/wp\/v2\/users\/2"}],"replies":[{"embeddable":true,"href":"https:\/\/www.lpdordogne.fr\/index.php?rest_route=%2Fwp%2Fv2%2Fcomments&post=892"}],"version-history":[{"count":0,"href":"https:\/\/www.lpdordogne.fr\/index.php?rest_route=\/wp\/v2\/posts\/892\/revisions"}],"wp:attachment":[{"href":"https:\/\/www.lpdordogne.fr\/index.php?rest_route=%2Fwp%2Fv2%2Fmedia&parent=892"}],"wp:term":[{"taxonomy":"category","embeddable":true,"href":"https:\/\/www.lpdordogne.fr\/index.php?rest_route=%2Fwp%2Fv2%2Fcategories&post=892"},{"taxonomy":"post_tag","embeddable":true,"href":"https:\/\/www.lpdordogne.fr\/index.php?rest_route=%2Fwp%2Fv2%2Ftags&post=892"}],"curies":[{"name":"wp","href":"https:\/\/api.w.org\/{rel}","templated":true}]}}