{"id":881,"date":"2015-12-01T20:29:36","date_gmt":"2015-12-01T19:29:36","guid":{"rendered":"https:\/\/lpdordogne.wordpress.com\/?p=881"},"modified":"2015-12-01T20:29:36","modified_gmt":"2015-12-01T19:29:36","slug":"le-groupe-fred-zeller-sur-rlp-lundi-30-novembre-2015","status":"publish","type":"post","link":"https:\/\/www.lpdordogne.fr\/?p=881","title":{"rendered":"Le Groupe Fred Zeller sur RLP lundi 30 novembre 2015"},"content":{"rendered":"<h1 class=\"art-postheader\" style=\"text-align:center;\">Les lois fondatrices de l&rsquo;Ecole la\u00efque<\/h1>\n<p>&nbsp;<\/p>\n<p>[mixcloud https:\/\/www.mixcloud.com\/jlbagault\/chronique-du-groupe-fred-zeller-sur-rlp-le-30-novembre-2015\/ width=660 height=208 hide_cover=1 hide_tracklist=1]<\/p>\n<p style=\"text-align:justify;\">Cette semaine, J-Jacques Bri\u00e8re de l&rsquo;Isle intervient sur la p\u00e9riode de la fin du XIX\u00e8me si\u00e8cle, dans laquelle les loi fondatrices de l&rsquo;Ecole la\u00efque ont \u00e9t\u00e9 vot\u00e9es.<\/p>\n<p><!--more--><\/p>\n<h2 style=\"text-align:center;\">D\u00e9fense et promotion de la loi de 1905\u00a0!<br \/>\nAucun financement public des cultes et de leurs \u0153uvres\u00a0!<br \/>\nAbrogation des lois antila\u00efques\u00a0!<\/h2>\n<p>&nbsp;<\/p>\n<h2 style=\"text-align:center;\">\u00e0 l&rsquo;initiative de la Libre Pens\u00e9e,<br \/>\ngrand meeting national la\u00efque<br \/>\nLe 5 d\u00e9cembre 2015 de 14H30 \u00e0 17H30<br \/>\nGymnase Japy \u2013 2 rue Japy \u2013 75011 Paris<\/h2>\n<p style=\"text-align:left;\">\u00e0 lire sur ce sujet :<\/p>\n<p style=\"text-align:center;\">Pour \u00e9changer sur ce sujet, <a title=\"Contacter le Groupe Fred Zeller\" href=\"https:\/\/lpdordogne.wordpress.com\/contacter-le-groupe-fred-zeller\/\" target=\"_blank\" rel=\"noopener\">contactez le Groupe Fred Zeller<\/a><\/p>\n<p>courriel :\u00a0<a href=\"mailto:groupefredzeller@gmail.com\">groupefredzeller@gmail.com<\/a><\/p>\n","protected":false},"excerpt":{"rendered":"<p>Les lois fondatrices de l&rsquo;Ecole la\u00efque &nbsp; [mixcloud https:\/\/www.mixcloud.com\/jlbagault\/chronique-du-groupe-fred-zeller-sur-rlp-le-30-novembre-2015\/ width=660 height=208 hide_cover=1 hide_tracklist=1] Cette semaine, J-Jacques Bri\u00e8re de l&rsquo;Isle intervient sur la p\u00e9riode de la fin du XIX\u00e8me si\u00e8cle, dans laquelle les loi fondatrices de l&rsquo;Ecole la\u00efque ont \u00e9t\u00e9 vot\u00e9es.<\/p>\n","protected":false},"author":2,"featured_media":0,"comment_status":"closed","ping_status":"open","sticky":false,"template":"","format":"standard","meta":{"footnotes":""},"categories":[12,20],"tags":[],"class_list":["post-881","post","type-post","status-publish","format-standard","hentry","category-loi-debre","category-rlp"],"_links":{"self":[{"href":"https:\/\/www.lpdordogne.fr\/index.php?rest_route=\/wp\/v2\/posts\/881","targetHints":{"allow":["GET"]}}],"collection":[{"href":"https:\/\/www.lpdordogne.fr\/index.php?rest_route=\/wp\/v2\/posts"}],"about":[{"href":"https:\/\/www.lpdordogne.fr\/index.php?rest_route=\/wp\/v2\/types\/post"}],"author":[{"embeddable":true,"href":"https:\/\/www.lpdordogne.fr\/index.php?rest_route=\/wp\/v2\/users\/2"}],"replies":[{"embeddable":true,"href":"https:\/\/www.lpdordogne.fr\/index.php?rest_route=%2Fwp%2Fv2%2Fcomments&post=881"}],"version-history":[{"count":0,"href":"https:\/\/www.lpdordogne.fr\/index.php?rest_route=\/wp\/v2\/posts\/881\/revisions"}],"wp:attachment":[{"href":"https:\/\/www.lpdordogne.fr\/index.php?rest_route=%2Fwp%2Fv2%2Fmedia&parent=881"}],"wp:term":[{"taxonomy":"category","embeddable":true,"href":"https:\/\/www.lpdordogne.fr\/index.php?rest_route=%2Fwp%2Fv2%2Fcategories&post=881"},{"taxonomy":"post_tag","embeddable":true,"href":"https:\/\/www.lpdordogne.fr\/index.php?rest_route=%2Fwp%2Fv2%2Ftags&post=881"}],"curies":[{"name":"wp","href":"https:\/\/api.w.org\/{rel}","templated":true}]}}