{"id":843,"date":"2015-11-17T17:05:50","date_gmt":"2015-11-17T16:05:50","guid":{"rendered":"https:\/\/lpdordogne.wordpress.com\/?p=843"},"modified":"2015-11-17T17:05:50","modified_gmt":"2015-11-17T16:05:50","slug":"a-propos-des-tragiques-evenements-du-13-novembre-2015","status":"publish","type":"post","link":"https:\/\/www.lpdordogne.fr\/?p=843","title":{"rendered":"A propos des tragiques \u00e9v\u00e9nements du 13 novembre 2015"},"content":{"rendered":"<h2 class=\"art-postheader\" style=\"text-align:center;\">Le Groupe Fred Zeller s&rsquo;associe pleinement \u00e0 cette d\u00e9claration de la F\u00e9d\u00e9ration Nationale de la Libre Pens\u00e9e :<\/h2>\n<h1 class=\"art-postheader\">A propos des tragiques \u00e9v\u00e9nements du 13 novembre 2015<\/h1>\n<div class=\"art-postcontent art-postcontent-0 clearfix\">\n<div class=\"art-content-layout\">\n<div class=\"art-content-layout-row\">\n<div class=\"art-layout-cell layout-item-0\" style=\"text-align:justify;\">\n<p style=\"text-align:justify;\"><img loading=\"lazy\" decoding=\"async\" class=\"alignleft\" src=\"http:\/\/www.fnlp.fr\/uploads\/images\/edito\/64_big.jpg\" alt=\"\" width=\"100\" height=\"150\" \/>La F\u00e9d\u00e9ration Nationale de la Libre Pens\u00e9e (FNLP) adresse \u00e0 toutes les nombreuses victimes et \u00e0 leurs familles, l\u2019expression de sa plus profonde solidarit\u00e9 dans ces circonstances dramatiques et les assure de son soutien ind\u00e9fectible. <strong>Elle condamne de la mani\u00e8re la plus r\u00e9solue ces attentats ignobles.<\/strong><\/p>\n<p>Il est des moments o\u00f9 les mots n\u2019ont gu\u00e8re de sens quand la barbarie se d\u00e9chaine avec son cort\u00e8ge de morts et de bless\u00e9s. C\u2019est le vide qui vous \u00e9treint. C\u2019est pourquoi, la Libre Pens\u00e9e a tenu \u00e0 attendre quelques jours avant de s\u2019exprimer pour respecter le deuil des familles.<\/p>\n<p><strong>La Libre Pens\u00e9e remercie toutes les nombreuses associations de Libres Penseurs, d\u2019Humanistes, d\u2019Ath\u00e9es, de Rationalistes et de La\u00efques, qui, des 5 continents, lui ont t\u00e9moign\u00e9 leur solidarit\u00e9 \u00e0 cette occasion.<\/strong><\/p>\n<div style=\"text-align:center;\">* * *<\/div>\n<p>La Libre Pens\u00e9e continuera \u00e0 d\u00e9fendre la D\u00e9mocratie, la R\u00e9publique et la La\u00efcit\u00e9, sans c\u00e9der aucunement aux sir\u00e8nes liberticides. Plus que jamais, elle appelle toutes celles et tous ceux qui se reconnaissent dans ces valeurs \u00e0 manifester avec la Libre Pens\u00e9e et de nombreuses associations la\u00efques, syndicales et politiques<\/p>\n<blockquote>\n<h3><\/h3>\n<h3 style=\"padding-left:30px;text-align:justify;\">Tous \u00e0 Paris, 15 h, place de la R\u00e9publique<\/h3>\n<h3 style=\"padding-left:30px;text-align:justify;\">Le 5 d\u00e9cembre 2015<\/h3>\n<h3 style=\"padding-left:30px;text-align:justify;\">Pour la d\u00e9fense et la promotion de la loi de S\u00e9paration des Eglises et de l\u2019Etat du 9 d\u00e9cembre 1905\u00a0!<\/h3>\n<h3 style=\"padding-left:30px;text-align:justify;\">D\u00e9fendons nos libert\u00e9s\u00a0!<\/h3>\n<\/blockquote>\n<div style=\"text-align:justify;\">Paris, le 17 novembre 2015<\/div>\n<p>L<strong>a F\u00e9d\u00e9ration nationale de la Libre Pens\u00e9e a sollicit\u00e9 des autorit\u00e9s, d\u00e8s le 23 F\u00e9vrier 2015, l\u2019autorisation pour cette manifestation. A nouveau, elle s\u2019est adress\u00e9e aujourd\u2019hui au Pr\u00e9fet de Paris pour cela. Elle est dans l\u2019attente de la r\u00e9ponse \u00e0 cette demande. La Libre Pens\u00e9e informe donc du maintien de la manifestation.<\/strong><\/p>\n<\/div>\n<\/div>\n<\/div>\n<\/div>\n","protected":false},"excerpt":{"rendered":"<p>Le Groupe Fred Zeller s&rsquo;associe pleinement \u00e0 cette d\u00e9claration de la F\u00e9d\u00e9ration Nationale de la Libre Pens\u00e9e : A propos des tragiques \u00e9v\u00e9nements du 13 novembre 2015 La F\u00e9d\u00e9ration Nationale de la Libre Pens\u00e9e (FNLP) adresse \u00e0 toutes les nombreuses victimes et \u00e0 leurs familles, l\u2019expression de sa plus profonde solidarit\u00e9 dans ces circonstances dramatiques &hellip; <a href=\"https:\/\/www.lpdordogne.fr\/?p=843\" class=\"more-link\">Continuer la lecture<span class=\"screen-reader-text\"> de &laquo;&nbsp;A propos des tragiques \u00e9v\u00e9nements du 13 novembre 2015&nbsp;&raquo;<\/span><\/a><\/p>\n","protected":false},"author":2,"featured_media":0,"comment_status":"closed","ping_status":"open","sticky":false,"template":"","format":"standard","meta":{"footnotes":""},"categories":[14],"tags":[],"class_list":["post-843","post","type-post","status-publish","format-standard","hentry","category-non-classe"],"_links":{"self":[{"href":"https:\/\/www.lpdordogne.fr\/index.php?rest_route=\/wp\/v2\/posts\/843","targetHints":{"allow":["GET"]}}],"collection":[{"href":"https:\/\/www.lpdordogne.fr\/index.php?rest_route=\/wp\/v2\/posts"}],"about":[{"href":"https:\/\/www.lpdordogne.fr\/index.php?rest_route=\/wp\/v2\/types\/post"}],"author":[{"embeddable":true,"href":"https:\/\/www.lpdordogne.fr\/index.php?rest_route=\/wp\/v2\/users\/2"}],"replies":[{"embeddable":true,"href":"https:\/\/www.lpdordogne.fr\/index.php?rest_route=%2Fwp%2Fv2%2Fcomments&post=843"}],"version-history":[{"count":0,"href":"https:\/\/www.lpdordogne.fr\/index.php?rest_route=\/wp\/v2\/posts\/843\/revisions"}],"wp:attachment":[{"href":"https:\/\/www.lpdordogne.fr\/index.php?rest_route=%2Fwp%2Fv2%2Fmedia&parent=843"}],"wp:term":[{"taxonomy":"category","embeddable":true,"href":"https:\/\/www.lpdordogne.fr\/index.php?rest_route=%2Fwp%2Fv2%2Fcategories&post=843"},{"taxonomy":"post_tag","embeddable":true,"href":"https:\/\/www.lpdordogne.fr\/index.php?rest_route=%2Fwp%2Fv2%2Ftags&post=843"}],"curies":[{"name":"wp","href":"https:\/\/api.w.org\/{rel}","templated":true}]}}