{"id":833,"date":"2015-11-11T20:03:52","date_gmt":"2015-11-11T19:03:52","guid":{"rendered":"https:\/\/lpdordogne.wordpress.com\/?p=833"},"modified":"2015-11-11T20:03:52","modified_gmt":"2015-11-11T19:03:52","slug":"ce-11-novemlbre-le-groupe-fred-zeller-a-gentioux","status":"publish","type":"post","link":"https:\/\/www.lpdordogne.fr\/?p=833","title":{"rendered":"Ce 11 novembre, le Groupe Fred Zeller \u00e0 Gentioux"},"content":{"rendered":"<h2 style=\"text-align:center;\"><\/h2>\n<h2 style=\"text-align:center;\">Gentioux, 11 novembre 2015<\/h2>\n<p style=\"text-align:center;\"><img loading=\"lazy\" decoding=\"async\" class=\"aligncenter wp-image-835 size-large\" src=\"https:\/\/www.lpdordogne.fr\/wp-content\/uploads\/2015\/11\/img_20151111_111452.jpg?w=474\" alt=\"IMG_20151111_111452\" width=\"474\" height=\"356\" \/><\/p>\n<p style=\"text-align:center;\">639 fusill\u00e9s pour l&rsquo;exemple, <a href=\"https:\/\/lpdordogne.wordpress.com\/fusilles-pour-lexemple-les-cinq-de-dordogne\/\">dont 5 de Dordogne<\/a><\/p>\n<p style=\"text-align:center;\">La Libre Pens\u00e9e combat inlassablement pour la r\u00e9habilitation collective des fusill\u00e9s pour l&rsquo;exemple<\/p>\n<p>&nbsp;<\/p>\n","protected":false},"excerpt":{"rendered":"<p>Gentioux, 11 novembre 2015 639 fusill\u00e9s pour l&rsquo;exemple, dont 5 de Dordogne La Libre Pens\u00e9e combat inlassablement pour la r\u00e9habilitation collective des fusill\u00e9s pour l&rsquo;exemple &nbsp;<\/p>\n","protected":false},"author":2,"featured_media":0,"comment_status":"closed","ping_status":"open","sticky":false,"template":"","format":"standard","meta":{"footnotes":""},"categories":[9],"tags":[],"class_list":["post-833","post","type-post","status-publish","format-standard","hentry","category-fusilles-pour-lexemple"],"_links":{"self":[{"href":"https:\/\/www.lpdordogne.fr\/index.php?rest_route=\/wp\/v2\/posts\/833","targetHints":{"allow":["GET"]}}],"collection":[{"href":"https:\/\/www.lpdordogne.fr\/index.php?rest_route=\/wp\/v2\/posts"}],"about":[{"href":"https:\/\/www.lpdordogne.fr\/index.php?rest_route=\/wp\/v2\/types\/post"}],"author":[{"embeddable":true,"href":"https:\/\/www.lpdordogne.fr\/index.php?rest_route=\/wp\/v2\/users\/2"}],"replies":[{"embeddable":true,"href":"https:\/\/www.lpdordogne.fr\/index.php?rest_route=%2Fwp%2Fv2%2Fcomments&post=833"}],"version-history":[{"count":0,"href":"https:\/\/www.lpdordogne.fr\/index.php?rest_route=\/wp\/v2\/posts\/833\/revisions"}],"wp:attachment":[{"href":"https:\/\/www.lpdordogne.fr\/index.php?rest_route=%2Fwp%2Fv2%2Fmedia&parent=833"}],"wp:term":[{"taxonomy":"category","embeddable":true,"href":"https:\/\/www.lpdordogne.fr\/index.php?rest_route=%2Fwp%2Fv2%2Fcategories&post=833"},{"taxonomy":"post_tag","embeddable":true,"href":"https:\/\/www.lpdordogne.fr\/index.php?rest_route=%2Fwp%2Fv2%2Ftags&post=833"}],"curies":[{"name":"wp","href":"https:\/\/api.w.org\/{rel}","templated":true}]}}