{"id":75,"date":"2014-12-03T19:09:55","date_gmt":"2014-12-03T18:09:55","guid":{"rendered":"http:\/\/lpdordogne.wordpress.com\/?p=75"},"modified":"2014-12-03T19:09:55","modified_gmt":"2014-12-03T18:09:55","slug":"le-groupe-fred-zeller-recu-sur-rlp","status":"publish","type":"post","link":"https:\/\/www.lpdordogne.fr\/?p=75","title":{"rendered":"Le Groupe Fred Zeller re\u00e7u sur RLP"},"content":{"rendered":"<p><a href=\"http:\/\/youtu.be\/tYxiiB4zYME\" target=\"_blank\" rel=\"noopener\"><img loading=\"lazy\" decoding=\"async\" class=\"wp-image-96 size-large aligncenter\" src=\"https:\/\/www.lpdordogne.fr\/wp-content\/uploads\/2014\/12\/rlp.jpg?w=474\" alt=\"RLP\" width=\"474\" height=\"291\" srcset=\"https:\/\/www.lpdordogne.fr\/wp-content\/uploads\/2014\/12\/rlp.jpg 490w, https:\/\/www.lpdordogne.fr\/wp-content\/uploads\/2014\/12\/rlp-300x184.jpg 300w\" sizes=\"auto, (max-width: 474px) 85vw, 474px\" \/><\/a>Lundi 1er d\u00e9cembre, Radios Libres en P\u00e9rigord (RLP) recevait le Groupe Fred Zeller, repr\u00e9sent\u00e9 par\u00a0Jean-Jacques Bri\u00e8re de Lisle et Philippe Bonn.<\/p>\n<p><a href=\"http:\/\/youtu.be\/tYxiiB4zYME\" target=\"_blank\" rel=\"noopener\">Ecoutez l&rsquo;enregistrement de cette \u00e9mission<\/a><\/p>\n","protected":false},"excerpt":{"rendered":"<p>Lundi 1er d\u00e9cembre, Radios Libres en P\u00e9rigord (RLP) recevait le Groupe Fred Zeller, repr\u00e9sent\u00e9 par\u00a0Jean-Jacques Bri\u00e8re de Lisle et Philippe Bonn. Ecoutez l&rsquo;enregistrement de cette \u00e9mission<\/p>\n","protected":false},"author":2,"featured_media":0,"comment_status":"open","ping_status":"open","sticky":false,"template":"","format":"standard","meta":{"footnotes":""},"categories":[20],"tags":[],"class_list":["post-75","post","type-post","status-publish","format-standard","hentry","category-rlp"],"_links":{"self":[{"href":"https:\/\/www.lpdordogne.fr\/index.php?rest_route=\/wp\/v2\/posts\/75","targetHints":{"allow":["GET"]}}],"collection":[{"href":"https:\/\/www.lpdordogne.fr\/index.php?rest_route=\/wp\/v2\/posts"}],"about":[{"href":"https:\/\/www.lpdordogne.fr\/index.php?rest_route=\/wp\/v2\/types\/post"}],"author":[{"embeddable":true,"href":"https:\/\/www.lpdordogne.fr\/index.php?rest_route=\/wp\/v2\/users\/2"}],"replies":[{"embeddable":true,"href":"https:\/\/www.lpdordogne.fr\/index.php?rest_route=%2Fwp%2Fv2%2Fcomments&post=75"}],"version-history":[{"count":0,"href":"https:\/\/www.lpdordogne.fr\/index.php?rest_route=\/wp\/v2\/posts\/75\/revisions"}],"wp:attachment":[{"href":"https:\/\/www.lpdordogne.fr\/index.php?rest_route=%2Fwp%2Fv2%2Fmedia&parent=75"}],"wp:term":[{"taxonomy":"category","embeddable":true,"href":"https:\/\/www.lpdordogne.fr\/index.php?rest_route=%2Fwp%2Fv2%2Fcategories&post=75"},{"taxonomy":"post_tag","embeddable":true,"href":"https:\/\/www.lpdordogne.fr\/index.php?rest_route=%2Fwp%2Fv2%2Ftags&post=75"}],"curies":[{"name":"wp","href":"https:\/\/api.w.org\/{rel}","templated":true}]}}