{"id":698,"date":"2015-10-07T22:49:24","date_gmt":"2015-10-07T21:49:24","guid":{"rendered":"https:\/\/lpdordogne.wordpress.com\/?p=698"},"modified":"2015-10-07T22:49:24","modified_gmt":"2015-10-07T21:49:24","slug":"quest-ce-que-la-laicite-pierre-gueguen","status":"publish","type":"post","link":"https:\/\/www.lpdordogne.fr\/?p=698","title":{"rendered":"Qu&rsquo;est-ce que la la\u00efcit\u00e9 ? (Pierre Gueguen)"},"content":{"rendered":"<p style=\"text-align:justify;\"><a href=\"https:\/\/www.lpdordogne.fr\/wp-content\/uploads\/2015\/10\/gueguen.jpg\"><img loading=\"lazy\" decoding=\"async\" class=\"alignleft size-medium wp-image-666\" src=\"https:\/\/www.lpdordogne.fr\/wp-content\/uploads\/2015\/10\/gueguen.jpg?w=253\" alt=\"gueguen\" width=\"253\" height=\"300\" srcset=\"https:\/\/www.lpdordogne.fr\/wp-content\/uploads\/2015\/10\/gueguen.jpg 768w, https:\/\/www.lpdordogne.fr\/wp-content\/uploads\/2015\/10\/gueguen-253x300.jpg 253w\" sizes=\"auto, (max-width: 253px) 85vw, 253px\" \/><\/a><\/p>\n<p><strong>4 octobre 2015 \u2013 St L\u00e9on<br \/>\n<\/strong>\u2014\u2014\u2014\u2014\u2014\u2014-<br \/>\n<strong>Journ\u00e9e des f\u00e9d\u00e9rations de la Libre Pens\u00e9e du Sud-Ouest<br \/>\n\u2014\u2014\u2014\u2014\u2014\u2014-<br \/>\nExtraits de la conf\u00e9rence de Pierre Gueguen (LP Haute Garonne)<\/strong><\/p>\n<p><strong>\u00ab\u00a0<em>Qu&rsquo;est-ce que la la\u00efcit\u00e9 ?<\/em>\u00ab\u00a0<\/strong><br \/>\n<!--more--><\/p>\n<p style=\"text-align:justify;\">\u00ab\u00a0<em>La conception d&rsquo;une la\u00efcit\u00e9 qui serait le \u00ab\u00a0vivre ensemble\u00a0\u00bb, c&rsquo;est, en fait, une n\u00e9gation de la la\u00efcit\u00e9 qui est n\u00e9e de la loi de 1905 de s\u00e9paration des Eglises et de l&rsquo;Etat.<\/em><br \/>\n<em>Le \u00ab\u00a0vivre ensemble\u00a0\u00bb, c&rsquo;est l&rsquo;enfermement des communaut\u00e9s par la multiplication de concordats locaux qui ne disent pas leur nom, c&rsquo;est la multiplication des conseils cultuels, des observatoires&#8230;\u00a0\u00bb<\/em><br \/>\n<em>La la\u00efcit\u00e9 n&rsquo;est pas la succession des \u00e9missions religieuses telle qu&rsquo;on le voit le dimanche matin sur France2, cha\u00eene de t\u00e9l\u00e9vision publique<\/em>&#8230;\u00a0\u00bb<br \/>\n\u00ab\u00a0<em>la la\u00efcit\u00e9 implique que la R\u00e9publique permette l&rsquo;\u00e9panouissement de la libert\u00e9 de conscience et cela, c&rsquo;est l&rsquo;article 1 de la loi de 1905 &#8230;\u00a0\u00bb<\/em><br \/>\n<em>\u00ab\u00a0La loi de 1905 est con\u00e7ue \u00e0 partir de l&rsquo;existence de deux sph\u00e8res, la sph\u00e8re publique, la sph\u00e8re priv\u00e9e&#8230;\u00a0Il faudrait une 3\u00e8me sph\u00e8re &#8230; c&rsquo;est tout ce qui est aujourd&rsquo;hui du domaine de la libert\u00e9,\u00a0&#8230; c&rsquo;est la police partout, c&rsquo;est la surveillance partout, et la la\u00efcit\u00e9 deviendrait donc un instrument de police ; c&rsquo;est \u00a0exactement le co,ntraire de l&rsquo;esprit des r\u00e9dacteurs de la loi de 1905 , c&rsquo;est une conception de la la\u00efcit\u00e9 compl\u00e8tement liberticide&#8230;\u00a0\u00bb<br \/>\n<\/em><em>\u00ab\u00a0Dire la loi de 1905, c&rsquo;est une loi de libert\u00e9 religieuse est un contresens total, elle est essentiellement une loi de libert\u00e9 de conscience, et elle garantit le libre exercice des cultes.<\/em>\u00a0\u00bb<br \/>\n\u00ab\u00a0<em>La loi de 1905 ne peut \u00eatre sans arr\u00eat remise en cause au nom d&rsquo;adaptations \u00e0 des \u00e9volutions du paysage religieux,\u00a0c&rsquo;est le sens de la manifestation du 5 d\u00e9cembre<\/em>\u00ab\u00a0<\/p>\n","protected":false},"excerpt":{"rendered":"<p>4 octobre 2015 \u2013 St L\u00e9on \u2014\u2014\u2014\u2014\u2014\u2014- Journ\u00e9e des f\u00e9d\u00e9rations de la Libre Pens\u00e9e du Sud-Ouest \u2014\u2014\u2014\u2014\u2014\u2014- Extraits de la conf\u00e9rence de Pierre Gueguen (LP Haute Garonne) \u00ab\u00a0Qu&rsquo;est-ce que la la\u00efcit\u00e9 ?\u00ab\u00a0<\/p>\n","protected":false},"author":2,"featured_media":0,"comment_status":"closed","ping_status":"open","sticky":false,"template":"","format":"standard","meta":{"footnotes":""},"categories":[5],"tags":[],"class_list":["post-698","post","type-post","status-publish","format-standard","hentry","category-conferences"],"_links":{"self":[{"href":"https:\/\/www.lpdordogne.fr\/index.php?rest_route=\/wp\/v2\/posts\/698","targetHints":{"allow":["GET"]}}],"collection":[{"href":"https:\/\/www.lpdordogne.fr\/index.php?rest_route=\/wp\/v2\/posts"}],"about":[{"href":"https:\/\/www.lpdordogne.fr\/index.php?rest_route=\/wp\/v2\/types\/post"}],"author":[{"embeddable":true,"href":"https:\/\/www.lpdordogne.fr\/index.php?rest_route=\/wp\/v2\/users\/2"}],"replies":[{"embeddable":true,"href":"https:\/\/www.lpdordogne.fr\/index.php?rest_route=%2Fwp%2Fv2%2Fcomments&post=698"}],"version-history":[{"count":0,"href":"https:\/\/www.lpdordogne.fr\/index.php?rest_route=\/wp\/v2\/posts\/698\/revisions"}],"wp:attachment":[{"href":"https:\/\/www.lpdordogne.fr\/index.php?rest_route=%2Fwp%2Fv2%2Fmedia&parent=698"}],"wp:term":[{"taxonomy":"category","embeddable":true,"href":"https:\/\/www.lpdordogne.fr\/index.php?rest_route=%2Fwp%2Fv2%2Fcategories&post=698"},{"taxonomy":"post_tag","embeddable":true,"href":"https:\/\/www.lpdordogne.fr\/index.php?rest_route=%2Fwp%2Fv2%2Ftags&post=698"}],"curies":[{"name":"wp","href":"https:\/\/api.w.org\/{rel}","templated":true}]}}