{"id":673,"date":"2015-10-05T18:31:56","date_gmt":"2015-10-05T17:31:56","guid":{"rendered":"https:\/\/lpdordogne.wordpress.com\/?p=673"},"modified":"2015-10-05T18:31:56","modified_gmt":"2015-10-05T17:31:56","slug":"sur-la-separation-des-eglises-et-de-letat-aux-etats-unis-p-besson","status":"publish","type":"post","link":"https:\/\/www.lpdordogne.fr\/?p=673","title":{"rendered":"Sur la S\u00e9paration des Eglises et de l\u2019Etat  aux Etats-Unis (P. Besson)"},"content":{"rendered":"<figure id=\"attachment_665\" aria-describedby=\"caption-attachment-665\" style=\"width: 247px\" class=\"wp-caption alignleft\"><a href=\"https:\/\/www.lpdordogne.fr\/wp-content\/uploads\/2015\/10\/besson.jpg\"><img loading=\"lazy\" decoding=\"async\" class=\"wp-image-665 size-medium\" src=\"https:\/\/www.lpdordogne.fr\/wp-content\/uploads\/2015\/10\/besson.jpg?w=247\" alt=\"besson\" width=\"247\" height=\"300\" srcset=\"https:\/\/www.lpdordogne.fr\/wp-content\/uploads\/2015\/10\/besson.jpg 700w, https:\/\/www.lpdordogne.fr\/wp-content\/uploads\/2015\/10\/besson-247x300.jpg 247w\" sizes=\"auto, (max-width: 247px) 85vw, 247px\" \/><\/a><figcaption id=\"caption-attachment-665\" class=\"wp-caption-text\">Philippe Besson (LP Cantal)<\/figcaption><\/figure>\n<p style=\"text-align:center;\"><strong><br \/>\n4 octobre 2015 &#8211; St L\u00e9on<br \/>\n<\/strong>&#8212;&#8212;&#8212;&#8212;&#8212;&#8212;-<br \/>\n<strong>Journ\u00e9e des f\u00e9d\u00e9rations de la Libre Pens\u00e9e du Sud-Ouest<br \/>\n&#8212;&#8212;&#8212;&#8212;&#8212;&#8212;-<br \/>\nExtraits de la conf\u00e9rence de Philippe Besson (LP Cantal)<\/strong><\/p>\n<p style=\"text-align:center;\"><strong>\u00ab\u00a0<em>Sur la S\u00e9paration des Eglises et de l\u2019Etat aux Etats-Unis<\/em>\u00ab\u00a0<\/strong><\/p>\n<p><!--more--><\/p>\n<p style=\"text-align:left;\">\u00ab\u00a0<em>Le Premier Amendement<\/em> [de la constitution am\u00e9ricaine -NDLR] <em>pr\u00e9cise que \u00ab le Congr\u00e8s ne votera aucune loi \u00e9tablissant une religion quelconque comme religion d\u2019\u00c9tat \u00bb, ce qui en clair implique une rupture compl\u00e8te avec l\u2019ordre juridique britannique : la monarchie de droit divin \u00e9tait fond\u00e9e sur une religion d\u2019\u00c9tat, la religion anglicane ; la r\u00e9publique am\u00e9ricaine sera sans religion.<\/em>\u00a0\u00bb &#8230;<\/p>\n<p>\u00ab\u00a0<em>La situation am\u00e9ricaine est paradoxale. L\u2019espace public est satur\u00e9 de pri\u00e8res, de serments et de comm\u00e9morations religieuses, de signes et d\u2019objets religieux, et pourtant il existe bien une la\u00efcit\u00e9 am\u00e9ricaine, fond\u00e9e sur la constitution des \u00c9tats-Unis, dont les gardiens sont, aujourd\u2019hui encore, une majorit\u00e9 des juges de la Cour supr\u00eame. <\/em><br \/>\n<em>Gr\u00e2ce \u00e0 ceux-ci, les pri\u00e8res restent interdites dans les \u00e9coles publiques ; les \u00e9coles religieuses ne sont pas directement financ\u00e9es par l\u2019\u00c9tat ; les cr\u00e8ches, les Tables de la Loi, les croix latines ne sont pas autoris\u00e9es dans l\u2019espace public, sauf si leur signification est s\u00e9cularis\u00e9e par la pr\u00e9sence d\u2019autres objets profanes ou une vieille tradition culturelle qui efface leur nature religieuse.<\/em> \u00a0\u00bb &#8230;<\/p>\n<p>\u00ab\u00a0<em>En fin de compte, les principes invoqu\u00e9s : la neutralit\u00e9 de l\u2019\u00c9tat, la libert\u00e9 de conscience, le pluralisme religieux, le respect pour les opinions religieuses et non-religieuses, l\u2019\u00e9galit\u00e9 des citoyens, la s\u00e9paration des \u00c9glises et l\u2019\u00c9tat sont des principes universels qui diff\u00e8rent peu des principes affirm\u00e9s dans notre R\u00e9publique, m\u00eame si leur application, pour des raisons historiques \u00e9videntes, divergent profond\u00e9ment.<\/em>\u00a0\u00bb<\/p>\n<figure id=\"attachment_677\" aria-describedby=\"caption-attachment-677\" style=\"width: 212px\" class=\"wp-caption alignleft\"><a href=\"https:\/\/www.lpdordogne.fr\/wp-content\/uploads\/2015\/10\/il-266.jpg\"><img loading=\"lazy\" decoding=\"async\" class=\"size-medium wp-image-677\" src=\"https:\/\/www.lpdordogne.fr\/wp-content\/uploads\/2015\/10\/il-266.jpg?w=212\" alt=\"L'id\u00e9e libre N\u00b0 204\" width=\"212\" height=\"300\" srcset=\"https:\/\/www.lpdordogne.fr\/wp-content\/uploads\/2015\/10\/il-266.jpg 365w, https:\/\/www.lpdordogne.fr\/wp-content\/uploads\/2015\/10\/il-266-212x300.jpg 212w\" sizes=\"auto, (max-width: 212px) 85vw, 212px\" \/><\/a><figcaption id=\"caption-attachment-677\" class=\"wp-caption-text\">L&rsquo;id\u00e9e libre N\u00b0 204<\/figcaption><\/figure>\n<p style=\"text-align:justify;\">\u00e0 lire, pour en savoir plus sur ce sujet, l&rsquo;id\u00e9e libre N\u00b0 266 :<br \/>\n<strong><em>Libert\u00e9 de conscience,\u00a0<\/em><\/strong><br \/>\n<strong><em>S\u00e9paration de l&rsquo;Eglise et de l&rsquo;Etat,<\/em><\/strong><br \/>\n<strong><em>bigoterie, ath\u00e9isme<\/em><\/strong><br \/>\n<strong><em>aux Etats-Unis.<\/em><\/strong><\/p>\n<p style=\"text-align:justify;\">pour\u00a0se procurer cette revue,\u00a0utilisez le formulaire ci-dessous<br \/>\n(le texte int\u00e9gral de l&rsquo;expos\u00e9 de P. Besson sera ins\u00e9r\u00e9)<br \/>\n(prix: 5\u20ac+ frais postaux \u00e9ventuels)<\/p>\n<p>&nbsp;<\/p>\n<p class=\"wpcf7-contact-form-not-found\"><strong>Erreur\u00a0:<\/strong> Formulaire de contact non trouv\u00e9\u00a0!<\/p>\n","protected":false},"excerpt":{"rendered":"<p>4 octobre 2015 &#8211; St L\u00e9on &#8212;&#8212;&#8212;&#8212;&#8212;&#8212;- Journ\u00e9e des f\u00e9d\u00e9rations de la Libre Pens\u00e9e du Sud-Ouest &#8212;&#8212;&#8212;&#8212;&#8212;&#8212;- Extraits de la conf\u00e9rence de Philippe Besson (LP Cantal) \u00ab\u00a0Sur la S\u00e9paration des Eglises et de l\u2019Etat aux Etats-Unis\u00ab\u00a0<\/p>\n","protected":false},"author":2,"featured_media":0,"comment_status":"closed","ping_status":"open","sticky":false,"template":"","format":"standard","meta":{"footnotes":""},"categories":[5],"tags":[27,31,33],"class_list":["post-673","post","type-post","status-publish","format-standard","hentry","category-conferences","tag-bigoterie","tag-etats-unis","tag-liberte-de-conscience"],"_links":{"self":[{"href":"https:\/\/www.lpdordogne.fr\/index.php?rest_route=\/wp\/v2\/posts\/673","targetHints":{"allow":["GET"]}}],"collection":[{"href":"https:\/\/www.lpdordogne.fr\/index.php?rest_route=\/wp\/v2\/posts"}],"about":[{"href":"https:\/\/www.lpdordogne.fr\/index.php?rest_route=\/wp\/v2\/types\/post"}],"author":[{"embeddable":true,"href":"https:\/\/www.lpdordogne.fr\/index.php?rest_route=\/wp\/v2\/users\/2"}],"replies":[{"embeddable":true,"href":"https:\/\/www.lpdordogne.fr\/index.php?rest_route=%2Fwp%2Fv2%2Fcomments&post=673"}],"version-history":[{"count":0,"href":"https:\/\/www.lpdordogne.fr\/index.php?rest_route=\/wp\/v2\/posts\/673\/revisions"}],"wp:attachment":[{"href":"https:\/\/www.lpdordogne.fr\/index.php?rest_route=%2Fwp%2Fv2%2Fmedia&parent=673"}],"wp:term":[{"taxonomy":"category","embeddable":true,"href":"https:\/\/www.lpdordogne.fr\/index.php?rest_route=%2Fwp%2Fv2%2Fcategories&post=673"},{"taxonomy":"post_tag","embeddable":true,"href":"https:\/\/www.lpdordogne.fr\/index.php?rest_route=%2Fwp%2Fv2%2Ftags&post=673"}],"curies":[{"name":"wp","href":"https:\/\/api.w.org\/{rel}","templated":true}]}}