{"id":66,"date":"2014-01-01T09:14:27","date_gmt":"2014-01-01T08:14:27","guid":{"rendered":"http:\/\/lpdordogne.wordpress.com\/?p=66"},"modified":"2014-01-01T09:14:27","modified_gmt":"2014-01-01T08:14:27","slug":"front-laique-n-1","status":"publish","type":"post","link":"https:\/\/www.lpdordogne.fr\/?p=66","title":{"rendered":"FRONT LA\u00cfQUE N\u00b0 1"},"content":{"rendered":"<p style=\"text-align:center;\">\u00a0 Le N\u00b01 de Front La\u00efque a \u00e9t\u00e9 publi\u00e9 en f\u00e9vrier 1993.<\/p>\n<p style=\"text-align:center;\"><a href=\"https:\/\/www.lpdordogne.fr\/wp-content\/uploads\/2015\/01\/fl1.pdf\"><img loading=\"lazy\" decoding=\"async\" class=\"aligncenter wp-image-157 size-medium\" src=\"https:\/\/www.lpdordogne.fr\/wp-content\/uploads\/2015\/01\/fl1-p1.jpg?w=202\" alt=\"FL1-P1\" width=\"202\" height=\"300\" srcset=\"https:\/\/www.lpdordogne.fr\/wp-content\/uploads\/2015\/01\/fl1-p1.jpg 1472w, https:\/\/www.lpdordogne.fr\/wp-content\/uploads\/2015\/01\/fl1-p1-202x300.jpg 202w, https:\/\/www.lpdordogne.fr\/wp-content\/uploads\/2015\/01\/fl1-p1-690x1024.jpg 690w, https:\/\/www.lpdordogne.fr\/wp-content\/uploads\/2015\/01\/fl1-p1-768x1141.jpg 768w, https:\/\/www.lpdordogne.fr\/wp-content\/uploads\/2015\/01\/fl1-p1-1034x1536.jpg 1034w, https:\/\/www.lpdordogne.fr\/wp-content\/uploads\/2015\/01\/fl1-p1-1379x2048.jpg 1379w\" sizes=\"auto, (max-width: 202px) 85vw, 202px\" \/><\/a>\u00a0clique sur l&rsquo;image pour consulter Front La\u00efque N\u00b01<\/p>\n<p style=\"text-align:center;\">\n","protected":false},"excerpt":{"rendered":"<p>\u00a0 Le N\u00b01 de Front La\u00efque a \u00e9t\u00e9 publi\u00e9 en f\u00e9vrier 1993. \u00a0clique sur l&rsquo;image pour consulter Front La\u00efque N\u00b01<\/p>\n","protected":false},"author":2,"featured_media":0,"comment_status":"open","ping_status":"open","sticky":false,"template":"","format":"standard","meta":{"footnotes":""},"categories":[22],"tags":[],"class_list":["post-66","post","type-post","status-publish","format-standard","hentry","category-front-laique"],"_links":{"self":[{"href":"https:\/\/www.lpdordogne.fr\/index.php?rest_route=\/wp\/v2\/posts\/66","targetHints":{"allow":["GET"]}}],"collection":[{"href":"https:\/\/www.lpdordogne.fr\/index.php?rest_route=\/wp\/v2\/posts"}],"about":[{"href":"https:\/\/www.lpdordogne.fr\/index.php?rest_route=\/wp\/v2\/types\/post"}],"author":[{"embeddable":true,"href":"https:\/\/www.lpdordogne.fr\/index.php?rest_route=\/wp\/v2\/users\/2"}],"replies":[{"embeddable":true,"href":"https:\/\/www.lpdordogne.fr\/index.php?rest_route=%2Fwp%2Fv2%2Fcomments&post=66"}],"version-history":[{"count":0,"href":"https:\/\/www.lpdordogne.fr\/index.php?rest_route=\/wp\/v2\/posts\/66\/revisions"}],"wp:attachment":[{"href":"https:\/\/www.lpdordogne.fr\/index.php?rest_route=%2Fwp%2Fv2%2Fmedia&parent=66"}],"wp:term":[{"taxonomy":"category","embeddable":true,"href":"https:\/\/www.lpdordogne.fr\/index.php?rest_route=%2Fwp%2Fv2%2Fcategories&post=66"},{"taxonomy":"post_tag","embeddable":true,"href":"https:\/\/www.lpdordogne.fr\/index.php?rest_route=%2Fwp%2Fv2%2Ftags&post=66"}],"curies":[{"name":"wp","href":"https:\/\/api.w.org\/{rel}","templated":true}]}}