{"id":4445,"date":"2026-01-05T14:02:43","date_gmt":"2026-01-05T14:02:43","guid":{"rendered":"https:\/\/www.lpdordogne.fr\/?p=4445"},"modified":"2026-01-05T14:03:05","modified_gmt":"2026-01-05T14:03:05","slug":"le-groupe-fred-zeller-sur-rlp-5-janvier-2026","status":"publish","type":"post","link":"https:\/\/www.lpdordogne.fr\/?p=4445","title":{"rendered":"Le groupe Fred Zeller sur RLP : 5 janvier 2026"},"content":{"rendered":"\n<h2 class=\"wp-block-heading\"><strong>Sommaire de la chronique du 5 janvier 2026 <\/strong><\/h2>\n\n\n\n<ul class=\"wp-block-list\">\n<li>Voeux pour 2026<\/li>\n\n\n\n<li><strong>Soutien au peuple du Venezuela : rassemblement ce lundi 5 janvier<\/strong>\n<ul class=\"wp-block-list\">\n<li>Entre politique et po\u00e9tique. &#8211; \u00c0 propos d\u2019un colloque international sur Gaza au Coll\u00e8ge de France<\/li>\n<\/ul>\n<\/li>\n\n\n\n<li>Choix musical : Helmiya El Galal et Aya Khalaf \u00ab Ya Zarif al-Tul\u00ab , chanson palestinienne<\/li>\n\n\n\n<li>Quel \u00c9tat Palestinien ? &#8211; Le droit \u00e0 l\u2019autod\u00e9termination est indivisible<\/li>\n<\/ul>\n\n\n\n<div class=\"wp-block-buttons is-content-justification-center is-layout-flex wp-container-core-buttons-is-layout-16018d1d wp-block-buttons-is-layout-flex\">\n<div class=\"wp-block-button\"><a class=\"wp-block-button__link has-dark-red-background-color has-background has-text-align-center wp-element-button\" href=\"https:\/\/www.radioslibresenperigord.com\/wp-content\/podcasts\/\/libre-pensee\/2026.01.05%20Libre%20Pens%C3%A9e%2C%20Entre%20politique%20et%20po%C3%A9tique%2C%20suite%20au%20colloque%20international%20sur%20Gaza%20au%20Coll%C3%A8ge%20de%20France%20.mp3?_=1\" target=\"_blank\" rel=\"noreferrer noopener\">\u00e9couter CETTE CHRONIQUE<\/a><\/div>\n<\/div>\n\n\n\n<!--more-->\n\n\n\n<hr class=\"wp-block-separator has-alpha-channel-opacity\"\/>\n\n\n\n<p><strong>Introduction musicale<\/strong> : Le Forgeron de la Paix [0&rsquo;00\u00a0\u00bb &#8211; 0&rsquo;25\u00a0\u00bb]<\/p>\n\n\n\n<hr class=\"wp-block-separator has-alpha-channel-opacity\"\/>\n\n\n\n<h2 class=\"wp-block-heading\"><strong>Voeux pour 2026<\/strong><\/h2>\n\n\n\n<hr class=\"wp-block-separator has-alpha-channel-opacity\"\/>\n\n\n\n<h2 class=\"wp-block-heading\">Entre politique et po\u00e9tique. &#8211; \u00c0 propos d\u2019un colloque international sur Gaza au Coll\u00e8ge de France<\/h2>\n\n\n\n<p style=\"text-align: justify;\">Depuis deux ans, la censure des autorit\u00e9s acad\u00e9miques et gouvernementales, sous la pression de groupes et de r\u00e9seaux, a conduit \u00e0 des annulations d\u2019\u00e9v\u00e9nements scientifiques. C\u2019est dire la signification du colloque public qui s\u2019est tenu au Coll\u00e8ge de France le 17 d\u00e9cembre 2025, intitul\u00e9 \u00ab Politics and Poetics on the Ruins of Gaza \u00bb. Parler de ruines n\u2019est certes pas sans poser probl\u00e8me. Mais dire les ruines, c\u2019est faire exister une m\u00e9moire qu&rsquo;Isra\u00ebl cherche \u00e0 effacer.&nbsp;<\/p>\n\n\n\n<div data-wp-interactive=\"core\/file\" class=\"wp-block-file\"><object data-wp-bind--hidden=\"!state.hasPdfPreview\" hidden class=\"wp-block-file__embed\" data=\"https:\/\/www.lpdordogne.fr\/wp-content\/uploads\/2026\/01\/Entre-politique-et-poetique.-A-propos-dun-colloque-international-sur-Gaza-au-College-de-France-_-Le-Club.pdf\" type=\"application\/pdf\" style=\"width:100%;height:600px\" aria-label=\"Contenu embarqu\u00e9 Entre politique et po\u00e9tique. - \u00c0 propos d&apos;un colloque international sur Gaza au Coll\u00e8ge de France _ Le Club.\"><\/object><a id=\"wp-block-file--media-09458a4e-3c8f-4ff1-9f1a-80de2ebd0ca5\" href=\"https:\/\/www.lpdordogne.fr\/wp-content\/uploads\/2026\/01\/Entre-politique-et-poetique.-A-propos-dun-colloque-international-sur-Gaza-au-College-de-France-_-Le-Club.pdf\">Entre politique et po\u00e9tique. &#8211; \u00c0 propos d&rsquo;un colloque international sur Gaza au Coll\u00e8ge de France _ Le Club<\/a><a href=\"https:\/\/www.lpdordogne.fr\/wp-content\/uploads\/2026\/01\/Entre-politique-et-poetique.-A-propos-dun-colloque-international-sur-Gaza-au-College-de-France-_-Le-Club.pdf\" class=\"wp-block-file__button wp-element-button\" download aria-describedby=\"wp-block-file--media-09458a4e-3c8f-4ff1-9f1a-80de2ebd0ca5\">T\u00e9l\u00e9charger<\/a><\/div>\n\n\n\n<hr class=\"wp-block-separator has-alpha-channel-opacity\"\/>\n\n\n\n<h3 class=\"wp-block-heading\">Choix musical : Helmiya El Galal et Aya Khalaf \u00ab Ya Zarif al-Tul\u00ab , chanson palestinienne<\/h3>\n\n\n\n<figure class=\"wp-block-embed is-type-video is-provider-youtube wp-block-embed-youtube wp-embed-aspect-16-9 wp-has-aspect-ratio\"><div class=\"wp-block-embed__wrapper\">\n<iframe loading=\"lazy\" title=\"\u062d\u0644\u0645\u064a\u0629 \u0627\u0644\u062c\u0644\u0627\u0644 \u0648 \u0622\u064a\u0629 \u062e\u0644\u0641 - \u064a\u0627 \u0638\u0631\u064a\u0641 \u0627\u0644\u0637\u0648\u0644 \u0645\u0639 #\u0622\u064a\u0629_\u062e\u0644\u0641\" width=\"840\" height=\"473\" src=\"https:\/\/www.youtube.com\/embed\/lNKlZQ6fA7w?feature=oembed\" frameborder=\"0\" allow=\"accelerometer; autoplay; clipboard-write; encrypted-media; gyroscope; picture-in-picture; web-share\" referrerpolicy=\"strict-origin-when-cross-origin\" allowfullscreen><\/iframe>\n<\/div><\/figure>\n\n\n\n<p style=\"text-align: justify;\">\u00a0La chanson palestinienne la plus connue est sans doute \u00ab Ya Zarif al-Tul\u00ab , qui s\u2019est r\u00e9pandue dans toute la Palestine historique et dans les communaut\u00e9s palestiniennes de la diaspora. Cette chanson est ant\u00e9rieure \u00e0 la Nakba et s\u2019est r\u00e9pandue pendant la p\u00e9riode du mandat britannique. Chant\u00e9e \u00e0 l\u2019origine pour d\u00e9signer un Palestinien \u00ab grand et beau \u00bb (zarif al-tul) qui avait r\u00e9sist\u00e9 avec succ\u00e8s aux attaques des forces sionistes contre un village, la chanson s\u2019est transform\u00e9e et a pris des significations diff\u00e9rentes dans les d\u00e9cennies qui ont suivi la Nakba.<\/p>\n<p>(Source : agence Medias Palestine &#8211; <a href=\"https:\/\/agencemediapalestine.fr\/blog\/2023\/06\/06\/75-ans-apres-la-nakba-les-palestiniens-de-gaza-preservent-leur-heritage-par-la-chanson\/\" target=\"_blank\" rel=\"noopener\">Article \u00ab\u00a075 ans apr\u00e8s la Nakba, les Palestiniens de Gaza pr\u00e9servent leur h\u00e9ritage par la chanson\u00a0\u00bb<\/a>)<\/p>\n<p style=\"text-align: justify;\">\u00a0<\/p>\n\n\n\n<hr class=\"wp-block-separator has-alpha-channel-opacity\"\/>\n\n\n\n<h2 class=\"wp-block-heading\">Quel \u00c9tat Palestinien ? &#8211; Le droit \u00e0 l\u2019autod\u00e9termination est indivisible<\/h2>\n\n\n\n<p style=\"text-align: justify;\">Les reconnaissances internationales successives de ce que l\u2019on appelle \u00ab l\u2019\u00c9tat palestinien \u00bb sont pr\u00e9sent\u00e9es comme un accomplissement politique historique, alors qu\u2019elles ne constituent en r\u00e9alit\u00e9 qu\u2019un recyclage d\u2019une vieille illusion, promue au d\u00e9triment de l\u2019essence m\u00eame de la cause palestinienne.<\/p>\n\n\n\n<div data-wp-interactive=\"core\/file\" class=\"wp-block-file\"><object data-wp-bind--hidden=\"!state.hasPdfPreview\" hidden class=\"wp-block-file__embed\" data=\"https:\/\/www.lpdordogne.fr\/wp-content\/uploads\/2026\/01\/Quel-Etat-Palestinien-_-Le-droit-a-lautodetermination-est-indivisible-_-Le-Club.pdf\" type=\"application\/pdf\" style=\"width:100%;height:600px\" aria-label=\"Contenu embarqu\u00e9 Quel \u00c9tat Palestinien _ - Le droit \u00e0 l&apos;autod\u00e9termination est indivisible _ Le Club.\"><\/object><a id=\"wp-block-file--media-a2d6c2da-e816-43dd-8ca0-33a4827a10fd\" href=\"https:\/\/www.lpdordogne.fr\/wp-content\/uploads\/2026\/01\/Quel-Etat-Palestinien-_-Le-droit-a-lautodetermination-est-indivisible-_-Le-Club.pdf\">Quel \u00c9tat Palestinien _ &#8211; Le droit \u00e0 l&rsquo;autod\u00e9termination est indivisible _ Le Club<\/a><a href=\"https:\/\/www.lpdordogne.fr\/wp-content\/uploads\/2026\/01\/Quel-Etat-Palestinien-_-Le-droit-a-lautodetermination-est-indivisible-_-Le-Club.pdf\" class=\"wp-block-file__button wp-element-button\" download aria-describedby=\"wp-block-file--media-a2d6c2da-e816-43dd-8ca0-33a4827a10fd\">T\u00e9l\u00e9charger<\/a><\/div>\n\n\n\n<hr class=\"wp-block-separator has-alpha-channel-opacity\"\/>\n\n\n\n<div class=\"wp-block-buttons is-content-justification-center is-layout-flex wp-container-core-buttons-is-layout-16018d1d wp-block-buttons-is-layout-flex\">\n<div class=\"wp-block-button\"><a class=\"wp-block-button__link has-dark-red-background-color has-background has-text-align-center wp-element-button\" href=\"https:\/\/www.radioslibresenperigord.com\/wp-content\/podcasts\/\/libre-pensee\/2026.01.05%20Libre%20Pens%C3%A9e%2C%20Entre%20politique%20et%20po%C3%A9tique%2C%20suite%20au%20colloque%20international%20sur%20Gaza%20au%20Coll%C3%A8ge%20de%20France%20.mp3?_=1\" target=\"_blank\" rel=\"noreferrer noopener\">\u00e9couter CETTE CHRONIQUE<\/a><\/div>\n<\/div>\n\n\n\n<hr class=\"wp-block-separator has-alpha-channel-opacity\"\/>\n\n\n\n<p>Le message du groupe Fred Zeller aux auditrices et auditeurs de RLP<\/p>\n\n\n\n<figure class=\"wp-block-audio\"><audio controls src=\"https:\/\/www.lpdordogne.fr\/wp-content\/uploads\/2025\/12\/message-pour-RLP-musique.mp3\"><\/audio><\/figure>\n\n\n\n<p><\/p>\n","protected":false},"excerpt":{"rendered":"<p>Sommaire de la chronique du 5 janvier 2026<\/p>\n","protected":false},"author":1,"featured_media":96,"comment_status":"open","ping_status":"open","sticky":true,"template":"","format":"standard","meta":{"footnotes":""},"categories":[20],"tags":[],"class_list":["post-4445","post","type-post","status-publish","format-standard","has-post-thumbnail","hentry","category-rlp"],"_links":{"self":[{"href":"https:\/\/www.lpdordogne.fr\/index.php?rest_route=\/wp\/v2\/posts\/4445","targetHints":{"allow":["GET"]}}],"collection":[{"href":"https:\/\/www.lpdordogne.fr\/index.php?rest_route=\/wp\/v2\/posts"}],"about":[{"href":"https:\/\/www.lpdordogne.fr\/index.php?rest_route=\/wp\/v2\/types\/post"}],"author":[{"embeddable":true,"href":"https:\/\/www.lpdordogne.fr\/index.php?rest_route=\/wp\/v2\/users\/1"}],"replies":[{"embeddable":true,"href":"https:\/\/www.lpdordogne.fr\/index.php?rest_route=%2Fwp%2Fv2%2Fcomments&post=4445"}],"version-history":[{"count":3,"href":"https:\/\/www.lpdordogne.fr\/index.php?rest_route=\/wp\/v2\/posts\/4445\/revisions"}],"predecessor-version":[{"id":4450,"href":"https:\/\/www.lpdordogne.fr\/index.php?rest_route=\/wp\/v2\/posts\/4445\/revisions\/4450"}],"wp:featuredmedia":[{"embeddable":true,"href":"https:\/\/www.lpdordogne.fr\/index.php?rest_route=\/wp\/v2\/media\/96"}],"wp:attachment":[{"href":"https:\/\/www.lpdordogne.fr\/index.php?rest_route=%2Fwp%2Fv2%2Fmedia&parent=4445"}],"wp:term":[{"taxonomy":"category","embeddable":true,"href":"https:\/\/www.lpdordogne.fr\/index.php?rest_route=%2Fwp%2Fv2%2Fcategories&post=4445"},{"taxonomy":"post_tag","embeddable":true,"href":"https:\/\/www.lpdordogne.fr\/index.php?rest_route=%2Fwp%2Fv2%2Ftags&post=4445"}],"curies":[{"name":"wp","href":"https:\/\/api.w.org\/{rel}","templated":true}]}}