{"id":4432,"date":"2026-01-04T16:54:38","date_gmt":"2026-01-04T16:54:38","guid":{"rendered":"https:\/\/www.lpdordogne.fr\/?p=4432"},"modified":"2026-01-04T16:55:00","modified_gmt":"2026-01-04T16:55:00","slug":"le-dimanche-25-janvier-avec-le-groupe-fred-zeller-traditionnel-banquet-tete-de-veau","status":"publish","type":"post","link":"https:\/\/www.lpdordogne.fr\/?p=4432","title":{"rendered":"Le dimanche 25 janvier, avec le groupe Fred Zeller, traditionnel banquet t\u00eate de veau"},"content":{"rendered":"\n<figure class=\"wp-block-image size-large\"><a href=\"https:\/\/www.lpdordogne.fr\/wp-content\/uploads\/2026\/01\/Affiche-tete-veau-2026.pdf\" target=\"_blank\" rel=\" noreferrer noopener\"><img loading=\"lazy\" decoding=\"async\" width=\"1024\" height=\"920\" src=\"https:\/\/www.lpdordogne.fr\/wp-content\/uploads\/2026\/01\/2-Affiche-tete-veau-2026-entete-1024x920.png\" alt=\"\" class=\"wp-image-4435\" srcset=\"https:\/\/www.lpdordogne.fr\/wp-content\/uploads\/2026\/01\/2-Affiche-tete-veau-2026-entete-1024x920.png 1024w, https:\/\/www.lpdordogne.fr\/wp-content\/uploads\/2026\/01\/2-Affiche-tete-veau-2026-entete-300x269.png 300w, https:\/\/www.lpdordogne.fr\/wp-content\/uploads\/2026\/01\/2-Affiche-tete-veau-2026-entete-768x690.png 768w, https:\/\/www.lpdordogne.fr\/wp-content\/uploads\/2026\/01\/2-Affiche-tete-veau-2026-entete-1536x1380.png 1536w, https:\/\/www.lpdordogne.fr\/wp-content\/uploads\/2026\/01\/2-Affiche-tete-veau-2026-entete-2048x1839.png 2048w, https:\/\/www.lpdordogne.fr\/wp-content\/uploads\/2026\/01\/2-Affiche-tete-veau-2026-entete-1200x1078.png 1200w\" sizes=\"auto, (max-width: 709px) 85vw, (max-width: 909px) 67vw, (max-width: 1362px) 62vw, 840px\" \/><\/a><\/figure>\n\n\n\n<p><span style=\"font-family: tahoma, arial, helvetica, sans-serif;\">Comme chaque ann\u00e9e, le Groupe Fred Zeller organise un banquet pour c\u00e9l\u00e9brer la chute de la monarchie, le 21 janvier 1793.<\/span><\/p>\n<p><strong><span style=\"font-family: tahoma, arial, helvetica, sans-serif;\">Ce sera le dimanche 25 janvier 2026, \u00e0 la maison de quartier St Martin, \u00e0 P\u00e9rigueux.<\/span><\/strong><\/p>\n<p><span style=\"font-family: tahoma, arial, helvetica, sans-serif;\">Au menu du banquet :<\/span><\/p>\n\n\n\n<p><\/p>\n<ul class=\"wp-block-list\">\n<li><span style=\"font-family: tahoma, arial, helvetica, sans-serif;\">ap\u00e9ritif \u00ab communard \u00bb<\/span><\/li>\n \n<li><span style=\"font-family: tahoma, arial, helvetica, sans-serif;\">entr\u00e9es maison <\/span><span style=\"font-family: tahoma, arial, helvetica, sans-serif;\">diverses avec crudit\u00e9s<\/span><\/li>\n \n<li><span style=\"font-family: tahoma, arial, helvetica, sans-serif;\">t\u00eate de veau maison &#8211; <\/span><span style=\"font-family: tahoma, arial, helvetica, sans-serif;\">sauce gribiche, pommes <\/span><span style=\"font-family: tahoma, arial, helvetica, sans-serif;\">de terre vapeur<\/span><\/li>\n \n<li><span style=\"font-family: tahoma, arial, helvetica, sans-serif;\">fromage, salade<\/span><\/li>\n \n<li><span style=\"font-family: tahoma, arial, helvetica, sans-serif;\">tartes et caf\u00e9.<\/span><\/li>\n<\/ul>\n<p><\/p>\n\n\n\n<p><span style=\"font-family: tahoma, arial, helvetica, sans-serif;\">Inscription obligatoire : <a href=\"mailto:groupe-fred-zeller@lpdordogne.fr\">groupe-fred-zeller@lpdordogne.fr<\/a> ou au 06 01 88 87 62<br \/>avant le 15 janvier 2026.<\/span><\/p>\n\n\n\n<p><span style=\"font-family: tahoma, arial, helvetica, sans-serif;\">R\u00e8glement : 20 \u20ac par personne (ap\u00e9ro, vin et caf\u00e9, compris), par virement (demander notre IBAN) ou par ch\u00e8que \u00e0 Libre Pens\u00e9e Dordogne Groupe Fred Zeller<br \/>Maison des associations \u037e 12 cours F\u00e9nelon 24000 PERIGUEUX<\/span><\/p>\n\n\n\n<p><\/p>\n","protected":false},"excerpt":{"rendered":"<p>Comme chaque ann\u00e9e, le Groupe Fred Zeller organise un banquet pour c\u00e9l\u00e9brer la chute de la monarchie, le 21 janvier 1793. Ce sera le dimanche 25 janvier 2026, \u00e0 la maison de quartier St Martin, \u00e0 P\u00e9rigueux. Au menu du banquet : Inscription obligatoire : groupe-fred-zeller@lpdordogne.fr ou au 06 01 88 87 62avant le 15 &hellip; <a href=\"https:\/\/www.lpdordogne.fr\/?p=4432\" class=\"more-link\">Continuer la lecture<span class=\"screen-reader-text\"> de &laquo;&nbsp;Le dimanche 25 janvier, avec le groupe Fred Zeller, traditionnel banquet t\u00eate de veau&nbsp;&raquo;<\/span><\/a><\/p>\n","protected":false},"author":1,"featured_media":4440,"comment_status":"open","ping_status":"open","sticky":true,"template":"","format":"standard","meta":{"footnotes":""},"categories":[51],"tags":[],"class_list":["post-4432","post","type-post","status-publish","format-standard","has-post-thumbnail","hentry","category-banquets"],"_links":{"self":[{"href":"https:\/\/www.lpdordogne.fr\/index.php?rest_route=\/wp\/v2\/posts\/4432","targetHints":{"allow":["GET"]}}],"collection":[{"href":"https:\/\/www.lpdordogne.fr\/index.php?rest_route=\/wp\/v2\/posts"}],"about":[{"href":"https:\/\/www.lpdordogne.fr\/index.php?rest_route=\/wp\/v2\/types\/post"}],"author":[{"embeddable":true,"href":"https:\/\/www.lpdordogne.fr\/index.php?rest_route=\/wp\/v2\/users\/1"}],"replies":[{"embeddable":true,"href":"https:\/\/www.lpdordogne.fr\/index.php?rest_route=%2Fwp%2Fv2%2Fcomments&post=4432"}],"version-history":[{"count":4,"href":"https:\/\/www.lpdordogne.fr\/index.php?rest_route=\/wp\/v2\/posts\/4432\/revisions"}],"predecessor-version":[{"id":4441,"href":"https:\/\/www.lpdordogne.fr\/index.php?rest_route=\/wp\/v2\/posts\/4432\/revisions\/4441"}],"wp:featuredmedia":[{"embeddable":true,"href":"https:\/\/www.lpdordogne.fr\/index.php?rest_route=\/wp\/v2\/media\/4440"}],"wp:attachment":[{"href":"https:\/\/www.lpdordogne.fr\/index.php?rest_route=%2Fwp%2Fv2%2Fmedia&parent=4432"}],"wp:term":[{"taxonomy":"category","embeddable":true,"href":"https:\/\/www.lpdordogne.fr\/index.php?rest_route=%2Fwp%2Fv2%2Fcategories&post=4432"},{"taxonomy":"post_tag","embeddable":true,"href":"https:\/\/www.lpdordogne.fr\/index.php?rest_route=%2Fwp%2Fv2%2Ftags&post=4432"}],"curies":[{"name":"wp","href":"https:\/\/api.w.org\/{rel}","templated":true}]}}