{"id":4427,"date":"2025-12-29T17:05:48","date_gmt":"2025-12-29T17:05:48","guid":{"rendered":"https:\/\/www.lpdordogne.fr\/?p=4427"},"modified":"2025-12-29T17:06:21","modified_gmt":"2025-12-29T17:06:21","slug":"le-groupe-fred-zeller-sur-rlp-29-decembre-2025","status":"publish","type":"post","link":"https:\/\/www.lpdordogne.fr\/?p=4427","title":{"rendered":"Le groupe Fred Zeller sur RLP : 29 d\u00e9cembre 2025"},"content":{"rendered":"\n<h2 class=\"wp-block-heading\"><strong>Sommaire de la chronique du 29 d\u00e9cembre 2025 :<\/strong><\/h2>\n\n\n\n<ul class=\"wp-block-list\">\n<li>Que retenir de 2025 ?<\/li>\n\n\n\n<li><strong>Une presse en pleine d\u00e9rive :<\/strong>\n<ul class=\"wp-block-list\">\n<li>R\u00e9sister \u00e0 l&rsquo;offensive de Vincent Bollor\u00e9 (Olivier Le Cour Grandmaison)<\/li>\n\n\n\n<li>Quand Charlie-Hebdo se d\u00e9voile en caricaturant Rokhaya Diallo<\/li>\n<\/ul>\n<\/li>\n\n\n\n<li>Choix musical : Alain Souchon, \u00a0\u00bb Poulailler&rsquo;s Song \u00ab\u00a0<\/li>\n\n\n\n<li>message de fin d&rsquo;ann\u00e9e du groupe Fred Zeller aux auditeurs-rices de RLP<\/li>\n<\/ul>\n\n\n\n<div class=\"wp-block-buttons is-content-justification-center is-layout-flex wp-container-core-buttons-is-layout-16018d1d wp-block-buttons-is-layout-flex\">\n<div class=\"wp-block-button\"><a class=\"wp-block-button__link has-dark-red-background-color has-background has-text-align-center wp-element-button\" href=\"https:\/\/www.radioslibresenperigord.com\/wp-content\/podcasts\/\/libre-pensee\/2025.12.29%20Libre%20Penseurs.mp3?_=1\" target=\"_blank\" rel=\"noreferrer noopener\">\u00e9couter CETTE CHRONIQUE<\/a><\/div>\n<\/div>\n\n\n\n<!--more-->\n\n\n\n<p><strong>Introduction musicale<\/strong> : Le Forgeron de la Paix [0&rsquo;00\u00a0\u00bb &#8211; 0&rsquo;25\u00a0\u00bb]<\/p>\n\n\n\n<hr class=\"wp-block-separator has-alpha-channel-opacity\"\/>\n\n\n\n<h2 class=\"wp-block-heading\"><strong>Que retenir de 2025 ?<\/strong><\/h2>\n\n\n\n<div class=\"wp-block-buttons is-layout-flex wp-block-buttons-is-layout-flex\"><\/div>\n\n\n\n<p>La chasse aux militants et associations qui prennent la d\u00e9fense du peuple palestinien et leur\u00a0criminalisation\u00a0<\/p>\n<p>La presse, relais des id\u00e9es les plus r\u00e9actionnaires<\/p>\n\n\n\n<h3 class=\"wp-block-heading\">R\u00e9sister \u00e0 l&rsquo;offensive de Vincent Bollor\u00e9 (Olivier Le Cour Grandmaison)<\/h3>\n\n\n\n<p>Il s&rsquo;agit d&rsquo;un texte publi\u00e9 il y a pr\u00e8s de deux ann\u00e9es dans <em>Le Club Mediapart<\/em>. Son auteur, Olivier Le Cour Grandmaison revient sur un sujet qui, \u00e0 l&rsquo;\u00e9poque, avait fait la Une.<\/p>\n<p>Il n&rsquo;en conserve pas moins toute son actualit\u00e9<\/p>\n<p>Billet d\u2019Olivier Le cour Grandmaison, publi\u00e9 dans Le Club Mediapart le 19 mars 2024<\/p>\n<p style=\"text-align: justify;\">Mois apr\u00e8s mois, le milliardaire et le tr\u00e8s catholique Vincent Bollor\u00e9, qui se croit investi d\u2019une vocation messianique : sauver la France des suppos\u00e9s p\u00e9rils existentiels qui la menacent, poursuit son offensive politique.<\/p>\n<p style=\"text-align: justify;\">Divers m\u00e9dias, toujours plus nombreux et importants, et de prestigieuses maisons d\u2019\u00e9dition sont ainsi conquis et soumis aux m\u00eames m\u00e9thodes : l\u2019\u00e9limination progressive, le plus souvent brutale, de toutes celles et de tous ceux qui, ayant quelques vell\u00e9it\u00e9s de r\u00e9sistance, sont per\u00e7us comme des obstacles susceptibles de compromettre la mise au pas souhait\u00e9e par Vincent Bollor\u00e9 et son clan familial. N\u2019oublions pas les multiples et distingu\u00e9s mercenaires en col blanc qui, grassement r\u00e9mun\u00e9r\u00e9s, sont charg\u00e9s d\u2019ex\u00e9cuter avec servilit\u00e9 ce programme suppos\u00e9ment apolitique.<\/p>\n<p style=\"text-align: justify;\">Mercredi 13 mars 2024, entendu \u00e0 l\u2019Assembl\u00e9e par la commission d\u2019enqu\u00eate sur l\u2019attribution, le contenu et le contr\u00f4le des autorisations de services de la t\u00e9l\u00e9vision num\u00e9rique terrestre, le Charles Martel de la Villa Montmorency \u00e0 Paris, qui, en bon \u00ab Fran\u00e7ais de souche \u00bb, et fier de l\u2019\u00eatre, aime \u00e0 rappeler ses origines bretonnes, son \u00e9ducation religieuse et traditionnelle, affirmait, pour se d\u00e9fendre, qu\u2019il \u00e9tait un \u00ab d\u00e9mocrate-chr\u00e9tien \u00bb soutenu par un temp\u00e9rament \u00ab plut\u00f4t gentil, plut\u00f4t rigolard \u00bb et \u00ab plut\u00f4t affable.1 \u00bb<\/p>\n<p style=\"text-align: justify;\">Les ouvriers de certains pays d\u2019Afrique \u00e9quatoriale et de l\u2019Ouest, o\u00f9 Vincent Bollor\u00e9 s\u2019est acoquin\u00e9 avec des dictateurs particuli\u00e8rement corrompus, les victimes fran\u00e7aises de ses purges pass\u00e9es et pr\u00e9sentes, et les nombreux journalistes qu\u2019il a poursuivis en justice seront sans doute \u00e9mus aux larmes par ce plaidoyer pro domo.<\/p>\n<p style=\"text-align: justify;\">Habile mise en sc\u00e8ne de soi destin\u00e9e \u00e0 transformer celui qui soutient le r\u00e9cidiviste Eric Zemmour, maintes fois condamn\u00e9 pour \u00ab complicit\u00e9 d\u2019injure raciale \u00bb, \u00ab provocation \u00e0 la haine \u00bb et injure homophobe, en un humaniste pr\u00e9tendument soucieux de respecter les autres, le pluralisme et les principes d\u00e9mocratiques.<\/p>\n<p style=\"text-align: justify;\">Mal pr\u00e9par\u00e9s \u00e0 cette audition, certains d\u00e9put\u00e9\u00b7es ont, au mieux, offert \u00e0 Vincent Bollor\u00e9 une nouvelle tribune politique en passant sous silence ses agissements r\u00e9it\u00e9r\u00e9s dans diff\u00e9rents m\u00e9dias et quelques-unes de ses turpitudes pour faits de corruption \u00ab d\u2019agents publics \u00e9trangers \u00bb, de \u00ab complicit\u00e9 d\u2019abus de confiance \u00bb et de \u00ab faux et usage de faux. \u00bb Admirable liste qui t\u00e9moigne d\u2019une moralit\u00e9 pour le moins d\u00e9faillante et de la violation d\u2019importantes dispositions l\u00e9gales. Ce que l\u2019int\u00e9ress\u00e9 lui-m\u00eame a pour partie reconnu en 2012 pour tenter d\u2019\u00e9chapper \u00e0 un proc\u00e8s.<\/p>\n<p style=\"text-align: justify;\">Au pire, d\u2019autres parlementaires ont fait preuve d\u2019une mansu\u00e9tude indigne, c\u2019est le cas du d\u00e9put\u00e9 Renaissance, Quentin Bataillon2, voire m\u00eame d\u2019un soutien appuy\u00e9 \u00e0 celui qui \u00e9tait auditionn\u00e9 sous serment. Ce soutien s\u2019est publiquement exprim\u00e9 par la voix docile de l\u2019\u00e9lu Rassemblement national, Laurent Jacobelli, qui, fort d\u00e9f\u00e9rent, a bien compris que l\u2019on ne saurait mordre la main de celui qui, sous couvert de \u00ab d\u00e9bats-qui-int\u00e9ressent-nos-compatriotes \u00bb, participe \u00e0 la promotion des id\u00e9es de son parti gr\u00e2ce \u00e0 des moyens t\u00e9l\u00e9visuels, radiophoniques et journalistiques sans pr\u00e9c\u00e9dent.<\/p>\n<p style=\"text-align: justify;\">Bien que n\u2019\u00e9tant \u00e9videmment pas coprophage, il est parfois n\u00e9cessaire, pour des raisons strictement li\u00e9es \u00e0 la volont\u00e9 de savoir, de faire de tr\u00e8s ponctuelles entorses \u00e0 ce r\u00e9gime en regardant C News, \u00ab L\u2019heure des Pros \u00bb et Touche pas \u00e0 mon poste sur C8 afin de prendre la juste mesure de l\u2019involution en cours, des nombreuses victoires politico-m\u00e9diatiques remport\u00e9es par Vincent Bollor\u00e9 et ceux qui le servent.<\/p>\n<p style=\"text-align: justify;\">On y d\u00e9couvre une foultitude de chroniqueurs et de bavards divers, et d\u2019id\u00e9ologues cathodiques qui se croient encore journalistes lors m\u00eame qu\u2019ils ne sont que les propagandistes z\u00e9l\u00e9s d\u2019opinions d\u2019extr\u00eames-droites sublim\u00e9es en audaces destin\u00e9es \u00e0 combattre une pr\u00e9tendue pens\u00e9e unique, l\u2019islamo-gauchisme et le wokisme. Autant de vains fant\u00f4mes forg\u00e9s pour les besoins de leur mauvaise cause et propres \u00e0 entretenir la peur dans les chaumi\u00e8res, les beaux quartiers et jusqu\u2019au sommet de l\u2019Etat o\u00f9 la d\u00e9magogie le dispute \u00e0 l\u2019opportunisme, \u00e0 moins que ce ne soit l\u2019inverse.<\/p>\n<p style=\"text-align: justify;\">Hier la peur des \u00ab Rouges \u00bb tenait lieu de repr\u00e9sentation du monde et les chiens de garde de \u00ab l\u2019Occident chr\u00e9tien \u00bb \u00e9taient nombreux et influents. Aujourd\u2019hui, la hantise de l\u2019islam et des musulmans, des exil\u00e9-e-s des Sud et la d\u00e9nonciation hargneuse des nouveaux mouvements f\u00e9ministes, entre autres, sont au principe des batailles financ\u00e9es par le groupe de Vincent Bollor\u00e9 et men\u00e9es par les meutes toujours plus agressives et bruyantes de ses oblig\u00e9\u00b7es.<\/p>\n<p style=\"text-align: justify;\">Dans ce paysage id\u00e9ologique ainsi fa\u00e7onn\u00e9, tout n\u2019est que bruit, fureur et menaces permanentes susceptibles de ruiner l\u2019ordre public, la s\u00e9curit\u00e9 des biens et des personnes de souches, l\u2019identit\u00e9 de la France et ses glorieuses \u00ab traditions jud\u00e9o-chr\u00e9tiennes. \u00bb Mention sp\u00e9ciale, bien s\u00fbr, au ventriloque Pascal Praud, admirable d\u00e9biteur de lieux communs \u00e9cul\u00e9s qu\u2019il prend pour de fortes pens\u00e9es, et au bouffon stipendi\u00e9 Cyril Hanouna qui, \u00e0 la grossi\u00e8ret\u00e9 intellectuelle du premier, ajoute la sienne propre.<\/p>\n<p style=\"text-align: justify;\">Dans un autre style, elle est abyssale \u00e9galement et elle nourrit des pseudo-d\u00e9bats, des invectives et des railleries \u00e0 ce point graves et r\u00e9it\u00e9r\u00e9es que son \u00e9mission a fait l\u2019objet de cinq sanctions, par l\u2019Autorit\u00e9 de r\u00e9gulation de la communication audiovisuelle et num\u00e9rique (Arcom), suivies d\u2019amendes pour un montant record de plus cinq millions d\u2019euros.<\/p>\n<p style=\"text-align: justify;\">En ces mati\u00e8res, l\u2019animateur de \u00ab TPMP \u00bb est un champion de la r\u00e9cidive qui fait beaucoup mieux que CNews puisque cette chaine n\u2019a \u00e9t\u00e9 sanctionn\u00e9e que deux fois3. Autant de personnages, de m\u00e9thodes et de pratiques qui, pour paraphraser Victor Hugo, souillent jusqu\u2019au mot de Cambronne.<\/p>\n<p style=\"text-align: justify;\">Dans des genres diff\u00e9rents, Karl Marx, Guy de Maupassant et Emile Zola auraient certainement fait leur miel de cette sainte alliance du capital avec le goupillon et les tr\u00e8s nombreux sabres m\u00e9diatiques mani\u00e9s par des hommes et des femmes \u00e0 c\u00f4t\u00e9 desquels Georges Duroy, l\u2019anti-h\u00e9ros de Bel Ami pr\u00eat \u00e0 tout pour faire carri\u00e8re dans la presse, passerait presque pour un enfant de ch\u0153ur.<\/p>\n<p style=\"text-align: justify;\">Voil\u00e0 qui confirme sinistrement le mot c\u00e9l\u00e8bre de l\u2019auteur du Manifeste du parti communiste relatif aux agissements de la bourgeoisie qui ne cesse de noyer ce dont elle s\u2019empare dans les \u00ab eaux glac\u00e9es du calcul \u00e9go\u00efste \u00bb et, dans le cas pr\u00e9sent, dans les flots naus\u00e9abonds et dangereux que grossissent les extr\u00eames-droites fortement aid\u00e9es par le groupe de Vincent Bollor\u00e9.<\/p>\n<p style=\"text-align: justify;\">Jusqu\u2019\u00e0 plus ample inform\u00e9, une telle situation est, en France, assez in\u00e9dite car jamais un milliardaire ne s\u2019\u00e9tait engag\u00e9 de la sorte en mettant ouvertement sa puissance financi\u00e8re au service de ces derni\u00e8res.<\/p>\n<p style=\"text-align: justify;\">Dans cette qu\u00eate insatiable de pouvoir, Vincent Bollor\u00e9 vient d\u2019ajouter une importante prise de guerre : les \u00e9ditions Fayard d\u00e9sormais dirig\u00e9es par Lise Bo\u00ebll ; celle-l\u00e0 m\u00eame qui a publi\u00e9 Philippe de Villiers et Eric Zemmour, et qui r\u00eave de pers\u00e9v\u00e9rer dans cette voie avec Jordan Bardella. Ce nouveau succ\u00e8s confirme l\u2019extr\u00eame-droitisation de la conjoncture et ses prolongements dans le champ \u00e9ditorial en m\u00eame temps qu\u2019il l\u2019acc\u00e9l\u00e8re et la banalise plus encore en offrant une prestigieuse tribune aux crois\u00e9s identitaires que l\u2019on sait.<\/p>\n<p style=\"text-align: justify;\">L\u2019historien \u00e9tats-unien Steven Kaplan4 a eu raison de d\u00e9noncer ce \u00e9ni\u00e8me coup de force mais il ne suffit plus, d\u00e9sormais, de s\u2019en tenir au rappel du pass\u00e9 glorieux de cette maison d\u2019\u00e9dition. Auteurs et autrices publi\u00e9s par Fayard, j\u2019en suis comme Alain Badiou, Pascal Blanchard, Pierre Birnbaum, Judith Butler, Barbara Cassin, Noam Chomsky, Didier Eribon, Geoffroy de Lagasnerie, Alain Mabanckou, Edgard Morin, Elisabeth Roudinesco et beaucoup d\u2019autres encore, nous devons exiger la restitution imm\u00e9diate de nos droits et refuser de cautionner par notre seule pr\u00e9sence la soumission de cet \u00e9diteur aux desseins politiques de Vincent Bollor\u00e9 et de ses moines-soldats.<\/p>\n<p style=\"text-align: justify;\">Pour paraphraser Guy Hocquenghem, nous ne sommes pas responsables de cette situation mais nous serions fautifs de ne pas nous en dissocier. Donc acte.<\/p>\n<p style=\"text-align: justify;\">Olivier Le Cour Grandmaison,<\/p>\n<p style=\"text-align: justify;\">universitaire, dernier ouvrage paru : Racismes d\u2019Etat, Etats racistes. Une br\u00e8ve histoire, \u00e9ditions Amsterdam, 2024.<\/p>\n<p style=\"text-align: justify;\">1. Le Monde, 15 mars 2024.<\/p>\n<p style=\"text-align: justify;\">2. L\u2019exemple vient de haut puisque le pr\u00e9sident de la R\u00e9publique a, entre autres, invit\u00e9 Vincent Bollor\u00e9 et Elon Musk, \u00e9galement connu pour ses prises de positions particuli\u00e8rement r\u00e9actionnaires et x\u00e9nophobes, \u00e0 l\u2019Elys\u00e9e \u00e0 l\u2019occasion de la remise \u00e0 Bernard Arnault, l\u2019homme le plus riche du monde, de la grand-croix de la L\u00e9gion d\u2019honneur. Lib\u00e9ration, 13 mars 2024.<\/p>\n<p style=\"text-align: justify;\">3. Le Monde, 13 mars 2024.<\/p>\n<p style=\"text-align: justify;\">4. St. Kaplan, \u00ab Quelle piti\u00e9 de voir les \u00e9ditions Fayard ainsi d\u00e9grad\u00e9es. \u00bb Le Monde, 17-18 mars 2024.<\/p>\n\n\n\n<hr class=\"wp-block-separator has-alpha-channel-opacity\"\/>\n\n\n\n<p>Ce texte de Jean Baub\u00e9rot est remarquable<\/p>\n<p style=\"text-align: justify;\">\u00ab L\u2019universalisme r\u00e9publicain \u00bb, voil\u00e0 le ma\u00eetre mot de l\u2019article accompagnant la caricature et attaquant Rokhaya Diallo. Mais ce dessin constitue pr\u00e9cis\u00e9ment l\u2019exemple type de ce racisme se cachant sous le masque de \u00ab l\u2019universalisme \u00bb et d\u2019une \u00ab la\u00efcit\u00e9 \u00bb totalement d\u00e9voy\u00e9e.<\/p>\n\n\n\n<div data-wp-interactive=\"core\/file\" class=\"wp-block-file\"><object data-wp-bind--hidden=\"!state.hasPdfPreview\" hidden class=\"wp-block-file__embed\" data=\"https:\/\/www.lpdordogne.fr\/wp-content\/uploads\/2025\/12\/Quand-Charlie-Hebdo-se-devoile-en-caricaturant-Rokhaya-Diallo-_-Le-Club.pdf\" type=\"application\/pdf\" style=\"width:100%;height:600px\" aria-label=\"Contenu embarqu\u00e9 Quand Charlie-Hebdo se d\u00e9voile en caricaturant Rokhaya Diallo _ Le Club.\"><\/object><a id=\"wp-block-file--media-aeabdf35-75be-408a-92ed-f55cc0af9337\" href=\"https:\/\/www.lpdordogne.fr\/wp-content\/uploads\/2025\/12\/Quand-Charlie-Hebdo-se-devoile-en-caricaturant-Rokhaya-Diallo-_-Le-Club.pdf\">Quand Charlie-Hebdo se d\u00e9voile en caricaturant Rokhaya Diallo _ Le Club<\/a><a href=\"https:\/\/www.lpdordogne.fr\/wp-content\/uploads\/2025\/12\/Quand-Charlie-Hebdo-se-devoile-en-caricaturant-Rokhaya-Diallo-_-Le-Club.pdf\" class=\"wp-block-file__button wp-element-button\" download aria-describedby=\"wp-block-file--media-aeabdf35-75be-408a-92ed-f55cc0af9337\">T\u00e9l\u00e9charger<\/a><\/div>\n\n\n\n<hr class=\"wp-block-separator has-alpha-channel-opacity\"\/>\n\n\n\n<h2 class=\"wp-block-heading\">Quand Charlie-Hebdo se d\u00e9voile en caricaturant Rokhaya Diallo<\/h2>\n\n\n\n<figure class=\"wp-block-embed is-type-video is-provider-youtube wp-block-embed-youtube wp-embed-aspect-16-9 wp-has-aspect-ratio\"><div class=\"wp-block-embed__wrapper\">\n<iframe loading=\"lazy\" title=\"Poulailler&#039;s Song - Alain Souchon (1977) sous-titr\u00e9e\" width=\"840\" height=\"473\" src=\"https:\/\/www.youtube.com\/embed\/lumyGRSZYrA?feature=oembed\" frameborder=\"0\" allow=\"accelerometer; autoplay; clipboard-write; encrypted-media; gyroscope; picture-in-picture; web-share\" referrerpolicy=\"strict-origin-when-cross-origin\" allowfullscreen><\/iframe>\n<\/div><\/figure>\n\n\n\n<hr class=\"wp-block-separator has-alpha-channel-opacity\"\/>\n\n\n\n<div class=\"wp-block-buttons is-content-justification-center is-layout-flex wp-container-core-buttons-is-layout-16018d1d wp-block-buttons-is-layout-flex\">\n<div class=\"wp-block-button\"><a class=\"wp-block-button__link has-dark-red-background-color has-background has-text-align-center wp-element-button\" href=\"https:\/\/www.youtube.com\/results?search_query=alain+souchon+poulailler%27s+song\" target=\"_blank\" rel=\"noreferrer noopener\">\u00e9couter CETTE CHRONIQUE<\/a><\/div>\n<\/div>\n\n\n\n<hr class=\"wp-block-separator has-alpha-channel-opacity\"\/>\n\n\n\n<p>Le message du groupe Fred Zeller aux auditrices et auditeurs de RLP<\/p>\n\n\n\n<figure class=\"wp-block-audio\"><audio controls src=\"https:\/\/www.lpdordogne.fr\/wp-content\/uploads\/2025\/12\/message-pour-RLP-musique.mp3\"><\/audio><\/figure>\n","protected":false},"excerpt":{"rendered":"<p>Sommaire de la chronique du 29 d\u00e9cembre 2025 :<\/p>\n","protected":false},"author":1,"featured_media":96,"comment_status":"open","ping_status":"open","sticky":true,"template":"","format":"standard","meta":{"footnotes":""},"categories":[20],"tags":[],"class_list":["post-4427","post","type-post","status-publish","format-standard","has-post-thumbnail","hentry","category-rlp"],"_links":{"self":[{"href":"https:\/\/www.lpdordogne.fr\/index.php?rest_route=\/wp\/v2\/posts\/4427","targetHints":{"allow":["GET"]}}],"collection":[{"href":"https:\/\/www.lpdordogne.fr\/index.php?rest_route=\/wp\/v2\/posts"}],"about":[{"href":"https:\/\/www.lpdordogne.fr\/index.php?rest_route=\/wp\/v2\/types\/post"}],"author":[{"embeddable":true,"href":"https:\/\/www.lpdordogne.fr\/index.php?rest_route=\/wp\/v2\/users\/1"}],"replies":[{"embeddable":true,"href":"https:\/\/www.lpdordogne.fr\/index.php?rest_route=%2Fwp%2Fv2%2Fcomments&post=4427"}],"version-history":[{"count":1,"href":"https:\/\/www.lpdordogne.fr\/index.php?rest_route=\/wp\/v2\/posts\/4427\/revisions"}],"predecessor-version":[{"id":4430,"href":"https:\/\/www.lpdordogne.fr\/index.php?rest_route=\/wp\/v2\/posts\/4427\/revisions\/4430"}],"wp:featuredmedia":[{"embeddable":true,"href":"https:\/\/www.lpdordogne.fr\/index.php?rest_route=\/wp\/v2\/media\/96"}],"wp:attachment":[{"href":"https:\/\/www.lpdordogne.fr\/index.php?rest_route=%2Fwp%2Fv2%2Fmedia&parent=4427"}],"wp:term":[{"taxonomy":"category","embeddable":true,"href":"https:\/\/www.lpdordogne.fr\/index.php?rest_route=%2Fwp%2Fv2%2Fcategories&post=4427"},{"taxonomy":"post_tag","embeddable":true,"href":"https:\/\/www.lpdordogne.fr\/index.php?rest_route=%2Fwp%2Fv2%2Ftags&post=4427"}],"curies":[{"name":"wp","href":"https:\/\/api.w.org\/{rel}","templated":true}]}}