{"id":4421,"date":"2025-12-24T10:02:39","date_gmt":"2025-12-24T10:02:39","guid":{"rendered":"https:\/\/www.lpdordogne.fr\/?p=4421"},"modified":"2025-12-24T10:02:50","modified_gmt":"2025-12-24T10:02:50","slug":"le-groupe-fred-zeller-sur-rlp-22-decembre-2025","status":"publish","type":"post","link":"https:\/\/www.lpdordogne.fr\/?p=4421","title":{"rendered":"Le groupe Fred Zeller sur RLP : 22 d\u00e9cembre 2025"},"content":{"rendered":"\n<h2 class=\"wp-block-heading\"><strong>Sommaire de la chronique du 22 d\u00e9cembre 2025 :<\/strong><\/h2>\n\n\n\n<ul class=\"wp-block-list\">\n<li><strong>Autour de la visite du Pape au Liban<\/strong><\/li>\n<\/ul>\n\n\n\n<div class=\"wp-block-buttons is-content-justification-center is-layout-flex wp-container-core-buttons-is-layout-16018d1d wp-block-buttons-is-layout-flex\">\n<div class=\"wp-block-button\"><a class=\"wp-block-button__link has-dark-red-background-color has-background has-text-align-center wp-element-button\" href=\"https:\/\/www.radioslibresenperigord.com\/wp-content\/podcasts\/\/libre-pensee\/2025.12.22%20Libre%20Pens%C3%A9e%2C%20Le%20Liban.mp3?_=1\" target=\"_blank\" rel=\"noreferrer noopener\">\u00e9couter CETTE CHRONIQUE<\/a><\/div>\n<\/div>\n\n\n\n<!--more-->\n\n\n\n<p><strong>Introduction musicale<\/strong> : Le Forgeron de la Paix [0&rsquo;00\u00a0\u00bb &#8211; 0&rsquo;25\u00a0\u00bb]<\/p>\n\n\n\n<hr class=\"wp-block-separator has-alpha-channel-opacity\"\/>\n\n\n\n<h2 class=\"wp-block-heading\"><strong>Autour de la visite du Pape au Liban<\/strong><\/h2>\n\n\n\n<hr class=\"wp-block-separator has-alpha-channel-opacity\"\/>\n\n\n\n<p style=\"text-align: justify;\" align=\"JUSTIFY\"><span style=\"font-family: tahoma, arial, helvetica, sans-serif;\"><span style=\"font-size: medium;\"><span style=\"color: #000000;\">Le pape a effectu\u00e9 un d\u00e9placement au Liban du 30 novembre au 2 d\u00e9cembre derniers. C&rsquo;est l&rsquo;occasion de se pencher sur le sort douloureux de ce pays. Pour cela, revenons sur un document datant de septembre 202, c&rsquo;est \u00e0 dire au lendemain de la destruction du port de Beyrouth, souffl\u00e9 part la gigantesque explosion d&rsquo;un d\u00e9p\u00f4t de nitrate d&rsquo;ammonium. Ce document permet de bien comprendre la situation de ce pays. On peut retrouver ce document titr\u00e9 \u00ab\u00a0<a href=\"https:\/\/fnlp.fr\/2020\/09\/solidarite-pour-un-etat-civil-au-liban\/\" target=\"_blank\" rel=\"noopener\">Solidarit\u00e9 pour un \u00c9tat Civil au Liban<\/a>\u00a0\u00bb sur le site de la FNLP.<\/span><\/span><\/span><\/p>\n<p align=\"JUSTIFY\">La FNLP a re\u00e7u une lettre du Libre-Penseur libanais George Saad . Cette lettre, en 2 parties, l&rsquo;une r\u00e9dig\u00e9e \u00e0, la veille de l&rsquo;arriv\u00e9e du pape au Liban, la seconde apr\u00e8s celle-ci.<\/p>\n\n\n\n<div data-wp-interactive=\"core\/file\" class=\"wp-block-file\"><object data-wp-bind--hidden=\"!state.hasPdfPreview\" hidden class=\"wp-block-file__embed\" data=\"https:\/\/www.lpdordogne.fr\/wp-content\/uploads\/2025\/12\/LE-PAPE-AU-LIBAN.pdf\" type=\"application\/pdf\" style=\"width:100%;height:600px\" aria-label=\"Contenu embarqu\u00e9 LE PAPE AU LIBAN.\"><\/object><a id=\"wp-block-file--media-8556407f-d0fe-4d7b-b203-aa4cef807940\" href=\"https:\/\/www.lpdordogne.fr\/wp-content\/uploads\/2025\/12\/LE-PAPE-AU-LIBAN.pdf\">LE PAPE AU LIBAN<\/a><a href=\"https:\/\/www.lpdordogne.fr\/wp-content\/uploads\/2025\/12\/LE-PAPE-AU-LIBAN.pdf\" class=\"wp-block-file__button wp-element-button\" download aria-describedby=\"wp-block-file--media-8556407f-d0fe-4d7b-b203-aa4cef807940\">T\u00e9l\u00e9charger<\/a><\/div>\n\n\n\n<div class=\"wp-block-buttons is-content-justification-center is-layout-flex wp-container-core-buttons-is-layout-16018d1d wp-block-buttons-is-layout-flex\">\n<div class=\"wp-block-button\"><a class=\"wp-block-button__link has-dark-red-background-color has-background has-text-align-center wp-element-button\" href=\"https:\/\/www.radioslibresenperigord.com\/wp-content\/podcasts\/\/libre-pensee\/2025.12.22%20Libre%20Pens%C3%A9e%2C%20Le%20Liban.mp3?_=1\" target=\"_blank\" rel=\"noreferrer noopener\">\u00e9couter CETTE CHRONIQUE<\/a><\/div>\n<\/div>\n\n\n\n<div class=\"wp-block-buttons is-layout-flex wp-block-buttons-is-layout-flex\"><\/div>\n\n\n\n<p><\/p>\n","protected":false},"excerpt":{"rendered":"<p>Sommaire de la chronique du 22 d\u00e9cembre 2025 :<\/p>\n","protected":false},"author":1,"featured_media":96,"comment_status":"open","ping_status":"open","sticky":true,"template":"","format":"standard","meta":{"footnotes":""},"categories":[54,11,20],"tags":[],"class_list":["post-4421","post","type-post","status-publish","format-standard","has-post-thumbnail","hentry","category-laicite","category-loi-de-1905","category-rlp"],"_links":{"self":[{"href":"https:\/\/www.lpdordogne.fr\/index.php?rest_route=\/wp\/v2\/posts\/4421","targetHints":{"allow":["GET"]}}],"collection":[{"href":"https:\/\/www.lpdordogne.fr\/index.php?rest_route=\/wp\/v2\/posts"}],"about":[{"href":"https:\/\/www.lpdordogne.fr\/index.php?rest_route=\/wp\/v2\/types\/post"}],"author":[{"embeddable":true,"href":"https:\/\/www.lpdordogne.fr\/index.php?rest_route=\/wp\/v2\/users\/1"}],"replies":[{"embeddable":true,"href":"https:\/\/www.lpdordogne.fr\/index.php?rest_route=%2Fwp%2Fv2%2Fcomments&post=4421"}],"version-history":[{"count":3,"href":"https:\/\/www.lpdordogne.fr\/index.php?rest_route=\/wp\/v2\/posts\/4421\/revisions"}],"predecessor-version":[{"id":4426,"href":"https:\/\/www.lpdordogne.fr\/index.php?rest_route=\/wp\/v2\/posts\/4421\/revisions\/4426"}],"wp:featuredmedia":[{"embeddable":true,"href":"https:\/\/www.lpdordogne.fr\/index.php?rest_route=\/wp\/v2\/media\/96"}],"wp:attachment":[{"href":"https:\/\/www.lpdordogne.fr\/index.php?rest_route=%2Fwp%2Fv2%2Fmedia&parent=4421"}],"wp:term":[{"taxonomy":"category","embeddable":true,"href":"https:\/\/www.lpdordogne.fr\/index.php?rest_route=%2Fwp%2Fv2%2Fcategories&post=4421"},{"taxonomy":"post_tag","embeddable":true,"href":"https:\/\/www.lpdordogne.fr\/index.php?rest_route=%2Fwp%2Fv2%2Ftags&post=4421"}],"curies":[{"name":"wp","href":"https:\/\/api.w.org\/{rel}","templated":true}]}}