{"id":4414,"date":"2025-12-18T18:01:48","date_gmt":"2025-12-18T18:01:48","guid":{"rendered":"https:\/\/www.lpdordogne.fr\/?p=4414"},"modified":"2025-12-18T18:07:23","modified_gmt":"2025-12-18T18:07:23","slug":"le-bulletin-de-novembre-2025-du-comite-laique-des-amis-du-monument-aux-morts-de-gentioux","status":"publish","type":"post","link":"https:\/\/www.lpdordogne.fr\/?p=4414","title":{"rendered":"Le bulletin de novembre 2025 du Comit\u00e9 La\u00efque des Amis du Monument aux Morts de Gentioux"},"content":{"rendered":"\n<p style=\"text-align: justify;\">Le Comit\u00e9 La\u00efque des Amis du Monument aux Morts de Gentioux (CLAMMG) est l&rsquo;association constitu\u00e9e afin \u00a0\u00bb <em>de combattre la guerre, d&rsquo;honorer la m\u00e9moire de tous ceux qui en ont \u00e9t\u00e9 les victimes et de promouvoir la fraternit\u00e9 entre les peuples<\/em> \u00a0\u00bb (Art 2 des statuts de l&rsquo;association). Elle \u00e9dite la publication \u00ab\u00a0Le Bulletin du CLAMMG\u00a0\u00bb dont le num\u00e9ro de novembre 2025 vient de para\u00eetre. Il contient un compte-rendu du rassemblement de Gentioux du 11 novembre 2025, la reproduction des discours des diff\u00e9rents orateurs et vous est propos\u00e9 ci-dessous en version en ligne, et t\u00e9l\u00e9chargeable.<\/p>\n\n\n\n<!--more-->\n\n\n\n<div data-wp-interactive=\"core\/file\" class=\"wp-block-file\"><object data-wp-bind--hidden=\"!state.hasPdfPreview\" hidden class=\"wp-block-file__embed\" data=\"https:\/\/www.lpdordogne.fr\/wp-content\/uploads\/2025\/12\/bullclammgnov-2025-def.pdf\" type=\"application\/pdf\" style=\"width:100%;height:942px\" aria-label=\"Contenu embarqu\u00e9 bullclammgnov 2025 def.\"><\/object><a id=\"wp-block-file--media-8195563c-a168-46fd-82af-03873338013b\" href=\"https:\/\/www.lpdordogne.fr\/wp-content\/uploads\/2025\/12\/bullclammgnov-2025-def.pdf\">bullclammgnov 2025 def<\/a><a href=\"https:\/\/www.lpdordogne.fr\/wp-content\/uploads\/2025\/12\/bullclammgnov-2025-def.pdf\" class=\"wp-block-file__button wp-element-button\" download aria-describedby=\"wp-block-file--media-8195563c-a168-46fd-82af-03873338013b\">T\u00e9l\u00e9charger<\/a><\/div>\n","protected":false},"excerpt":{"rendered":"<p>Le Comit\u00e9 La\u00efque des Amis du Monument aux Morts de Gentioux (CLAMMG) est l&rsquo;association constitu\u00e9e afin \u00a0\u00bb de combattre la guerre, d&rsquo;honorer la m\u00e9moire de tous ceux qui en ont \u00e9t\u00e9 les victimes et de promouvoir la fraternit\u00e9 entre les peuples \u00a0\u00bb (Art 2 des statuts de l&rsquo;association). Elle \u00e9dite la publication \u00ab\u00a0Le Bulletin du &hellip; <a href=\"https:\/\/www.lpdordogne.fr\/?p=4414\" class=\"more-link\">Continuer la lecture<span class=\"screen-reader-text\"> de &laquo;&nbsp;Le bulletin de novembre 2025 du Comit\u00e9 La\u00efque des Amis du Monument aux Morts de Gentioux&nbsp;&raquo;<\/span><\/a><\/p>\n","protected":false},"author":1,"featured_media":4416,"comment_status":"open","ping_status":"open","sticky":true,"template":"","format":"standard","meta":{"footnotes":""},"categories":[9,16],"tags":[],"class_list":["post-4414","post","type-post","status-publish","format-standard","has-post-thumbnail","hentry","category-fusilles-pour-lexemple","category-pacifisme-antimilitarisme"],"_links":{"self":[{"href":"https:\/\/www.lpdordogne.fr\/index.php?rest_route=\/wp\/v2\/posts\/4414","targetHints":{"allow":["GET"]}}],"collection":[{"href":"https:\/\/www.lpdordogne.fr\/index.php?rest_route=\/wp\/v2\/posts"}],"about":[{"href":"https:\/\/www.lpdordogne.fr\/index.php?rest_route=\/wp\/v2\/types\/post"}],"author":[{"embeddable":true,"href":"https:\/\/www.lpdordogne.fr\/index.php?rest_route=\/wp\/v2\/users\/1"}],"replies":[{"embeddable":true,"href":"https:\/\/www.lpdordogne.fr\/index.php?rest_route=%2Fwp%2Fv2%2Fcomments&post=4414"}],"version-history":[{"count":3,"href":"https:\/\/www.lpdordogne.fr\/index.php?rest_route=\/wp\/v2\/posts\/4414\/revisions"}],"predecessor-version":[{"id":4420,"href":"https:\/\/www.lpdordogne.fr\/index.php?rest_route=\/wp\/v2\/posts\/4414\/revisions\/4420"}],"wp:featuredmedia":[{"embeddable":true,"href":"https:\/\/www.lpdordogne.fr\/index.php?rest_route=\/wp\/v2\/media\/4416"}],"wp:attachment":[{"href":"https:\/\/www.lpdordogne.fr\/index.php?rest_route=%2Fwp%2Fv2%2Fmedia&parent=4414"}],"wp:term":[{"taxonomy":"category","embeddable":true,"href":"https:\/\/www.lpdordogne.fr\/index.php?rest_route=%2Fwp%2Fv2%2Fcategories&post=4414"},{"taxonomy":"post_tag","embeddable":true,"href":"https:\/\/www.lpdordogne.fr\/index.php?rest_route=%2Fwp%2Fv2%2Ftags&post=4414"}],"curies":[{"name":"wp","href":"https:\/\/api.w.org\/{rel}","templated":true}]}}