{"id":4405,"date":"2025-12-15T23:06:16","date_gmt":"2025-12-15T23:06:16","guid":{"rendered":"https:\/\/www.lpdordogne.fr\/?p=4405"},"modified":"2026-01-04T16:56:14","modified_gmt":"2026-01-04T16:56:14","slug":"le-groupe-fred-zeller-sur-rlp-15-decembre-2025","status":"publish","type":"post","link":"https:\/\/www.lpdordogne.fr\/?p=4405","title":{"rendered":"Le groupe Fred Zeller sur RLP : 15 d\u00e9cembre 2025"},"content":{"rendered":"\n<h2 class=\"wp-block-heading\"><strong>Sommaire de la chronique du 15 d\u00e9cembre 2025 :<\/strong><\/h2>\n\n\n\n<ul class=\"wp-block-list\">\n<li>120\u00e8me anniversaire de la loi de 1905 : la journ\u00e9e de mobilisation la\u00efque du 6 d\u00e9cembre<\/li>\n<\/ul>\n\n\n\n<div class=\"wp-block-buttons is-content-justification-center is-layout-flex wp-container-core-buttons-is-layout-16018d1d wp-block-buttons-is-layout-flex\">\n<div class=\"wp-block-button\"><a class=\"wp-block-button__link has-dark-red-background-color has-background has-text-align-center wp-element-button\" href=\"https:\/\/www.radioslibresenperigord.com\/wp-content\/podcasts\/\/libre-pensee\/2025.12.15%20Libre%20Pens%C3%A9e%2C%20Retour%20sur%20la%20mobilisation%20la%C3%AFque%20du%206%20d%C3%A9cembre.mp3?_=1\" target=\"_blank\" rel=\"noreferrer noopener\">\u00e9couter CETTE CHRONIQUE<\/a><\/div>\n<\/div>\n\n\n\n<!--more-->\n\n\n\n<p><strong>Introduction musicale<\/strong> : Le Forgeron de la Paix [0&rsquo;00\u00a0\u00bb &#8211; 0&rsquo;25\u00a0\u00bb]<\/p>\n\n\n\n<hr class=\"wp-block-separator has-alpha-channel-opacity\"\/>\n\n\n\n<h2 class=\"wp-block-heading\">La\u00efcit\u00e9 : les 120 ans de la loi de 1905 et la journ\u00e9e de mobilisation la\u00efque du 6 d\u00e9cembre<\/h2>\n\n\n\n<hr class=\"wp-block-separator has-alpha-channel-opacity\"\/>\n\n\n\n<p style=\"text-align: justify;\" align=\"JUSTIFY\"><span style=\"font-family: tahoma, arial, helvetica, sans-serif;\"><span style=\"font-size: medium;\"><span style=\"color: #000000;\">La Grande salle de Spectacle Eug\u00e8ne H\u00e9nafff de la Bourse du Travail \u00e9tait pleine \u00e0 craquer et de 14H30 \u00e0 17H45, le public a \u00e9cout\u00e9 de mani\u00e8re studieuse et passionn\u00e9e les diff\u00e9rentes interventions de tout ce que compte l\u2019authentique Mouvement la\u00efque de ce pays. Le mot d\u2019Ordre d\u2019<\/span><span style=\"color: #ee0000;\"><i>Abrogation de la loi Debr\u00e9\u00a0!<\/i><\/span><span style=\"color: #000000;\"> a \u00e9t\u00e9 scand\u00e9 massivement comme une exigence la\u00efque.<\/span><\/span><\/span><\/p>\n\n\n\n<figure class=\"wp-block-image size-large\"><img loading=\"lazy\" decoding=\"async\" width=\"1024\" height=\"768\" src=\"https:\/\/www.lpdordogne.fr\/wp-content\/uploads\/2025\/12\/MEETING-1-1024x768.jpg\" alt=\"\" class=\"wp-image-4393\" srcset=\"https:\/\/www.lpdordogne.fr\/wp-content\/uploads\/2025\/12\/MEETING-1-1024x768.jpg 1024w, https:\/\/www.lpdordogne.fr\/wp-content\/uploads\/2025\/12\/MEETING-1-300x225.jpg 300w, https:\/\/www.lpdordogne.fr\/wp-content\/uploads\/2025\/12\/MEETING-1-768x576.jpg 768w, https:\/\/www.lpdordogne.fr\/wp-content\/uploads\/2025\/12\/MEETING-1-1200x900.jpg 1200w, https:\/\/www.lpdordogne.fr\/wp-content\/uploads\/2025\/12\/MEETING-1.jpg 1224w\" sizes=\"auto, (max-width: 709px) 85vw, (max-width: 909px) 67vw, (max-width: 1362px) 62vw, 840px\" \/><\/figure>\n\n\n\n<div class=\"wp-block-buttons is-content-justification-center is-layout-flex wp-container-core-buttons-is-layout-16018d1d wp-block-buttons-is-layout-flex\">\n<div class=\"wp-block-button\"><a class=\"wp-block-button__link has-dark-red-background-color has-background has-text-align-center wp-element-button\" href=\"https:\/\/www.radioslibresenperigord.com\/wp-content\/podcasts\/\/libre-pensee\/2025.12.15%20Libre%20Pens%C3%A9e%2C%20Retour%20sur%20la%20mobilisation%20la%C3%AFque%20du%206%20d%C3%A9cembre.mp3?_=1\" target=\"_blank\" rel=\"noreferrer noopener\">\u00e9couter CETTE CHRONIQUE<\/a><\/div>\n<\/div>\n\n\n\n<h2 class=\"wp-block-heading\">Tout le Mouvement la\u00efque authentique \u00e9tait l\u00e0 avec la Libre Pens\u00e9e<\/h2>\n\n\n\n<div data-wp-interactive=\"core\/file\" class=\"wp-block-file\"><object data-wp-bind--hidden=\"!state.hasPdfPreview\" hidden class=\"wp-block-file__embed\" data=\"https:\/\/www.lpdordogne.fr\/wp-content\/uploads\/2025\/12\/COMPTE-RENDU.pdf\" type=\"application\/pdf\" style=\"width:100%;height:600px\" aria-label=\"Contenu embarqu\u00e9 COMPTE-RENDU.\"><\/object><a id=\"wp-block-file--media-fd68cbde-3558-4dc4-8bb9-9f2b993c5ffe\" href=\"https:\/\/www.lpdordogne.fr\/wp-content\/uploads\/2025\/12\/COMPTE-RENDU.pdf\">COMPTE-RENDU<\/a><a href=\"https:\/\/www.lpdordogne.fr\/wp-content\/uploads\/2025\/12\/COMPTE-RENDU.pdf\" class=\"wp-block-file__button wp-element-button\" download aria-describedby=\"wp-block-file--media-fd68cbde-3558-4dc4-8bb9-9f2b993c5ffe\">T\u00e9l\u00e9charger<\/a><\/div>\n\n\n\n<div data-wp-interactive=\"core\/file\" class=\"wp-block-file\"><object data-wp-bind--hidden=\"!state.hasPdfPreview\" hidden class=\"wp-block-file__embed\" data=\"https:\/\/www.lpdordogne.fr\/wp-content\/uploads\/2025\/12\/DISCOURS-DE-PIERRE-YVES-MODICOM.pdf\" type=\"application\/pdf\" style=\"width:100%;height:600px\" aria-label=\"Contenu embarqu\u00e9 DISCOURS-DE-PIERRE-YVES-MODICOM.\"><\/object><a id=\"wp-block-file--media-2981989b-5866-40d9-bad4-12d965496cda\" href=\"https:\/\/www.lpdordogne.fr\/wp-content\/uploads\/2025\/12\/DISCOURS-DE-PIERRE-YVES-MODICOM.pdf\">DISCOURS-DE-PIERRE-YVES-MODICOM<\/a><a href=\"https:\/\/www.lpdordogne.fr\/wp-content\/uploads\/2025\/12\/DISCOURS-DE-PIERRE-YVES-MODICOM.pdf\" class=\"wp-block-file__button wp-element-button\" download aria-describedby=\"wp-block-file--media-2981989b-5866-40d9-bad4-12d965496cda\">T\u00e9l\u00e9charger<\/a><\/div>\n\n\n\n<div data-wp-interactive=\"core\/file\" class=\"wp-block-file\"><object data-wp-bind--hidden=\"!state.hasPdfPreview\" hidden class=\"wp-block-file__embed\" data=\"https:\/\/www.lpdordogne.fr\/wp-content\/uploads\/2025\/12\/Discours-de-Benoit-Schneckenburger.pdf\" type=\"application\/pdf\" style=\"width:100%;height:600px\" aria-label=\"Contenu embarqu\u00e9 Discours-de-Benoit-Schneckenburger.\"><\/object><a id=\"wp-block-file--media-39262dc7-2b87-45a3-8353-713c484d1160\" href=\"https:\/\/www.lpdordogne.fr\/wp-content\/uploads\/2025\/12\/Discours-de-Benoit-Schneckenburger.pdf\">Discours-de-Benoit-Schneckenburger<\/a><a href=\"https:\/\/www.lpdordogne.fr\/wp-content\/uploads\/2025\/12\/Discours-de-Benoit-Schneckenburger.pdf\" class=\"wp-block-file__button wp-element-button\" download aria-describedby=\"wp-block-file--media-39262dc7-2b87-45a3-8353-713c484d1160\">T\u00e9l\u00e9charger<\/a><\/div>\n\n\n\n<div data-wp-interactive=\"core\/file\" class=\"wp-block-file\"><object data-wp-bind--hidden=\"!state.hasPdfPreview\" hidden class=\"wp-block-file__embed\" data=\"https:\/\/www.lpdordogne.fr\/wp-content\/uploads\/2025\/12\/Discours-de-Christian-Eyschen.pdf\" type=\"application\/pdf\" style=\"width:100%;height:600px\" aria-label=\"Contenu embarqu\u00e9 Discours-de-Christian-Eyschen.\"><\/object><a id=\"wp-block-file--media-0538e38e-be1d-45c1-a501-41764865d4d6\" href=\"https:\/\/www.lpdordogne.fr\/wp-content\/uploads\/2025\/12\/Discours-de-Christian-Eyschen.pdf\">Discours-de-Christian-Eyschen<\/a><a href=\"https:\/\/www.lpdordogne.fr\/wp-content\/uploads\/2025\/12\/Discours-de-Christian-Eyschen.pdf\" class=\"wp-block-file__button wp-element-button\" download aria-describedby=\"wp-block-file--media-0538e38e-be1d-45c1-a501-41764865d4d6\">T\u00e9l\u00e9charger<\/a><\/div>\n\n\n\n<div data-wp-interactive=\"core\/file\" class=\"wp-block-file\"><object data-wp-bind--hidden=\"!state.hasPdfPreview\" hidden class=\"wp-block-file__embed\" data=\"https:\/\/www.lpdordogne.fr\/wp-content\/uploads\/2025\/12\/DECLARATION-DU-9-DECEMBRE-2025-1.pdf\" type=\"application\/pdf\" style=\"width:100%;height:600px\" aria-label=\"Contenu embarqu\u00e9 DECLARATION-DU-9-DECEMBRE-2025.\"><\/object><a id=\"wp-block-file--media-3bbf2137-cfd0-4240-b8ba-e5ce08253b3a\" href=\"https:\/\/www.lpdordogne.fr\/wp-content\/uploads\/2025\/12\/DECLARATION-DU-9-DECEMBRE-2025-1.pdf\">DECLARATION-DU-9-DECEMBRE-2025<\/a><a href=\"https:\/\/www.lpdordogne.fr\/wp-content\/uploads\/2025\/12\/DECLARATION-DU-9-DECEMBRE-2025-1.pdf\" class=\"wp-block-file__button wp-element-button\" download aria-describedby=\"wp-block-file--media-3bbf2137-cfd0-4240-b8ba-e5ce08253b3a\">T\u00e9l\u00e9charger<\/a><\/div>\n\n\n\n<div class=\"wp-block-buttons is-layout-flex wp-block-buttons-is-layout-flex\">\n<div class=\"wp-block-button\"><a class=\"wp-block-button__link has-dark-red-background-color has-background wp-element-button\" href=\"https:\/\/fnlp.fr\/2025\/12\/journee-de-mobilisation-laique-du-6-decembre-2025-tout-le-mouvement-laique-aux-cotes-de-la-libre-pensee\/\" target=\"_blank\" rel=\"noreferrer noopener\">Le compte rendu de la journ\u00e9e de mobilisation la\u00efque sur le site de la FNLP<\/a><\/div>\n<\/div>\n\n\n\n<p><\/p>\n","protected":false},"excerpt":{"rendered":"<p>Sommaire de la chronique du 15 d\u00e9cembre 2025 :<\/p>\n","protected":false},"author":1,"featured_media":96,"comment_status":"open","ping_status":"open","sticky":false,"template":"","format":"standard","meta":{"footnotes":""},"categories":[54,11,20],"tags":[],"class_list":["post-4405","post","type-post","status-publish","format-standard","has-post-thumbnail","hentry","category-laicite","category-loi-de-1905","category-rlp"],"_links":{"self":[{"href":"https:\/\/www.lpdordogne.fr\/index.php?rest_route=\/wp\/v2\/posts\/4405","targetHints":{"allow":["GET"]}}],"collection":[{"href":"https:\/\/www.lpdordogne.fr\/index.php?rest_route=\/wp\/v2\/posts"}],"about":[{"href":"https:\/\/www.lpdordogne.fr\/index.php?rest_route=\/wp\/v2\/types\/post"}],"author":[{"embeddable":true,"href":"https:\/\/www.lpdordogne.fr\/index.php?rest_route=\/wp\/v2\/users\/1"}],"replies":[{"embeddable":true,"href":"https:\/\/www.lpdordogne.fr\/index.php?rest_route=%2Fwp%2Fv2%2Fcomments&post=4405"}],"version-history":[{"count":2,"href":"https:\/\/www.lpdordogne.fr\/index.php?rest_route=\/wp\/v2\/posts\/4405\/revisions"}],"predecessor-version":[{"id":4412,"href":"https:\/\/www.lpdordogne.fr\/index.php?rest_route=\/wp\/v2\/posts\/4405\/revisions\/4412"}],"wp:featuredmedia":[{"embeddable":true,"href":"https:\/\/www.lpdordogne.fr\/index.php?rest_route=\/wp\/v2\/media\/96"}],"wp:attachment":[{"href":"https:\/\/www.lpdordogne.fr\/index.php?rest_route=%2Fwp%2Fv2%2Fmedia&parent=4405"}],"wp:term":[{"taxonomy":"category","embeddable":true,"href":"https:\/\/www.lpdordogne.fr\/index.php?rest_route=%2Fwp%2Fv2%2Fcategories&post=4405"},{"taxonomy":"post_tag","embeddable":true,"href":"https:\/\/www.lpdordogne.fr\/index.php?rest_route=%2Fwp%2Fv2%2Ftags&post=4405"}],"curies":[{"name":"wp","href":"https:\/\/api.w.org\/{rel}","templated":true}]}}