{"id":4389,"date":"2025-12-09T17:41:48","date_gmt":"2025-12-09T17:41:48","guid":{"rendered":"https:\/\/www.lpdordogne.fr\/?p=4389"},"modified":"2026-01-04T16:56:14","modified_gmt":"2026-01-04T16:56:14","slug":"le-groupe-fred-zeller-sur-rlp-8-decembre-2025-la-question-noire-aux-etats-unis","status":"publish","type":"post","link":"https:\/\/www.lpdordogne.fr\/?p=4389","title":{"rendered":"Le groupe Fred Zeller sur RLP : 8 d\u00e9cembre 2025 &#8211; La question noire aux Etats-Unis"},"content":{"rendered":"\n<h2 class=\"wp-block-heading\"><strong>Sommaire de la chronique du 8 d\u00e9cembre 2025 :<\/strong><\/h2>\n\n\n\n<ul class=\"wp-block-list\">\n<li>120\u00e8me anniversaire de la loi de 1905 : le groupe Fred Zeller \u00e9tait pr\u00e9sent au grand meeting\u00e0 Paris<\/li>\n\n\n\n<li>La question noire aux Etats-Unis<\/li>\n\n\n\n<li>choix musical : Myriam Makeba : Malcom&rsquo;x<\/li>\n<\/ul>\n\n\n\n<div class=\"wp-block-buttons is-content-justification-center is-layout-flex wp-container-core-buttons-is-layout-16018d1d wp-block-buttons-is-layout-flex\">\n<div class=\"wp-block-button\"><a class=\"wp-block-button__link has-dark-red-background-color has-background has-text-align-center wp-element-button\" href=\"https:\/\/www.radioslibresenperigord.com\/wp-content\/podcasts\/\/libre-pensee\/2025.12.08%20Libre%20Pens%C3%A9e%2C%20Malcom%20X.mp3?_=1\" target=\"_blank\" rel=\"noreferrer noopener\">\u00e9couter CETTE CHRONIQUE<\/a><\/div>\n<\/div>\n\n\n\n<!--more-->\n\n\n\n<p><strong>Introduction musicale<\/strong> : Le Forgeron de la Paix [0&rsquo;00\u00a0\u00bb &#8211; 0&rsquo;25\u00a0\u00bb]<\/p>\n\n\n\n<hr class=\"wp-block-separator has-alpha-channel-opacity\"\/>\n\n\n\n<h2 class=\"wp-block-heading\">La\u00efcit\u00e9 : les 120 ans de la loi de 1905<\/h2>\n\n\n\n<hr class=\"wp-block-separator has-alpha-channel-opacity\"\/>\n\n\n\n<p style=\"text-align: justify;\" align=\"JUSTIFY\"><span style=\"font-family: tahoma, arial, helvetica, sans-serif;\"><span style=\"font-size: medium;\"><span style=\"color: #000000;\">La Grande salle de Spectacle Eug\u00e8ne H\u00e9nafff de la Bourse du Travail \u00e9tait pleine \u00e0 craquer et de 14H30 \u00e0 17H45, le public a \u00e9cout\u00e9 de mani\u00e8re studieuse et passionn\u00e9e les diff\u00e9rentes interventions de tout ce que compte l\u2019authentique Mouvement la\u00efque de ce pays. Le mot d\u2019Ordre d\u2019<\/span><span style=\"color: #ee0000;\"><i>Abrogation de la loi Debr\u00e9&nbsp;!<\/i><\/span><span style=\"color: #000000;\"> a \u00e9t\u00e9 scand\u00e9 massivement comme une exigence la\u00efque.<\/span><\/span><\/span><\/p>\n\n\n\n<figure class=\"wp-block-image size-large\"><img loading=\"lazy\" decoding=\"async\" width=\"1024\" height=\"768\" src=\"https:\/\/www.lpdordogne.fr\/wp-content\/uploads\/2025\/12\/MEETING-1-1024x768.jpg\" alt=\"\" class=\"wp-image-4393\" srcset=\"https:\/\/www.lpdordogne.fr\/wp-content\/uploads\/2025\/12\/MEETING-1-1024x768.jpg 1024w, https:\/\/www.lpdordogne.fr\/wp-content\/uploads\/2025\/12\/MEETING-1-300x225.jpg 300w, https:\/\/www.lpdordogne.fr\/wp-content\/uploads\/2025\/12\/MEETING-1-768x576.jpg 768w, https:\/\/www.lpdordogne.fr\/wp-content\/uploads\/2025\/12\/MEETING-1-1200x900.jpg 1200w, https:\/\/www.lpdordogne.fr\/wp-content\/uploads\/2025\/12\/MEETING-1.jpg 1224w\" sizes=\"auto, (max-width: 709px) 85vw, (max-width: 909px) 67vw, (max-width: 1362px) 62vw, 840px\" \/><\/figure>\n\n\n\n<div class=\"wp-block-buttons is-content-justification-center is-layout-flex wp-container-core-buttons-is-layout-16018d1d wp-block-buttons-is-layout-flex\">\n<div class=\"wp-block-button\"><a class=\"wp-block-button__link has-dark-red-background-color has-background has-text-align-center wp-element-button\" href=\"https:\/\/www.radioslibresenperigord.com\/wp-content\/podcasts\/\/libre-pensee\/2025.12.08%20Libre%20Pens%C3%A9e%2C%20Malcom%20X.mp3?_=1\" target=\"_blank\" rel=\"noreferrer noopener\">\u00e9couter CETTE CHRONIQUE<\/a><\/div>\n<\/div>\n\n\n\n<h2 class=\"wp-block-heading\">La question noire aux Etats-Unis<\/h2>\n\n\n\n<figure class=\"wp-block-image size-large\"><a href=\"https:\/\/fnlp.fr\/2025\/09\/malcolm-x-un-destin-brise\/\" target=\"_blank\" rel=\" noreferrer noopener\"><img loading=\"lazy\" decoding=\"async\" width=\"724\" height=\"1024\" src=\"https:\/\/www.lpdordogne.fr\/wp-content\/uploads\/2025\/12\/malcom-x-724x1024.png\" alt=\"\" class=\"wp-image-4390\" srcset=\"https:\/\/www.lpdordogne.fr\/wp-content\/uploads\/2025\/12\/malcom-x-724x1024.png 724w, https:\/\/www.lpdordogne.fr\/wp-content\/uploads\/2025\/12\/malcom-x-212x300.png 212w, https:\/\/www.lpdordogne.fr\/wp-content\/uploads\/2025\/12\/malcom-x-768x1086.png 768w, https:\/\/www.lpdordogne.fr\/wp-content\/uploads\/2025\/12\/malcom-x.png 780w\" sizes=\"auto, (max-width: 709px) 85vw, (max-width: 909px) 67vw, (max-width: 984px) 61vw, (max-width: 1362px) 45vw, 600px\" \/><\/a><\/figure>\n\n\n<p><span style=\"text-decoration: underline;\">Christian Eyschen :<\/span><\/p>\n<p style=\"text-align: justify;\">\u00a0\u00bb Si la mort en g\u00e9n\u00e9ral et surtout par assassinat est toujours un drame, celui qui frappa, le 21 f\u00e9vrier 1965 \u00e0 Harlem, Malcolm Little devenu Malcolm X, puis Al-H\u00e2dj M\u00e2lik al-Shabbaz, est plus qu\u2019un drame, c\u2019est une horreur absolue, car il frappa un militant qui \u00e9voluait sans cesse vers sa gauche : le Mouvement ouvrier. Qui sait jusqu\u2019o\u00f9 il aurait pu aller ? Son assassinat f\u00fbt un crime contre l\u2019Humanit\u00e9 combattante qui cherche l\u2019\u00c9mancipation int\u00e9grale.<br \/>Martin Luther King apr\u00e8s son assassinat d\u00e9clarera que \u00ab ce meurtre est une grande trag\u00e9die et que cela prive le monde d\u2019un grand leader potentiel. \u00bb<br \/>L\u2019id\u00e9e de ce travail m\u2019est venue en r\u00e9fl\u00e9chissant sur une question qui me pr\u00e9occupe depuis longtemps : pourquoi les Noirs ont-ils adopt\u00e9 la religion de leurs a\u00eetres, de leurs bourreaux et pourquoi l\u2019ont-ils surtout gard\u00e9 pour la plupart ?<br \/>La vie de Malcolm X et son \u0153uvre sans cesse renouvel\u00e9e, changeante et progressive m\u2019a apport\u00e9 un grand nombre de r\u00e9ponses \u00e0 cela.<br \/>J\u2019avais commenc\u00e9 cette r\u00e9flexion dans des articles pour la Rubrique \u00ab \u00ab Musique \u00bb pour la Raison et pour l\u2019Id\u00e9e libre, sur John Mayall et Allman Brothers Band que je vous livre ci-dessous. \u00ab\u00a0<\/p>\n\n\n<div data-wp-interactive=\"core\/file\" class=\"wp-block-file\"><object data-wp-bind--hidden=\"!state.hasPdfPreview\" hidden class=\"wp-block-file__embed\" data=\"https:\/\/www.lpdordogne.fr\/wp-content\/uploads\/2025\/12\/malcolm-X_v2_compressed.pdf\" type=\"application\/pdf\" style=\"width:100%;height:600px\" aria-label=\"Contenu embarqu\u00e9 malcolm-X_v2_compressed.\"><\/object><a id=\"wp-block-file--media-b54f7c5e-cbb3-41b9-9203-316c6a619f07\" href=\"https:\/\/www.lpdordogne.fr\/wp-content\/uploads\/2025\/12\/malcolm-X_v2_compressed.pdf\">malcolm-X_v2_compressed<\/a><a href=\"https:\/\/www.lpdordogne.fr\/wp-content\/uploads\/2025\/12\/malcolm-X_v2_compressed.pdf\" class=\"wp-block-file__button wp-element-button\" download aria-describedby=\"wp-block-file--media-b54f7c5e-cbb3-41b9-9203-316c6a619f07\">T\u00e9l\u00e9charger<\/a><\/div>\n\n\n\n<figure class=\"wp-block-embed is-type-wp-embed is-provider-f-deration-nationale-de-la-libre-pens-e wp-block-embed-f-deration-nationale-de-la-libre-pens-e\"><div class=\"wp-block-embed__wrapper\">\n<blockquote class=\"wp-embedded-content\" data-secret=\"vWFsmENGMf\"><a href=\"https:\/\/fnlp.fr\/2025\/09\/malcolm-x-un-destin-brise\/\">Malcolm X, une destin\u00e9e bris\u00e9e<\/a><\/blockquote><iframe loading=\"lazy\" class=\"wp-embedded-content\" sandbox=\"allow-scripts\" security=\"restricted\" style=\"position: absolute; visibility: hidden;\" title=\"\u00ab\u00a0Malcolm X, une destin\u00e9e bris\u00e9e\u00a0\u00bb &#8212; F\u00c9DERATION NATIONALE DE LA LIBRE PENS\u00c9E\" src=\"https:\/\/fnlp.fr\/2025\/09\/malcolm-x-un-destin-brise\/embed\/#?secret=FbNBktM4a6#?secret=vWFsmENGMf\" data-secret=\"vWFsmENGMf\" width=\"600\" height=\"338\" frameborder=\"0\" marginwidth=\"0\" marginheight=\"0\" scrolling=\"no\"><\/iframe>\n<\/div><\/figure>\n","protected":false},"excerpt":{"rendered":"<p>Sommaire de la chronique du 8 d\u00e9cembre 2025 :<\/p>\n","protected":false},"author":1,"featured_media":96,"comment_status":"open","ping_status":"open","sticky":false,"template":"","format":"standard","meta":{"footnotes":""},"categories":[53,54,11,20],"tags":[],"class_list":["post-4389","post","type-post","status-publish","format-standard","has-post-thumbnail","hentry","category-defense-des-libertes","category-laicite","category-loi-de-1905","category-rlp"],"_links":{"self":[{"href":"https:\/\/www.lpdordogne.fr\/index.php?rest_route=\/wp\/v2\/posts\/4389","targetHints":{"allow":["GET"]}}],"collection":[{"href":"https:\/\/www.lpdordogne.fr\/index.php?rest_route=\/wp\/v2\/posts"}],"about":[{"href":"https:\/\/www.lpdordogne.fr\/index.php?rest_route=\/wp\/v2\/types\/post"}],"author":[{"embeddable":true,"href":"https:\/\/www.lpdordogne.fr\/index.php?rest_route=\/wp\/v2\/users\/1"}],"replies":[{"embeddable":true,"href":"https:\/\/www.lpdordogne.fr\/index.php?rest_route=%2Fwp%2Fv2%2Fcomments&post=4389"}],"version-history":[{"count":2,"href":"https:\/\/www.lpdordogne.fr\/index.php?rest_route=\/wp\/v2\/posts\/4389\/revisions"}],"predecessor-version":[{"id":4398,"href":"https:\/\/www.lpdordogne.fr\/index.php?rest_route=\/wp\/v2\/posts\/4389\/revisions\/4398"}],"wp:featuredmedia":[{"embeddable":true,"href":"https:\/\/www.lpdordogne.fr\/index.php?rest_route=\/wp\/v2\/media\/96"}],"wp:attachment":[{"href":"https:\/\/www.lpdordogne.fr\/index.php?rest_route=%2Fwp%2Fv2%2Fmedia&parent=4389"}],"wp:term":[{"taxonomy":"category","embeddable":true,"href":"https:\/\/www.lpdordogne.fr\/index.php?rest_route=%2Fwp%2Fv2%2Fcategories&post=4389"},{"taxonomy":"post_tag","embeddable":true,"href":"https:\/\/www.lpdordogne.fr\/index.php?rest_route=%2Fwp%2Fv2%2Ftags&post=4389"}],"curies":[{"name":"wp","href":"https:\/\/api.w.org\/{rel}","templated":true}]}}