{"id":4376,"date":"2025-11-24T20:07:44","date_gmt":"2025-11-24T20:07:44","guid":{"rendered":"https:\/\/www.lpdordogne.fr\/?p=4376"},"modified":"2026-01-04T16:56:14","modified_gmt":"2026-01-04T16:56:14","slug":"le-groupe-fred-zeller-sur-rlp-24-novembre-2025-la-loi-de-1905-a-120-ans","status":"publish","type":"post","link":"https:\/\/www.lpdordogne.fr\/?p=4376","title":{"rendered":"Le groupe Fred Zeller sur RLP : 24 novembre 2025 &#8211; la loi de 1905 a 120 ans"},"content":{"rendered":"\n<h2 class=\"wp-block-heading\"><strong>Sommaire de la chronique du 24 novembre 2025 :<\/strong><\/h2>\n\n\n\n<ul class=\"wp-block-list\">\n<li>Les Libres Penseurs de Dordogne &#8211; Groupe Fred Zeller (GFZ) appellent \u00e0 participer au rassemblement pour la d\u00e9fense des droits du peuple palestinien , de leur exigence jamais abandonn\u00e9e, du droit au retour, samedi 29 novembre \u00e0 11h \u00e0 P\u00e9rigueux<\/li>\n\n\n\n<li>La communication de Jean Baub\u00e9rot devant le CESE, sur le 120\u00e8me anniversaire de la loi de 1905<\/li>\n<\/ul>\n\n\n\n<div class=\"wp-block-buttons is-content-justification-center is-layout-flex wp-container-core-buttons-is-layout-16018d1d wp-block-buttons-is-layout-flex\">\n<div class=\"wp-block-button\"><a class=\"wp-block-button__link has-dark-red-background-color has-background has-text-align-center wp-element-button\" href=\"https:\/\/www.radioslibresenperigord.com\/wp-content\/podcasts\/\/libre-pensee\/2025.11.24%20Libre%20Pens%C3%A9e%2C%20Jean%20BAUB%C3%89ROT-VINCENT%20sur%20la%20loi%20de%201905%20%28120e%20anniversaire%29.mp3?_=1\" target=\"_blank\" rel=\"noreferrer noopener\">\u00e9couter CETTE CHRONIQUE<\/a><\/div>\n<\/div>\n\n\n\n<!--more-->\n\n\n\n<p><strong>Introduction musicale<\/strong> : Le Forgeron de la Paix [0&rsquo;00\u00a0\u00bb &#8211; 0&rsquo;25\u00a0\u00bb]<\/p>\n\n\n\n<hr class=\"wp-block-separator has-alpha-channel-opacity\"\/>\n\n\n\n<h2 class=\"wp-block-heading\">La\u00efcit\u00e9 : les 120 ans de la loi, de 1905<\/h2>\n\n\n\n<p>Jean Baub\u00e9rot-Vincent : \u00ab\u00a0La comm\u00e9moration des 120 ans de la loi de 1905 bat son plein. Les sollicitations ont \u00e9t\u00e9 tr\u00e8s nombreuses et, bien qu\u2019en utilisant, pour certaines, la visio-conf\u00e9rence, je n\u2019ai pas pu r\u00e9pondre \u00e0 toutes les demandes. C\u2019est pourquoi je donne ici le compte-rendu d\u2019une intervention que j\u2019ai faite au Conseil Economique, Social et Environnemental (CESE).\u00a0\u00bb<\/p>\n\n\n\n<ol class=\"wp-block-list\">\n<li>Je vais d\u2019abord revenir sur le contexte de l\u2019\u00e9poque, puis aborder les enjeux \u00e0 proprement parler. Enfin, je tenterai de donner une br\u00e8ve conclusion comportant quelques \u00e9l\u00e9ments d\u2019actualisation.<\/li>\n<\/ol>\n\n\n\n<p>On peut aborder le contexte de deux mani\u00e8res. D\u2019abord, envisager le contexte dans la longue dur\u00e9e. Le XIX<sup>e<\/sup>&nbsp;si\u00e8cle est marqu\u00e9 non seulement par la ratification, en 1802, d\u2019un Concordat entre l\u2019Etat fran\u00e7ais et Rome, \u00e9labor\u00e9 l\u2019ann\u00e9e pr\u00e9c\u00e9dente, mais \u00e9galement -on l\u2019oublie trop souvent- par une organisation religieuse pluraliste autour d\u2019un r\u00e9gime juridique de \u00ab&nbsp;cultes reconnus&nbsp;\u00bb. Lorsque l\u2019article&nbsp;2 de la loi de 1905 affirme que \u00ab&nbsp;la R\u00e9publique ne reconna\u00eet aucun culte, il s\u2019agit d\u2019un terme technique. Cela signifie que l\u2019on met fin au r\u00e9gime des cultes reconnus incluant le catholicisme, le protestantisme et le juda\u00efsme. Cependant, cette tentative de pluralisme juridique a \u00e9t\u00e9 politiquement surd\u00e9termin\u00e9e par ce que les historiens appellent \u00ab&nbsp;le conflit des deux France&nbsp;\u00bb.<\/p>\n\n\n\n<p><a href=\"https:\/\/blogs.mediapart.fr\/jean-bauberot-vincent\/blog\/121125\/laicite-les-120-ans-de-la-loi-de-1905\" target=\"_blank\" rel=\"noreferrer noopener\">Retrouvez le billet de blog sur le club Mediapart<\/a><\/p>\n\n\n\n<hr class=\"wp-block-separator has-alpha-channel-opacity\"\/>\n\n\n\n<div class=\"wp-block-buttons is-content-justification-center is-layout-flex wp-container-core-buttons-is-layout-16018d1d wp-block-buttons-is-layout-flex\">\n<div class=\"wp-block-button\"><a class=\"wp-block-button__link has-dark-red-background-color has-background has-text-align-center wp-element-button\" href=\"https:\/\/www.radioslibresenperigord.com\/wp-content\/podcasts\/\/libre-pensee\/2025.11.24%20Libre%20Pens%C3%A9e%2C%20Jean%20BAUB%C3%89ROT-VINCENT%20sur%20la%20loi%20de%201905%20%28120e%20anniversaire%29.mp3?_=1\" target=\"_blank\" rel=\"noreferrer noopener\">\u00e9couter CETTE CHRONIQUE<\/a><\/div>\n<\/div>\n\n\n\n<p><\/p>\n","protected":false},"excerpt":{"rendered":"<p>Sommaire de la chronique du 24 novembre 2025 :<\/p>\n","protected":false},"author":1,"featured_media":96,"comment_status":"open","ping_status":"open","sticky":false,"template":"","format":"standard","meta":{"footnotes":""},"categories":[54,11,20],"tags":[],"class_list":["post-4376","post","type-post","status-publish","format-standard","has-post-thumbnail","hentry","category-laicite","category-loi-de-1905","category-rlp"],"_links":{"self":[{"href":"https:\/\/www.lpdordogne.fr\/index.php?rest_route=\/wp\/v2\/posts\/4376","targetHints":{"allow":["GET"]}}],"collection":[{"href":"https:\/\/www.lpdordogne.fr\/index.php?rest_route=\/wp\/v2\/posts"}],"about":[{"href":"https:\/\/www.lpdordogne.fr\/index.php?rest_route=\/wp\/v2\/types\/post"}],"author":[{"embeddable":true,"href":"https:\/\/www.lpdordogne.fr\/index.php?rest_route=\/wp\/v2\/users\/1"}],"replies":[{"embeddable":true,"href":"https:\/\/www.lpdordogne.fr\/index.php?rest_route=%2Fwp%2Fv2%2Fcomments&post=4376"}],"version-history":[{"count":3,"href":"https:\/\/www.lpdordogne.fr\/index.php?rest_route=\/wp\/v2\/posts\/4376\/revisions"}],"predecessor-version":[{"id":4380,"href":"https:\/\/www.lpdordogne.fr\/index.php?rest_route=\/wp\/v2\/posts\/4376\/revisions\/4380"}],"wp:featuredmedia":[{"embeddable":true,"href":"https:\/\/www.lpdordogne.fr\/index.php?rest_route=\/wp\/v2\/media\/96"}],"wp:attachment":[{"href":"https:\/\/www.lpdordogne.fr\/index.php?rest_route=%2Fwp%2Fv2%2Fmedia&parent=4376"}],"wp:term":[{"taxonomy":"category","embeddable":true,"href":"https:\/\/www.lpdordogne.fr\/index.php?rest_route=%2Fwp%2Fv2%2Fcategories&post=4376"},{"taxonomy":"post_tag","embeddable":true,"href":"https:\/\/www.lpdordogne.fr\/index.php?rest_route=%2Fwp%2Fv2%2Ftags&post=4376"}],"curies":[{"name":"wp","href":"https:\/\/api.w.org\/{rel}","templated":true}]}}