{"id":4370,"date":"2025-11-24T17:37:54","date_gmt":"2025-11-24T17:37:54","guid":{"rendered":"https:\/\/www.lpdordogne.fr\/?p=4370"},"modified":"2025-11-24T20:09:04","modified_gmt":"2025-11-24T20:09:04","slug":"de-antoine-royere-a-felix-baudy","status":"publish","type":"post","link":"https:\/\/www.lpdordogne.fr\/?p=4370","title":{"rendered":"De Antoine Roy\u00e8re \u00e0 F\u00e9lix Baudy"},"content":{"rendered":"\n<p style=\"text-align: justify;\">Le 8 novembre 2025, r\u00e9pondant \u00e0 l&rsquo;appel des Libres-Penseurs de Dordogne &#8211; Groupe Fred Zeller (GFZ), de la section du Grand P\u00e9rigueux de la Ligue des Droits de l&rsquo;Homme (LDH) et du Mouvement de la Paix, une trentaine de personnes s&rsquo;est rassembl\u00e9e \u00e0 St-Andr\u00e9 Allas, devant la st\u00e8le en hommage \u00e0 Antoine Roy\u00e8re, originaire de cette commune et fusill\u00e9 pour l&rsquo;exemple le 18 avril 1916.<\/p>\n<p style=\"text-align: justify;\">Les discours ont \u00e9t\u00e9 prononc\u00e9s successivement par M. Patrick Salini\u00e9, maire de la commune de St-Andr\u00e9 Allas, V\u00e9ronique Merlin-Anglade, pour la LDH, Chantal Lesouple pour le, GFZ et un message de l&rsquo;historien, sp\u00e9cialiste des monuments pacifistes, Pierre Roy,\u00a0 a \u00e9t\u00e9 lu.<\/p>\n<p style=\"text-align: justify;\">Les 3 associations publient une brochure dans laquelle vous retrouverez l&rsquo;int\u00e9gralit\u00e9 de ces discours et beaucoup d&rsquo;autres informations, notamment avec l&rsquo;interview du sculpteur Rodolphe Giuglardo.<\/p>\n<p><a href=\"https:\/\/www.lpdordogne.fr\/wp-content\/uploads\/2025\/11\/Royere-Baudy-def.pdf\" target=\"_blank\" rel=\"noopener\">Cette brochure est accessible ici, dans sa version PDF.<\/a><\/p>\n<p style=\"text-align: center;\"><strong>REHABILITATION COLLECTIVE DES FUSILLES POUR L&rsquo;EXEMPLE<\/strong><br \/><strong>DE LA GUERRE DE 1914-1918 !<\/strong><\/p>\n\n\n\n<figure class=\"wp-block-image size-large\"><a href=\"https:\/\/www.lpdordogne.fr\/wp-content\/uploads\/2025\/11\/Royere-Baudy-def.pdf\" target=\"_blank\" rel=\" noreferrer noopener\"><img loading=\"lazy\" decoding=\"async\" width=\"724\" height=\"1024\" src=\"https:\/\/www.lpdordogne.fr\/wp-content\/uploads\/2025\/11\/Royere-Baudy-couv1-724x1024.png\" alt=\"\" class=\"wp-image-4372\" srcset=\"https:\/\/www.lpdordogne.fr\/wp-content\/uploads\/2025\/11\/Royere-Baudy-couv1-724x1024.png 724w, https:\/\/www.lpdordogne.fr\/wp-content\/uploads\/2025\/11\/Royere-Baudy-couv1-212x300.png 212w, https:\/\/www.lpdordogne.fr\/wp-content\/uploads\/2025\/11\/Royere-Baudy-couv1-768x1086.png 768w, https:\/\/www.lpdordogne.fr\/wp-content\/uploads\/2025\/11\/Royere-Baudy-couv1.png 778w\" sizes=\"auto, (max-width: 709px) 85vw, (max-width: 909px) 67vw, (max-width: 984px) 61vw, (max-width: 1362px) 45vw, 600px\" \/><\/a><\/figure>\n\n\n\n<p><\/p>\n","protected":false},"excerpt":{"rendered":"<p>Le 8 novembre 2025, r\u00e9pondant \u00e0 l&rsquo;appel des Libres-Penseurs de Dordogne &#8211; Groupe Fred Zeller (GFZ), de la section du Grand P\u00e9rigueux de la Ligue des Droits de l&rsquo;Homme (LDH) et du Mouvement de la Paix, une trentaine de personnes s&rsquo;est rassembl\u00e9e \u00e0 St-Andr\u00e9 Allas, devant la st\u00e8le en hommage \u00e0 Antoine Roy\u00e8re, originaire de &hellip; <a href=\"https:\/\/www.lpdordogne.fr\/?p=4370\" class=\"more-link\">Continuer la lecture<span class=\"screen-reader-text\"> de &laquo;&nbsp;De Antoine Roy\u00e8re \u00e0 F\u00e9lix Baudy&nbsp;&raquo;<\/span><\/a><\/p>\n","protected":false},"author":1,"featured_media":4338,"comment_status":"open","ping_status":"open","sticky":true,"template":"","format":"standard","meta":{"footnotes":""},"categories":[9],"tags":[],"class_list":["post-4370","post","type-post","status-publish","format-standard","has-post-thumbnail","hentry","category-fusilles-pour-lexemple"],"_links":{"self":[{"href":"https:\/\/www.lpdordogne.fr\/index.php?rest_route=\/wp\/v2\/posts\/4370","targetHints":{"allow":["GET"]}}],"collection":[{"href":"https:\/\/www.lpdordogne.fr\/index.php?rest_route=\/wp\/v2\/posts"}],"about":[{"href":"https:\/\/www.lpdordogne.fr\/index.php?rest_route=\/wp\/v2\/types\/post"}],"author":[{"embeddable":true,"href":"https:\/\/www.lpdordogne.fr\/index.php?rest_route=\/wp\/v2\/users\/1"}],"replies":[{"embeddable":true,"href":"https:\/\/www.lpdordogne.fr\/index.php?rest_route=%2Fwp%2Fv2%2Fcomments&post=4370"}],"version-history":[{"count":2,"href":"https:\/\/www.lpdordogne.fr\/index.php?rest_route=\/wp\/v2\/posts\/4370\/revisions"}],"predecessor-version":[{"id":4374,"href":"https:\/\/www.lpdordogne.fr\/index.php?rest_route=\/wp\/v2\/posts\/4370\/revisions\/4374"}],"wp:featuredmedia":[{"embeddable":true,"href":"https:\/\/www.lpdordogne.fr\/index.php?rest_route=\/wp\/v2\/media\/4338"}],"wp:attachment":[{"href":"https:\/\/www.lpdordogne.fr\/index.php?rest_route=%2Fwp%2Fv2%2Fmedia&parent=4370"}],"wp:term":[{"taxonomy":"category","embeddable":true,"href":"https:\/\/www.lpdordogne.fr\/index.php?rest_route=%2Fwp%2Fv2%2Fcategories&post=4370"},{"taxonomy":"post_tag","embeddable":true,"href":"https:\/\/www.lpdordogne.fr\/index.php?rest_route=%2Fwp%2Fv2%2Ftags&post=4370"}],"curies":[{"name":"wp","href":"https:\/\/api.w.org\/{rel}","templated":true}]}}