{"id":437,"date":"2015-01-06T21:37:24","date_gmt":"2015-01-06T20:37:24","guid":{"rendered":"https:\/\/lpdordogne.wordpress.com\/?p=437"},"modified":"2015-01-06T21:37:24","modified_gmt":"2015-01-06T20:37:24","slug":"le-groupe-fred-zeller-sur-rlp-lundi-5-janvier-2015","status":"publish","type":"post","link":"https:\/\/www.lpdordogne.fr\/?p=437","title":{"rendered":"Le Groupe Fred Zeller sur RLP lundi 5 janvier 2015"},"content":{"rendered":"<p style=\"text-align:center;\">[soundcloud url=\u00a0\u00bbhttps:\/\/api.soundcloud.com\/tracks\/203759473&Prime; params=\u00a0\u00bbcolor=ff5500&amp;auto_play=false&amp;hide_related=false&amp;show_comments=true&amp;show_user=true&amp;show_reposts=false\u00a0\u00bb width=\u00a0\u00bb100%\u00a0\u00bb height=\u00a0\u00bb166&Prime; iframe=\u00a0\u00bbtrue\u00a0\u00bb \/]<\/p>\n<h2 style=\"text-align:center;\"><img loading=\"lazy\" decoding=\"async\" class=\"aligncenter wp-image-96 size-large\" src=\"https:\/\/www.lpdordogne.fr\/wp-content\/uploads\/2014\/12\/rlp.jpg?w=474\" alt=\"RLP\" width=\"474\" height=\"291\" srcset=\"https:\/\/www.lpdordogne.fr\/wp-content\/uploads\/2014\/12\/rlp.jpg 490w, https:\/\/www.lpdordogne.fr\/wp-content\/uploads\/2014\/12\/rlp-300x184.jpg 300w\" sizes=\"auto, (max-width: 474px) 85vw, 474px\" \/>Cycle \u00ab\u00a0la la\u00efcit\u00e9, une valeur universelle\u00a0\u00bb<\/h2>\n<p style=\"text-align:center;\"><strong>Ecoutez l&rsquo;enregistrement de cette \u00e9mission :<\/strong><\/p>\n<p style=\"text-align:center;\"><!--more--><\/p>\n<p>th\u00e8me : les \u00e9lus r\u00e9publicains et la la\u00efcit\u00e9<\/p>\n<p>Guide des \u00e9lis r\u00e9publicains<\/p>\n<p><!--more--><\/p>\n<p><span style=\"text-decoration:underline;\">Liens en relation avec le sujet du jour :<\/span><\/p>\n<p>&nbsp;<\/p>\n<p>Pour se procurer ces publications, pour \u00e9changer sur ce sujet, <a title=\"Contacter le Groupe Fred Zeller\" href=\"https:\/\/lpdordogne.wordpress.com\/contacter-le-groupe-fred-zeller\/\" target=\"_blank\" rel=\"noopener\">contactez le Groupe Fred Zeller<\/a><\/p>\n","protected":false},"excerpt":{"rendered":"<p>[soundcloud url=\u00a0\u00bbhttps:\/\/api.soundcloud.com\/tracks\/203759473&Prime; params=\u00a0\u00bbcolor=ff5500&amp;auto_play=false&amp;hide_related=false&amp;show_comments=true&amp;show_user=true&amp;show_reposts=false\u00a0\u00bb width=\u00a0\u00bb100%\u00a0\u00bb height=\u00a0\u00bb166&Prime; iframe=\u00a0\u00bbtrue\u00a0\u00bb \/] Cycle \u00ab\u00a0la la\u00efcit\u00e9, une valeur universelle\u00a0\u00bb Ecoutez l&rsquo;enregistrement de cette \u00e9mission :<\/p>\n","protected":false},"author":2,"featured_media":0,"comment_status":"closed","ping_status":"open","sticky":false,"template":"","format":"standard","meta":{"footnotes":""},"categories":[20],"tags":[],"class_list":["post-437","post","type-post","status-publish","format-standard","hentry","category-rlp"],"_links":{"self":[{"href":"https:\/\/www.lpdordogne.fr\/index.php?rest_route=\/wp\/v2\/posts\/437","targetHints":{"allow":["GET"]}}],"collection":[{"href":"https:\/\/www.lpdordogne.fr\/index.php?rest_route=\/wp\/v2\/posts"}],"about":[{"href":"https:\/\/www.lpdordogne.fr\/index.php?rest_route=\/wp\/v2\/types\/post"}],"author":[{"embeddable":true,"href":"https:\/\/www.lpdordogne.fr\/index.php?rest_route=\/wp\/v2\/users\/2"}],"replies":[{"embeddable":true,"href":"https:\/\/www.lpdordogne.fr\/index.php?rest_route=%2Fwp%2Fv2%2Fcomments&post=437"}],"version-history":[{"count":0,"href":"https:\/\/www.lpdordogne.fr\/index.php?rest_route=\/wp\/v2\/posts\/437\/revisions"}],"wp:attachment":[{"href":"https:\/\/www.lpdordogne.fr\/index.php?rest_route=%2Fwp%2Fv2%2Fmedia&parent=437"}],"wp:term":[{"taxonomy":"category","embeddable":true,"href":"https:\/\/www.lpdordogne.fr\/index.php?rest_route=%2Fwp%2Fv2%2Fcategories&post=437"},{"taxonomy":"post_tag","embeddable":true,"href":"https:\/\/www.lpdordogne.fr\/index.php?rest_route=%2Fwp%2Fv2%2Ftags&post=437"}],"curies":[{"name":"wp","href":"https:\/\/api.w.org\/{rel}","templated":true}]}}