{"id":4357,"date":"2025-11-15T22:34:30","date_gmt":"2025-11-15T22:34:30","guid":{"rendered":"https:\/\/www.lpdordogne.fr\/?p=4357"},"modified":"2026-01-04T16:56:14","modified_gmt":"2026-01-04T16:56:14","slug":"contre-les-intimidations-de-lextreme-droite-pour-defense-de-la-liberte-de-penser","status":"publish","type":"post","link":"https:\/\/www.lpdordogne.fr\/?p=4357","title":{"rendered":"Contre les intimidations de l\u2019extr\u00eame droite, pour la d\u00e9fense de la libert\u00e9 de penser"},"content":{"rendered":"\n<figure class=\"wp-block-image size-full\"><img loading=\"lazy\" decoding=\"async\" width=\"445\" height=\"593\" src=\"https:\/\/www.lpdordogne.fr\/wp-content\/uploads\/2025\/11\/Contre-les-intimidations-de-lextreme-droite-1.jpeg\" alt=\"\" class=\"wp-image-4361\" srcset=\"https:\/\/www.lpdordogne.fr\/wp-content\/uploads\/2025\/11\/Contre-les-intimidations-de-lextreme-droite-1.jpeg 445w, https:\/\/www.lpdordogne.fr\/wp-content\/uploads\/2025\/11\/Contre-les-intimidations-de-lextreme-droite-1-225x300.jpeg 225w\" sizes=\"auto, (max-width: 445px) 85vw, 445px\" \/><\/figure>\n\n\n\n<h2 class=\"wp-block-heading\">\u2013 <a href=\"https:\/\/www.lpdordogne.fr\/wp-content\/uploads\/2025\/11\/Contre-les-intimidations-de-lextreme-droite-1.pdf\" target=\"_blank\" rel=\"noreferrer noopener\">COMMUNIQU\u00c9 DE PRESSE<\/a> \u2013<\/h2>\n\n\n\n<!--more-->\n\n\n\n<p style=\"text-align: justify;\">Par deux fois <strong>la Librairie de la F\u00e9d\u00e9ration Nationale de la Libre Pens\u00e9e<\/strong> a \u00e9t\u00e9 vandalis\u00e9e ces derni\u00e8res 48 heures : dans un premier temps le trottoir devant la librairie a \u00e9t\u00e9 macul\u00e9 de slogans ; ce matin nous d\u00e9couvrions \u00e0 l\u2019ouverture que la vitrine de notre librairie a \u00e9t\u00e9 recouverte de projectiles.<\/p>\n<p style=\"text-align: justify;\">On nous reproche d\u2019avoir rempli notre fonction : <strong>d\u00e9fendre la libert\u00e9 de la recherche<\/strong>, en ouvrant notre salle de r\u00e9union aux personnes voulant assister \u00e0 distance au colloque organis\u00e9 par <strong>Henri Laurens<\/strong> \u00ab <em>la Palestine et l&rsquo;Europe, poids du pass\u00e9 et dynamiques contemporaines<\/em> \u00bb.<\/p>\n<p style=\"text-align: justify;\">Ce colloque, initialement pr\u00e9vu au <strong>Coll\u00e8ge de France<\/strong> avait \u00e9t\u00e9 censur\u00e9 \u00e0 la demande des soutiens du gouvernement d\u2019extr\u00eame-droite de <strong>Netanyahou<\/strong> et du ministre de l\u2019\u00e9ducation nationale <strong>Edouard Geffray<\/strong>.<\/p>\n<p style=\"text-align: justify;\">Il y a quelque temps d\u00e9j\u00e0 des extr\u00e9mistes catholiques ont manifest\u00e9 devant notre librairie et menac\u00e9 la <strong>Libre Pens\u00e9e<\/strong>, parce qu\u2019elle fait respecter les dispositions de la <em>loi de 1905<\/em> sur la <strong>S\u00e9paration des \u00c9glises et de l\u2019\u00c9tat<\/strong>.<\/p>\n<p style=\"text-align: justify;\">La <strong>F\u00e9d\u00e9ration Nationale de La Libre Pens\u00e9e<\/strong> s\u2019honore de d\u00e9ranger l\u2019extr\u00eame-droite, d\u2019o\u00f9 qu\u2019elle vienne. Fid\u00e8le \u00e0 ses principes, la <strong>FNLP<\/strong> continuera son combat pour l\u2019esprit critique contre tous les dogmes.<\/p>\n<p style=\"text-align: justify;\">\u00c0 quelques jours de la c\u00e9l\u00e9bration des <strong>120 ans<\/strong> de la <em>loi de 1905<\/em>, la <strong>FNLP<\/strong> appelle tous les d\u00e9fenseurs de la libert\u00e9 de penser \u00e0 manifester leur solidarit\u00e9 contre ces intimidations inacceptables.<\/p>\n\n\n\n<p class=\"has-text-align-right\">La Bastille, le 15 novembre 2025<\/p>\n\n\n\n<figure class=\"wp-block-image size-full\"><img loading=\"lazy\" decoding=\"async\" width=\"791\" height=\"593\" src=\"https:\/\/www.lpdordogne.fr\/wp-content\/uploads\/2025\/11\/Contre-les-intimidations-de-lextreme-droite.jpeg\" alt=\"\" class=\"wp-image-4360\" srcset=\"https:\/\/www.lpdordogne.fr\/wp-content\/uploads\/2025\/11\/Contre-les-intimidations-de-lextreme-droite.jpeg 791w, https:\/\/www.lpdordogne.fr\/wp-content\/uploads\/2025\/11\/Contre-les-intimidations-de-lextreme-droite-300x225.jpeg 300w, https:\/\/www.lpdordogne.fr\/wp-content\/uploads\/2025\/11\/Contre-les-intimidations-de-lextreme-droite-768x576.jpeg 768w\" sizes=\"auto, (max-width: 709px) 85vw, (max-width: 909px) 67vw, (max-width: 984px) 61vw, (max-width: 1362px) 45vw, 600px\" \/><\/figure>\n\n\n\n<figure class=\"wp-block-image size-full\"><img loading=\"lazy\" decoding=\"async\" width=\"794\" height=\"598\" src=\"https:\/\/www.lpdordogne.fr\/wp-content\/uploads\/2025\/11\/Contre-les-intimidations-de-lextreme-droite-2.jpeg\" alt=\"\" class=\"wp-image-4362\" srcset=\"https:\/\/www.lpdordogne.fr\/wp-content\/uploads\/2025\/11\/Contre-les-intimidations-de-lextreme-droite-2.jpeg 794w, https:\/\/www.lpdordogne.fr\/wp-content\/uploads\/2025\/11\/Contre-les-intimidations-de-lextreme-droite-2-300x226.jpeg 300w, https:\/\/www.lpdordogne.fr\/wp-content\/uploads\/2025\/11\/Contre-les-intimidations-de-lextreme-droite-2-768x578.jpeg 768w\" sizes=\"auto, (max-width: 709px) 85vw, (max-width: 909px) 67vw, (max-width: 984px) 61vw, (max-width: 1362px) 45vw, 600px\" \/><\/figure>\n","protected":false},"excerpt":{"rendered":"<p>\u2013 COMMUNIQU\u00c9 DE PRESSE \u2013<\/p>\n","protected":false},"author":1,"featured_media":0,"comment_status":"open","ping_status":"open","sticky":false,"template":"","format":"standard","meta":{"footnotes":""},"categories":[53],"tags":[],"class_list":["post-4357","post","type-post","status-publish","format-standard","hentry","category-defense-des-libertes"],"_links":{"self":[{"href":"https:\/\/www.lpdordogne.fr\/index.php?rest_route=\/wp\/v2\/posts\/4357","targetHints":{"allow":["GET"]}}],"collection":[{"href":"https:\/\/www.lpdordogne.fr\/index.php?rest_route=\/wp\/v2\/posts"}],"about":[{"href":"https:\/\/www.lpdordogne.fr\/index.php?rest_route=\/wp\/v2\/types\/post"}],"author":[{"embeddable":true,"href":"https:\/\/www.lpdordogne.fr\/index.php?rest_route=\/wp\/v2\/users\/1"}],"replies":[{"embeddable":true,"href":"https:\/\/www.lpdordogne.fr\/index.php?rest_route=%2Fwp%2Fv2%2Fcomments&post=4357"}],"version-history":[{"count":5,"href":"https:\/\/www.lpdordogne.fr\/index.php?rest_route=\/wp\/v2\/posts\/4357\/revisions"}],"predecessor-version":[{"id":4368,"href":"https:\/\/www.lpdordogne.fr\/index.php?rest_route=\/wp\/v2\/posts\/4357\/revisions\/4368"}],"wp:attachment":[{"href":"https:\/\/www.lpdordogne.fr\/index.php?rest_route=%2Fwp%2Fv2%2Fmedia&parent=4357"}],"wp:term":[{"taxonomy":"category","embeddable":true,"href":"https:\/\/www.lpdordogne.fr\/index.php?rest_route=%2Fwp%2Fv2%2Fcategories&post=4357"},{"taxonomy":"post_tag","embeddable":true,"href":"https:\/\/www.lpdordogne.fr\/index.php?rest_route=%2Fwp%2Fv2%2Ftags&post=4357"}],"curies":[{"name":"wp","href":"https:\/\/api.w.org\/{rel}","templated":true}]}}