{"id":4259,"date":"2025-09-15T21:46:58","date_gmt":"2025-09-15T21:46:58","guid":{"rendered":"https:\/\/www.lpdordogne.fr\/?p=4259"},"modified":"2026-01-04T16:56:14","modified_gmt":"2026-01-04T16:56:14","slug":"le-groupe-fred-zeller-sur-rlp-15-septembre-2025","status":"publish","type":"post","link":"https:\/\/www.lpdordogne.fr\/?p=4259","title":{"rendered":"Le groupe Fred Zeller sur RLP : 15 septembre 2025"},"content":{"rendered":"\n<h2 class=\"wp-block-heading\"><strong>Sommaire de la chronique du 15 septembre 2025 :<\/strong><\/h2>\n\n\n\n<p><\/p>\n\n\n\n<ul class=\"wp-block-list\">\n<li>Perquisition contre l\u2019UJFP\u00a0: la r\u00e9pression du mouvement de solidarit\u00e9 avec le peuple palestinien devient folle !<\/li>\n\n\n\n<li>A propos du Jud\u00e9o-Christianisme\n<ul class=\"wp-block-list\">\n<li>Choix musical : Nico Waynes Toussaint \u00e0 Douchapt Blues 2025<\/li>\n<\/ul>\n<\/li>\n<\/ul>\n\n\n\n<div class=\"wp-block-buttons is-content-justification-center is-layout-flex wp-container-core-buttons-is-layout-16018d1d wp-block-buttons-is-layout-flex\">\n<div class=\"wp-block-button\"><a class=\"wp-block-button__link has-dark-red-background-color has-background has-text-align-center wp-element-button\" href=\"https:\/\/www.radioslibresenperigord.com\/wp-content\/podcasts\/\/libre-pensee\/2025.09.15%20Libre%20Pens%C3%A9e%2C%20%C3%A0%20propos%20du%20Jud%C3%A9o-Christianisme.mp3?_=1\" target=\"_blank\" rel=\"noreferrer noopener\">\u00e9couter CETTE CHRONIQUE<\/a><\/div>\n<\/div>\n\n\n\n<!--more-->\n\n\n\n<p><strong>Introduction musicale<\/strong> : Le Forgeron de la Paix [0&rsquo;00\u00a0\u00bb &#8211; 0&rsquo;25\u00a0\u00bb]<\/p>\n\n\n\n<hr class=\"wp-block-separator has-alpha-channel-opacity\"\/>\n\n\n\n<h2 class=\"wp-block-heading\">Perquisition contre l\u2019UJFP\u00a0: la r\u00e9pression du mouvement de solidarit\u00e9 avec le peuple palestinien devient folle !<\/h2>\n\n\n\n<p><a href=\"https:\/\/ujfp.org\/perquisition-contre-lujfp-la-repression-du-mouvement-de-solidarite-avec-le-peuple-palestinien-devient-folle\/\" target=\"_blank\" rel=\"noreferrer noopener\">\u00e0 lire sur le site de l&rsquo;UJFP<\/a><\/p>\n\n\n\n<p><a href=\"https:\/\/blogs.mediapart.fr\/libre-pensee\/blog\/300825\/le-crif-serait-il-la-nouvelle-police-politique-de-la-pensee\">Lire la suite sur le blog m\u00e9diapart de la Libre Pens\u00e9e<\/a><\/p>\n\n\n\n<hr class=\"wp-block-separator has-alpha-channel-opacity\"\/>\n\n\n\n<h2 class=\"wp-block-heading\">A propos du Jud\u00e9o-Christianisme<\/h2>\n\n\n\n<p>C\u2019est la nouvelle tarte \u00e0 la cr\u00e8me, servie par tous les laudateurs de\u00a0<strong>l\u2019\u00c9tat d\u2019Isra\u00ebl<\/strong>\u00a0dans sa campagne d\u2019asservissement et, \u00e0 Gaza, d\u2019extermination du\u00a0<strong>Peuple palestinien<\/strong>. Les Sionistes fascistes sont pr\u00e9sent\u00e9s comme les d\u00e9fenseurs de l\u2019<strong>Occident<\/strong>, rebaptis\u00e9 \u00ab\u00a0<em>Jud\u00e9o-Chr\u00e9tien<\/em>\u00a0\u00bb pour que cela soit plus pr\u00e9sentable.<\/p>\n\n\n\n<p><a href=\"https:\/\/blogs.mediapart.fr\/libre-pensee\/blog\/080925\/propos-du-judeo-christianisme\">Lire la suite sur le blog M\u00e9diapart\u2026<\/a><\/p>\n\n\n\n<figure class=\"wp-block-image size-large\"><img loading=\"lazy\" decoding=\"async\" width=\"724\" height=\"1024\" src=\"https:\/\/www.lpdordogne.fr\/wp-content\/uploads\/2025\/09\/sophie-bessist-724x1024.png\" alt=\"\" class=\"wp-image-4260\"\/><\/figure>\n\n\n\n<hr class=\"wp-block-separator has-alpha-channel-opacity\"\/>\n\n\n\n<h2 class=\"wp-block-heading\">Choix musical : Nico Waynes Toussaint \u00e0 Douchapt Blues 2025<\/h2>\n\n\n\n<figure class=\"wp-block-embed is-type-video is-provider-youtube wp-block-embed-youtube wp-embed-aspect-16-9 wp-has-aspect-ratio\"><div class=\"wp-block-embed__wrapper\">\n<iframe loading=\"lazy\" title=\"Nico Wayne Toussaint, Michel Foison, Matt &amp; The Messengers- Final Saison Douchapt Blues 2025\" width=\"840\" height=\"473\" src=\"https:\/\/www.youtube.com\/embed\/5p7lu3yzKfQ?feature=oembed\" frameborder=\"0\" allow=\"accelerometer; autoplay; clipboard-write; encrypted-media; gyroscope; picture-in-picture; web-share\" referrerpolicy=\"strict-origin-when-cross-origin\" allowfullscreen><\/iframe>\n<\/div><\/figure>\n\n\n\n<hr class=\"wp-block-separator has-alpha-channel-opacity\"\/>\n\n\n\n<div class=\"wp-block-buttons is-content-justification-center is-layout-flex wp-container-core-buttons-is-layout-16018d1d wp-block-buttons-is-layout-flex\">\n<div class=\"wp-block-button\"><a class=\"wp-block-button__link has-dark-red-background-color has-background has-text-align-center wp-element-button\" href=\"https:\/\/www.radioslibresenperigord.com\/wp-content\/podcasts\/\/libre-pensee\/2025.09.08%20Libre%20Pens%C3%A9e%2C%20Contribution%20pour%20le%20120%C3%A8me%20anniversaire%20de%20la%20loi%20de%201905.mp3?_=1\" target=\"_blank\" rel=\"noreferrer noopener\">\u00e9couter CETTE CHRONIQUE<\/a><\/div>\n<\/div>\n\n\n\n<p><\/p>\n","protected":false},"excerpt":{"rendered":"<p>Sommaire de la chronique du 15 septembre 2025 :<\/p>\n","protected":false},"author":1,"featured_media":96,"comment_status":"open","ping_status":"open","sticky":false,"template":"","format":"standard","meta":{"footnotes":""},"categories":[20],"tags":[],"class_list":["post-4259","post","type-post","status-publish","format-standard","has-post-thumbnail","hentry","category-rlp"],"_links":{"self":[{"href":"https:\/\/www.lpdordogne.fr\/index.php?rest_route=\/wp\/v2\/posts\/4259","targetHints":{"allow":["GET"]}}],"collection":[{"href":"https:\/\/www.lpdordogne.fr\/index.php?rest_route=\/wp\/v2\/posts"}],"about":[{"href":"https:\/\/www.lpdordogne.fr\/index.php?rest_route=\/wp\/v2\/types\/post"}],"author":[{"embeddable":true,"href":"https:\/\/www.lpdordogne.fr\/index.php?rest_route=\/wp\/v2\/users\/1"}],"replies":[{"embeddable":true,"href":"https:\/\/www.lpdordogne.fr\/index.php?rest_route=%2Fwp%2Fv2%2Fcomments&post=4259"}],"version-history":[{"count":1,"href":"https:\/\/www.lpdordogne.fr\/index.php?rest_route=\/wp\/v2\/posts\/4259\/revisions"}],"predecessor-version":[{"id":4261,"href":"https:\/\/www.lpdordogne.fr\/index.php?rest_route=\/wp\/v2\/posts\/4259\/revisions\/4261"}],"wp:featuredmedia":[{"embeddable":true,"href":"https:\/\/www.lpdordogne.fr\/index.php?rest_route=\/wp\/v2\/media\/96"}],"wp:attachment":[{"href":"https:\/\/www.lpdordogne.fr\/index.php?rest_route=%2Fwp%2Fv2%2Fmedia&parent=4259"}],"wp:term":[{"taxonomy":"category","embeddable":true,"href":"https:\/\/www.lpdordogne.fr\/index.php?rest_route=%2Fwp%2Fv2%2Fcategories&post=4259"},{"taxonomy":"post_tag","embeddable":true,"href":"https:\/\/www.lpdordogne.fr\/index.php?rest_route=%2Fwp%2Fv2%2Ftags&post=4259"}],"curies":[{"name":"wp","href":"https:\/\/api.w.org\/{rel}","templated":true}]}}