{"id":4253,"date":"2025-09-09T20:33:49","date_gmt":"2025-09-09T20:33:49","guid":{"rendered":"https:\/\/www.lpdordogne.fr\/?p=4253"},"modified":"2026-01-04T16:56:14","modified_gmt":"2026-01-04T16:56:14","slug":"le-groupe-fred-zeller-sur-rlp-8-septembre-2025","status":"publish","type":"post","link":"https:\/\/www.lpdordogne.fr\/?p=4253","title":{"rendered":"Le groupe Fred Zeller sur RLP : 8 septembre 2025"},"content":{"rendered":"\n<h2 class=\"wp-block-heading\"><strong>Sommaire de la chronique du 8 septembre 2025 :<\/strong><\/h2>\n\n\n\n<p><\/p>\n\n\n\n<ul class=\"wp-block-list\">\n<li>apr\u00e8s le forum des associations<\/li>\n\n\n\n<li>d\u00e9claration de la librairie de la Libre Pens\u00e9e\n<ul class=\"wp-block-list\">\n<li>contribution d&rsquo;un d\u00e9l\u00e9gu\u00e9 au congr\u00e8s de la FNLP \u00ab\u00a0Pour la d\u00e9fense de la loi du 09 d\u00e9cembre 1905 portant sur la S\u00e9paration des Eglises et de l\u2019\u00c9tat Pour la d\u00e9fense de la loi du 09 d\u00e9cembre 1905\u00a0\u00bb<\/li>\n\n\n\n<li>Choix musical : Nico Waynes Toussaint ; My one last chance<\/li>\n<\/ul>\n<\/li>\n<\/ul>\n\n\n\n<div class=\"wp-block-buttons is-content-justification-center is-layout-flex wp-container-core-buttons-is-layout-16018d1d wp-block-buttons-is-layout-flex\">\n<div class=\"wp-block-button\"><a class=\"wp-block-button__link has-dark-red-background-color has-background has-text-align-center wp-element-button\" href=\"https:\/\/www.radioslibresenperigord.com\/wp-content\/podcasts\/\/libre-pensee\/2025.09.08%20Libre%20Pens%C3%A9e%2C%20Contribution%20pour%20le%20120%C3%A8me%20anniversaire%20de%20la%20loi%20de%201905.mp3?_=1\" target=\"_blank\" rel=\"noreferrer noopener\">\u00e9couter CETTE CHRONIQUE<\/a><\/div>\n<\/div>\n\n\n\n<!--more-->\n\n\n\n<p><strong>Introduction musicale<\/strong> : Le Forgeron de la Paix [0&rsquo;00\u00a0\u00bb &#8211; 0&rsquo;25\u00a0\u00bb]<\/p>\n\n\n\n<hr class=\"wp-block-separator has-alpha-channel-opacity\"\/>\n\n\n\n<h2 class=\"wp-block-heading\">Le CRIF serait-il la nouvelle police politique de la pens\u00e9e ?<\/h2>\n\n\n\n<p><em>C\u2019est avec un certain effarement que la&nbsp;<strong>Librairie de la Libre Pens\u00e9e<\/strong>&nbsp;a re\u00e7u, comme la plupart des librairies, un message comminatoire du&nbsp;<strong>Conseil Repr\u00e9sentatif des Institutions Juives<\/strong>&nbsp;d\u2019Auvergne-Rh\u00f4ne-Alpes, lui enjoignant de ne pas vendre&nbsp;<strong>\u00ab&nbsp;Gaza, est-ce que vous nous voyez vraiment ?&nbsp;\u00bb<\/strong>, l\u2019ouvrage de&nbsp;<strong>Mazen Kerbaj<\/strong>, dessinateur libanais engag\u00e9 contre le g\u00e9nocide en cours \u00e0&nbsp;<strong>Gaza<\/strong>.<\/em><\/p>\n\n\n\n<p>Nous joignons cette lettre digne \u00e0 la fois de la&nbsp;<strong><em>Propagandastaffel<\/em><\/strong>, du&nbsp;<strong><em>Gu\u00e9p\u00e9ou<\/em><\/strong>, et de la&nbsp;<strong><em>Congr\u00e9gation catholique de l\u2019Index<\/em><\/strong>, organismes totalitaires qui ont la destruction de millions d\u2019ouvrages \u00e0 leur actif, publications jug\u00e9es \u00ab&nbsp;<em>mal pensantes<\/em>&nbsp;\u00bb et \u00ab&nbsp;<em>non-conformes<\/em>&nbsp;\u00bb \u00e0 l\u2019id\u00e9ologie totalitaire port\u00e9e par ces professionnels de l\u2019autodaf\u00e9.<\/p>\n\n\n\n<p><a href=\"https:\/\/blogs.mediapart.fr\/libre-pensee\/blog\/300825\/le-crif-serait-il-la-nouvelle-police-politique-de-la-pensee\">Lire la suite sur le blog m\u00e9diapart de la Libre Pens\u00e9e<\/a><\/p>\n\n\n\n<hr class=\"wp-block-separator has-alpha-channel-opacity\"\/>\n\n\n\n<h2 class=\"wp-block-heading\">Pour la d\u00e9fense de la loi du 09 d\u00e9cembre 1905 portant sur la S\u00e9paration des Eglises et de l\u2019\u00c9tat<\/h2>\n\n\n\n<p>Comme vous le savez, cette ann\u00e9e, la loi de 1905 soufflera en d\u00e9cembre ses 120 bougies. La loi prend de l\u2019\u00e2ge, mais le principe de S\u00e9paration des Eglises et de l\u2019Etat qu\u2019elle institue ne se corrompt pas. Nous ne disons pas que cette loi est \u00e9ternelle et que modifier sa lettre serait sacril\u00e8ge.<br>L\u2019int\u00e9grisme n\u2019est pas notre tentation. En revanche, le principe, dans son esprit, nous semble toujours bon. Aussi, pourquoi vouloir modifier ce qui convient ?<br>La question m\u00e9rite toutefois d\u2019\u00eatre pos\u00e9e puisque certains veulent la changer : qu\u2019est-ce qui ne leur convient pas ?<br>Avant d\u2019entreprendre de r\u00e9pondre, rappelons, en accord avec Ferdinand Buisson \u2013 ce qui en mati\u00e8re de la\u00efcit\u00e9 demeure encore une autorit\u00e9 plus s\u00fbre que Bruno Retailleau, responsable du Bureau central des cultes \u2013 que la la\u00efcit\u00e9 ne se r\u00e9duit pas \u00e0 la S\u00e9paration mais que la S\u00e9paration est la condition de la la\u00efcit\u00e9. La la\u00efcit\u00e9 d\u00e9signe un id\u00e9al d\u2019\u00e9mancipation individuelle et collective. Pour<br>y tendre, \u00e0 d\u00e9faut d\u2019y parvenir, il faut placer l\u2019\u00e9gale souverainet\u00e9 des hommes au-dessus de tout autre pouvoir ou autorit\u00e9. C\u2019est sur la stricte S\u00e9paration en droit du pouvoir politique \u2013 qui acquiert ainsi son autonomie &#8211; des pouvoirs th\u00e9ologiques ou religieux que la la\u00efcit\u00e9 se fonde. La neutralit\u00e9 de l\u2019\u00c9tat en mati\u00e8re de religion en est la cons\u00e9quence n\u00e9cessaire : l\u2019\u00e9lu ou le mandat\u00e9 du peuple dans sa mairie et le pr\u00eatre dans sa chapelle.<br>Ce principe juridique de S\u00e9paration est un principe de libert\u00e9 et de pacification. Il garantit la libert\u00e9 absolue de conscience et le libre exercice des cultes. Rien, mis \u00e0 part ce qui trouble l\u2019ordre public, ne peut justifier l\u2019interdiction d\u2019une opinion, d\u2019une croyance ou d\u2019un culte.<br>Aussi, notre question revient, avec la possibilit\u00e9 d\u2019une r\u00e9ponse : si certains veulent changer la loi, qu\u2019est-ce qui ne leur convient pas ?<\/p>\n\n\n\n<div data-wp-interactive=\"core\/file\" class=\"wp-block-file\"><object data-wp-bind--hidden=\"!state.hasPdfPreview\" hidden class=\"wp-block-file__embed\" data=\"https:\/\/www.lpdordogne.fr\/wp-content\/uploads\/2025\/09\/INTERVENTION-CLEMENT-DE-NUIT.pdf\" type=\"application\/pdf\" style=\"width:100%;height:600px\" aria-label=\"Contenu embarqu\u00e9 INTERVENTION-CLEMENT-DE-NUIT.\"><\/object><a id=\"wp-block-file--media-744d7877-088a-4492-8048-886d2557d340\" href=\"https:\/\/www.lpdordogne.fr\/wp-content\/uploads\/2025\/09\/INTERVENTION-CLEMENT-DE-NUIT.pdf\">INTERVENTION-CLEMENT-DE-NUIT<\/a><a href=\"https:\/\/www.lpdordogne.fr\/wp-content\/uploads\/2025\/09\/INTERVENTION-CLEMENT-DE-NUIT.pdf\" class=\"wp-block-file__button wp-element-button\" download aria-describedby=\"wp-block-file--media-744d7877-088a-4492-8048-886d2557d340\">T\u00e9l\u00e9charger<\/a><\/div>\n\n\n\n<p><\/p>\n\n\n\n<hr class=\"wp-block-separator has-alpha-channel-opacity\"\/>\n\n\n\n<h2 class=\"wp-block-heading\">Choix musical : Nico Waynes Toussaint ; My one last chance<\/h2>\n\n\n\n<figure class=\"wp-block-embed is-type-video is-provider-youtube wp-block-embed-youtube wp-embed-aspect-4-3 wp-has-aspect-ratio\"><div class=\"wp-block-embed__wrapper\">\n<iframe loading=\"lazy\" title=\"My One Last Chance\" width=\"840\" height=\"630\" src=\"https:\/\/www.youtube.com\/embed\/ylaxYtYZQo0?list=OLAK5uy_l5hbWm4Mw8SXe7iU0-Fquihtk8gAjqbMs\" frameborder=\"0\" allow=\"accelerometer; autoplay; clipboard-write; encrypted-media; gyroscope; picture-in-picture; web-share\" referrerpolicy=\"strict-origin-when-cross-origin\" allowfullscreen><\/iframe>\n<\/div><\/figure>\n\n\n\n<div class=\"wp-block-buttons is-content-justification-center is-layout-flex wp-container-core-buttons-is-layout-16018d1d wp-block-buttons-is-layout-flex\">\n<div class=\"wp-block-button\"><a class=\"wp-block-button__link has-dark-red-background-color has-background has-text-align-center wp-element-button\" href=\"https:\/\/www.radioslibresenperigord.com\/wp-content\/podcasts\/\/libre-pensee\/2025.09.08%20Libre%20Pens%C3%A9e%2C%20Contribution%20pour%20le%20120%C3%A8me%20anniversaire%20de%20la%20loi%20de%201905.mp3?_=1\" target=\"_blank\" rel=\"noreferrer noopener\">\u00e9couter CETTE CHRONIQUE<\/a><\/div>\n<\/div>\n","protected":false},"excerpt":{"rendered":"<p>Sommaire de la chronique du 8 septembre 2025 :<\/p>\n","protected":false},"author":1,"featured_media":96,"comment_status":"open","ping_status":"open","sticky":false,"template":"","format":"standard","meta":{"footnotes":""},"categories":[20],"tags":[],"class_list":["post-4253","post","type-post","status-publish","format-standard","has-post-thumbnail","hentry","category-rlp"],"_links":{"self":[{"href":"https:\/\/www.lpdordogne.fr\/index.php?rest_route=\/wp\/v2\/posts\/4253","targetHints":{"allow":["GET"]}}],"collection":[{"href":"https:\/\/www.lpdordogne.fr\/index.php?rest_route=\/wp\/v2\/posts"}],"about":[{"href":"https:\/\/www.lpdordogne.fr\/index.php?rest_route=\/wp\/v2\/types\/post"}],"author":[{"embeddable":true,"href":"https:\/\/www.lpdordogne.fr\/index.php?rest_route=\/wp\/v2\/users\/1"}],"replies":[{"embeddable":true,"href":"https:\/\/www.lpdordogne.fr\/index.php?rest_route=%2Fwp%2Fv2%2Fcomments&post=4253"}],"version-history":[{"count":1,"href":"https:\/\/www.lpdordogne.fr\/index.php?rest_route=\/wp\/v2\/posts\/4253\/revisions"}],"predecessor-version":[{"id":4256,"href":"https:\/\/www.lpdordogne.fr\/index.php?rest_route=\/wp\/v2\/posts\/4253\/revisions\/4256"}],"wp:featuredmedia":[{"embeddable":true,"href":"https:\/\/www.lpdordogne.fr\/index.php?rest_route=\/wp\/v2\/media\/96"}],"wp:attachment":[{"href":"https:\/\/www.lpdordogne.fr\/index.php?rest_route=%2Fwp%2Fv2%2Fmedia&parent=4253"}],"wp:term":[{"taxonomy":"category","embeddable":true,"href":"https:\/\/www.lpdordogne.fr\/index.php?rest_route=%2Fwp%2Fv2%2Fcategories&post=4253"},{"taxonomy":"post_tag","embeddable":true,"href":"https:\/\/www.lpdordogne.fr\/index.php?rest_route=%2Fwp%2Fv2%2Ftags&post=4253"}],"curies":[{"name":"wp","href":"https:\/\/api.w.org\/{rel}","templated":true}]}}