{"id":4251,"date":"2025-09-03T20:40:15","date_gmt":"2025-09-03T20:40:15","guid":{"rendered":"https:\/\/www.lpdordogne.fr\/?p=4251"},"modified":"2026-01-04T16:56:14","modified_gmt":"2026-01-04T16:56:14","slug":"le-groupe-fred-zeller-sur-rlp-1er-septembre-2025","status":"publish","type":"post","link":"https:\/\/www.lpdordogne.fr\/?p=4251","title":{"rendered":"Le groupe Fred Zeller sur RLP : 1er septembre 2025"},"content":{"rendered":"\n<h2 class=\"wp-block-heading\"><strong>Sommaire de la chronique du 1er septembre 2025 :<\/strong><\/h2>\n\n\n\n<p><\/p>\n\n\n\n<ul class=\"wp-block-list\">\n<li>Annonce : forum des associations\n<ul class=\"wp-block-list\">\n<li>congr\u00e8s de la Libre Pens\u00e9e : la question de l&rsquo;arr\u00eat du financement priv\u00e9 de l&rsquo;\u00e9cole priv\u00e9e<\/li>\n<\/ul>\n<\/li>\n<\/ul>\n\n\n\n<div class=\"wp-block-buttons is-content-justification-center is-layout-flex wp-container-core-buttons-is-layout-16018d1d wp-block-buttons-is-layout-flex\">\n<div class=\"wp-block-button\"><a class=\"wp-block-button__link has-dark-red-background-color has-background has-text-align-center wp-element-button\" href=\"https:\/\/www.radioslibresenperigord.com\/wp-content\/podcasts\/\/libre-pensee\/2025.09.01%20Libre%20Pens%C3%A9e.mp3?_=1\" target=\"_blank\" rel=\"noreferrer noopener\">\u00e9couter CETTE CHRONIQUE<\/a><\/div>\n<\/div>\n\n\n\n<!--more-->\n\n\n\n<p><strong>Introduction musicale<\/strong> : Le Forgeron de la Paix [0&rsquo;00\u00a0\u00bb &#8211; 0&rsquo;25\u00a0\u00bb]<\/p>\n\n\n\n<p>Annonce : le groupe FredZeller sera pr\u00e9sent au forum des associations de P\u00e9rigueux, samedi 6 septembre 2025, au stade Rongi\u00e9ras.<\/p>\n\n\n\n<hr class=\"wp-block-separator has-alpha-channel-opacity\"\/>\n\n\n\n<h2 class=\"wp-block-heading\">En finir avec le financement public de l&rsquo;\u00e9cole priv\u00e9e<\/h2>\n\n\n\n<p>Depuis plusieurs mois, la Libre Pens\u00e9e est engag\u00e9e dans une initiative ayant pour objectif d&rsquo;en finir avec le financement public de l&rsquo;\u00e9cole priv\u00e9e. Le congr\u00e8s de la FNLP est longuement revenu sur cette initiative, et ces 2 documents en t\u00e9moignent :<\/p>\n\n\n\n<ul class=\"wp-block-list\">\n<li>Contribution de Dominique Goussot : <a href=\"https:\/\/fnlp.fr\/wp-content\/uploads\/2025\/08\/DOMINIQUE-GOUSSOT.pdf\" target=\"_blank\" rel=\"noreferrer noopener\">cliquer ici pour en prendre connaissance<\/a> <\/li>\n\n\n\n<li>R\u00e9solution de la Commission La\u00efcit\u00e9 adopt\u00e9e par le Congr\u00e8s National de la Libre Pens\u00e9e le 21 ao\u00fbt 2025 \u00e0 l\u2019unanimit\u00e9 : <a href=\"https:\/\/fnlp.fr\/wp-content\/uploads\/2025\/08\/RESOLUTION-SORTIR-DE-LA-LOI-DEBRE.pdf\" target=\"_blank\" rel=\"noreferrer noopener\">cliquer ici pour en prendre connaissance<\/a> <\/li>\n<\/ul>\n\n\n\n<p>Choix musical : Nico Waynes Toussaint ; Give Me Back The Key<\/p>\n\n\n\n<figure class=\"wp-block-embed is-type-video is-provider-youtube wp-block-embed-youtube wp-embed-aspect-4-3 wp-has-aspect-ratio\"><div class=\"wp-block-embed__wrapper\">\n<iframe loading=\"lazy\" title=\"Give Me Back The Key\" width=\"840\" height=\"630\" src=\"https:\/\/www.youtube.com\/embed\/CKr_pfs26PM?list=OLAK5uy_l5hbWm4Mw8SXe7iU0-Fquihtk8gAjqbMs\" frameborder=\"0\" allow=\"accelerometer; autoplay; clipboard-write; encrypted-media; gyroscope; picture-in-picture; web-share\" referrerpolicy=\"strict-origin-when-cross-origin\" allowfullscreen><\/iframe>\n<\/div><\/figure>\n\n\n\n<div class=\"wp-block-buttons is-content-justification-center is-layout-flex wp-container-core-buttons-is-layout-16018d1d wp-block-buttons-is-layout-flex\">\n<div class=\"wp-block-button\"><a class=\"wp-block-button__link has-dark-red-background-color has-background has-text-align-center wp-element-button\" href=\"https:\/\/www.radioslibresenperigord.com\/wp-content\/podcasts\/\/libre-pensee\/2025.09.01%20Libre%20Pens%C3%A9e.mp3?_=1\" target=\"_blank\" rel=\"noreferrer noopener\">\u00e9couter CETTE CHRONIQUE<\/a><\/div>\n<\/div>\n","protected":false},"excerpt":{"rendered":"<p>Sommaire de la chronique du 1er septembre 2025 :<\/p>\n","protected":false},"author":1,"featured_media":96,"comment_status":"open","ping_status":"open","sticky":false,"template":"","format":"standard","meta":{"footnotes":""},"categories":[20],"tags":[],"class_list":["post-4251","post","type-post","status-publish","format-standard","has-post-thumbnail","hentry","category-rlp"],"_links":{"self":[{"href":"https:\/\/www.lpdordogne.fr\/index.php?rest_route=\/wp\/v2\/posts\/4251","targetHints":{"allow":["GET"]}}],"collection":[{"href":"https:\/\/www.lpdordogne.fr\/index.php?rest_route=\/wp\/v2\/posts"}],"about":[{"href":"https:\/\/www.lpdordogne.fr\/index.php?rest_route=\/wp\/v2\/types\/post"}],"author":[{"embeddable":true,"href":"https:\/\/www.lpdordogne.fr\/index.php?rest_route=\/wp\/v2\/users\/1"}],"replies":[{"embeddable":true,"href":"https:\/\/www.lpdordogne.fr\/index.php?rest_route=%2Fwp%2Fv2%2Fcomments&post=4251"}],"version-history":[{"count":1,"href":"https:\/\/www.lpdordogne.fr\/index.php?rest_route=\/wp\/v2\/posts\/4251\/revisions"}],"predecessor-version":[{"id":4252,"href":"https:\/\/www.lpdordogne.fr\/index.php?rest_route=\/wp\/v2\/posts\/4251\/revisions\/4252"}],"wp:featuredmedia":[{"embeddable":true,"href":"https:\/\/www.lpdordogne.fr\/index.php?rest_route=\/wp\/v2\/media\/96"}],"wp:attachment":[{"href":"https:\/\/www.lpdordogne.fr\/index.php?rest_route=%2Fwp%2Fv2%2Fmedia&parent=4251"}],"wp:term":[{"taxonomy":"category","embeddable":true,"href":"https:\/\/www.lpdordogne.fr\/index.php?rest_route=%2Fwp%2Fv2%2Fcategories&post=4251"},{"taxonomy":"post_tag","embeddable":true,"href":"https:\/\/www.lpdordogne.fr\/index.php?rest_route=%2Fwp%2Fv2%2Ftags&post=4251"}],"curies":[{"name":"wp","href":"https:\/\/api.w.org\/{rel}","templated":true}]}}