{"id":4248,"date":"2025-09-03T20:40:46","date_gmt":"2025-09-03T20:40:46","guid":{"rendered":"https:\/\/www.lpdordogne.fr\/?p=4248"},"modified":"2026-01-04T16:56:14","modified_gmt":"2026-01-04T16:56:14","slug":"le-groupe-fred-zeller-present-au-forum-des-associations","status":"publish","type":"post","link":"https:\/\/www.lpdordogne.fr\/?p=4248","title":{"rendered":"Le groupe Fred Zeller pr\u00e9sent au forum des associations"},"content":{"rendered":"\n<p>Ce samedi 6 septembre, et comme chaque ann\u00e9e, le groupe Fred Zeller sera pr\u00e9sent au forum des associations de P\u00e9rigueux, qui se tient au stade Rongi\u00e9ras, de 10h \u00e0 17h.<\/p>\n\n\n\n<p>N&rsquo;h\u00e9sitez pas \u00e0 venir nous rencontrer et discuter avec les militants qui animeront le stand.<\/p>\n\n\n\n<p><\/p>\n","protected":false},"excerpt":{"rendered":"<p>Ce samedi 6 septembre, et comme chaque ann\u00e9e, le groupe Fred Zeller sera pr\u00e9sent au forum des associations de P\u00e9rigueux, qui se tient au stade Rongi\u00e9ras, de 10h \u00e0 17h. N&rsquo;h\u00e9sitez pas \u00e0 venir nous rencontrer et discuter avec les militants qui animeront le stand.<\/p>\n","protected":false},"author":1,"featured_media":0,"comment_status":"open","ping_status":"open","sticky":false,"template":"","format":"standard","meta":{"footnotes":""},"categories":[1],"tags":[],"class_list":["post-4248","post","type-post","status-publish","format-standard","hentry","category-uncategorized"],"_links":{"self":[{"href":"https:\/\/www.lpdordogne.fr\/index.php?rest_route=\/wp\/v2\/posts\/4248","targetHints":{"allow":["GET"]}}],"collection":[{"href":"https:\/\/www.lpdordogne.fr\/index.php?rest_route=\/wp\/v2\/posts"}],"about":[{"href":"https:\/\/www.lpdordogne.fr\/index.php?rest_route=\/wp\/v2\/types\/post"}],"author":[{"embeddable":true,"href":"https:\/\/www.lpdordogne.fr\/index.php?rest_route=\/wp\/v2\/users\/1"}],"replies":[{"embeddable":true,"href":"https:\/\/www.lpdordogne.fr\/index.php?rest_route=%2Fwp%2Fv2%2Fcomments&post=4248"}],"version-history":[{"count":1,"href":"https:\/\/www.lpdordogne.fr\/index.php?rest_route=\/wp\/v2\/posts\/4248\/revisions"}],"predecessor-version":[{"id":4249,"href":"https:\/\/www.lpdordogne.fr\/index.php?rest_route=\/wp\/v2\/posts\/4248\/revisions\/4249"}],"wp:attachment":[{"href":"https:\/\/www.lpdordogne.fr\/index.php?rest_route=%2Fwp%2Fv2%2Fmedia&parent=4248"}],"wp:term":[{"taxonomy":"category","embeddable":true,"href":"https:\/\/www.lpdordogne.fr\/index.php?rest_route=%2Fwp%2Fv2%2Fcategories&post=4248"},{"taxonomy":"post_tag","embeddable":true,"href":"https:\/\/www.lpdordogne.fr\/index.php?rest_route=%2Fwp%2Fv2%2Ftags&post=4248"}],"curies":[{"name":"wp","href":"https:\/\/api.w.org\/{rel}","templated":true}]}}