{"id":4193,"date":"2025-09-18T13:54:41","date_gmt":"2025-09-18T13:54:41","guid":{"rendered":"https:\/\/www.lpdordogne.fr\/?p=4193"},"modified":"2026-01-04T16:56:14","modified_gmt":"2026-01-04T16:56:14","slug":"26-juin-2025-perigueux-reunion-debat-organisee-par-le-groupe-fred-zeller","status":"publish","type":"post","link":"https:\/\/www.lpdordogne.fr\/?p=4193","title":{"rendered":"Samedi 4 octobre 2025, Journ\u00e9e de la Libre Pens\u00e9e \u00e0 St-L\u00e9on sur l&rsquo;Isle"},"content":{"rendered":"\n<figure class=\"wp-block-image size-large\"><img loading=\"lazy\" decoding=\"async\" width=\"1024\" height=\"241\" src=\"https:\/\/www.lpdordogne.fr\/wp-content\/uploads\/2025\/09\/affiche-5-oct-SC-a-date-1024x241.png\" alt=\"\" class=\"wp-image-4279\" srcset=\"https:\/\/www.lpdordogne.fr\/wp-content\/uploads\/2025\/09\/affiche-5-oct-SC-a-date-1024x241.png 1024w, https:\/\/www.lpdordogne.fr\/wp-content\/uploads\/2025\/09\/affiche-5-oct-SC-a-date-300x71.png 300w, https:\/\/www.lpdordogne.fr\/wp-content\/uploads\/2025\/09\/affiche-5-oct-SC-a-date-768x181.png 768w, https:\/\/www.lpdordogne.fr\/wp-content\/uploads\/2025\/09\/affiche-5-oct-SC-a-date-1200x282.png 1200w, https:\/\/www.lpdordogne.fr\/wp-content\/uploads\/2025\/09\/affiche-5-oct-SC-a-date.png 1428w\" sizes=\"auto, (max-width: 709px) 85vw, (max-width: 909px) 67vw, (max-width: 1362px) 62vw, 840px\" \/><\/figure>\n\n\n\n<figure class=\"wp-block-image size-full\"><a href=\"https:\/\/www.lpdordogne.fr\/wp-content\/uploads\/2025\/09\/affiche-5-oct-SC-a-1.pdf\" target=\"_blank\" rel=\" noreferrer noopener\"><img loading=\"lazy\" decoding=\"async\" width=\"1811\" height=\"2560\" src=\"https:\/\/www.lpdordogne.fr\/wp-content\/uploads\/2025\/09\/affiche-5-oct-SC-a-scaled.png\" alt=\"\" class=\"wp-image-4272\" srcset=\"https:\/\/www.lpdordogne.fr\/wp-content\/uploads\/2025\/09\/affiche-5-oct-SC-a-scaled.png 1811w, https:\/\/www.lpdordogne.fr\/wp-content\/uploads\/2025\/09\/affiche-5-oct-SC-a-212x300.png 212w, https:\/\/www.lpdordogne.fr\/wp-content\/uploads\/2025\/09\/affiche-5-oct-SC-a-724x1024.png 724w, https:\/\/www.lpdordogne.fr\/wp-content\/uploads\/2025\/09\/affiche-5-oct-SC-a-768x1086.png 768w, https:\/\/www.lpdordogne.fr\/wp-content\/uploads\/2025\/09\/affiche-5-oct-SC-a-1086x1536.png 1086w, https:\/\/www.lpdordogne.fr\/wp-content\/uploads\/2025\/09\/affiche-5-oct-SC-a-1448x2048.png 1448w, https:\/\/www.lpdordogne.fr\/wp-content\/uploads\/2025\/09\/affiche-5-oct-SC-a-1200x1697.png 1200w\" sizes=\"auto, (max-width: 709px) 85vw, (max-width: 909px) 67vw, (max-width: 1362px) 62vw, 840px\" \/><\/a><\/figure>\n\n\n\n<p>La maison des association de Saint-L\u00e9on sur l&rsquo;Isle est situ\u00e9e au centre du bourg, La salle est au rez-de-chauss\u00e9e.<\/p>\n\n\n\n<iframe src=\"https:\/\/www.google.com\/maps\/embed?pb=!4v1758203989337!6m8!1m7!1skrx0ThxxSTW4xMkXnsbC5w!2m2!1d45.1154396497378!2d0.499636970086713!3f31.60324999646041!4f2.55205257862724!5f0.7820865974627469\" width=\"600\" height=\"450\" style=\"border:0;\" allowfullscreen=\"\" loading=\"lazy\" referrerpolicy=\"no-referrer-when-downgrade\"><\/iframe>\n\n\n\n<p><\/p>\n","protected":false},"excerpt":{"rendered":"<p>La maison des association de Saint-L\u00e9on sur l&rsquo;Isle est situ\u00e9e au centre du bourg, La salle est au rez-de-chauss\u00e9e.<\/p>\n","protected":false},"author":1,"featured_media":4277,"comment_status":"open","ping_status":"open","sticky":false,"template":"","format":"standard","meta":{"footnotes":""},"categories":[1],"tags":[],"class_list":["post-4193","post","type-post","status-publish","format-standard","has-post-thumbnail","hentry","category-uncategorized"],"_links":{"self":[{"href":"https:\/\/www.lpdordogne.fr\/index.php?rest_route=\/wp\/v2\/posts\/4193","targetHints":{"allow":["GET"]}}],"collection":[{"href":"https:\/\/www.lpdordogne.fr\/index.php?rest_route=\/wp\/v2\/posts"}],"about":[{"href":"https:\/\/www.lpdordogne.fr\/index.php?rest_route=\/wp\/v2\/types\/post"}],"author":[{"embeddable":true,"href":"https:\/\/www.lpdordogne.fr\/index.php?rest_route=\/wp\/v2\/users\/1"}],"replies":[{"embeddable":true,"href":"https:\/\/www.lpdordogne.fr\/index.php?rest_route=%2Fwp%2Fv2%2Fcomments&post=4193"}],"version-history":[{"count":9,"href":"https:\/\/www.lpdordogne.fr\/index.php?rest_route=\/wp\/v2\/posts\/4193\/revisions"}],"predecessor-version":[{"id":4280,"href":"https:\/\/www.lpdordogne.fr\/index.php?rest_route=\/wp\/v2\/posts\/4193\/revisions\/4280"}],"wp:featuredmedia":[{"embeddable":true,"href":"https:\/\/www.lpdordogne.fr\/index.php?rest_route=\/wp\/v2\/media\/4277"}],"wp:attachment":[{"href":"https:\/\/www.lpdordogne.fr\/index.php?rest_route=%2Fwp%2Fv2%2Fmedia&parent=4193"}],"wp:term":[{"taxonomy":"category","embeddable":true,"href":"https:\/\/www.lpdordogne.fr\/index.php?rest_route=%2Fwp%2Fv2%2Fcategories&post=4193"},{"taxonomy":"post_tag","embeddable":true,"href":"https:\/\/www.lpdordogne.fr\/index.php?rest_route=%2Fwp%2Fv2%2Ftags&post=4193"}],"curies":[{"name":"wp","href":"https:\/\/api.w.org\/{rel}","templated":true}]}}