{"id":4154,"date":"2025-06-04T20:08:55","date_gmt":"2025-06-04T20:08:55","guid":{"rendered":"https:\/\/www.lpdordogne.fr\/?p=4154"},"modified":"2025-09-03T20:41:49","modified_gmt":"2025-09-03T20:41:49","slug":"le-groupe-fred-zeller-sur-rlp-2-juin-2025","status":"publish","type":"post","link":"https:\/\/www.lpdordogne.fr\/?p=4154","title":{"rendered":"Le groupe Fred Zeller sur RLP : 2 juin 2025"},"content":{"rendered":"\n<h2 class=\"wp-block-heading\"><strong>Sommaire de la chronique du 2 juin 2025 :<\/strong><\/h2>\n\n\n\n<p><\/p>\n\n\n\n<ul class=\"wp-block-list\">\n<li>La La\u00efcit\u00e9, ce n&rsquo;est pas la r\u00e9pression des croyants<\/li>\n\n\n\n<li>La la\u00efcit\u00e9, c\u2019est la libert\u00e9 de conscience pour tous<\/li>\n\n\n\n<li>choix musical : R\u00e9mo Gard, \u00ab\u00a0Les innocents de Vingr\u00e9\u00a0\u00bb<\/li>\n<\/ul>\n\n\n\n<div class=\"wp-block-buttons is-content-justification-center is-layout-flex wp-container-core-buttons-is-layout-16018d1d wp-block-buttons-is-layout-flex\">\n<div class=\"wp-block-button\"><a class=\"wp-block-button__link has-dark-red-background-color has-background has-text-align-center wp-element-button\" href=\"https:\/\/www.radioslibresenperigord.com\/wp-content\/podcasts\/\/libre-pensee\/2025.06.02%20Libre%20Pens%C3%A9e.mp3?_=1\" target=\"_blank\" rel=\"noreferrer noopener\">\u00e9couter CETTE CHRONIQUE<\/a><\/div>\n<\/div>\n\n\n\n<!--more-->\n\n\n\n<p><strong>Introduction musicale<\/strong> : Le Forgeron de la Paix [0&rsquo;00\u00a0\u00bb &#8211; 0&rsquo;25\u00a0\u00bb]<\/p>\n\n\n\n<hr class=\"wp-block-separator has-alpha-channel-opacity\"\/>\n\n\n\n<h2 class=\"wp-block-heading\">La La\u00efcit\u00e9, ce n&rsquo;est pas la r\u00e9pression des croyants<\/h2>\n\n\n\n<div data-wp-interactive=\"core\/file\" class=\"wp-block-file\"><object data-wp-bind--hidden=\"!state.hasPdfPreview\" hidden class=\"wp-block-file__embed\" data=\"https:\/\/www.lpdordogne.fr\/wp-content\/uploads\/2025\/06\/LaLaiciteCeNestPasLaRepressionDesCroyantspdf.pdf\" type=\"application\/pdf\" style=\"width:100%;height:600px\" aria-label=\"Contenu embarqu\u00e9 LaLaiciteCeNestPasLaRepressionDesCroyantspdf.\"><\/object><a id=\"wp-block-file--media-694d47e2-865b-4b03-8860-8ed237870298\" href=\"https:\/\/www.lpdordogne.fr\/wp-content\/uploads\/2025\/06\/LaLaiciteCeNestPasLaRepressionDesCroyantspdf.pdf\">LaLaiciteCeNestPasLaRepressionDesCroyantspdf<\/a><a href=\"https:\/\/www.lpdordogne.fr\/wp-content\/uploads\/2025\/06\/LaLaiciteCeNestPasLaRepressionDesCroyantspdf.pdf\" class=\"wp-block-file__button wp-element-button\" download aria-describedby=\"wp-block-file--media-694d47e2-865b-4b03-8860-8ed237870298\">T\u00e9l\u00e9charger<\/a><\/div>\n\n\n\n<p><a href=\"https:\/\/www.fnlp.fr\/2025\/05\/la-laicite-ce-nest-pas-la-repression\/\" target=\"_blank\" rel=\"noreferrer noopener\">Lire l&rsquo;article sur le site de la FNLP<\/a><\/p>\n\n\n\n<h2 class=\"wp-block-heading\">La la\u00efcit\u00e9, c\u2019est la libert\u00e9 de conscience pour tous<\/h2>\n\n\n\n<div data-wp-interactive=\"core\/file\" class=\"wp-block-file\"><object data-wp-bind--hidden=\"!state.hasPdfPreview\" hidden class=\"wp-block-file__embed\" data=\"https:\/\/www.lpdordogne.fr\/wp-content\/uploads\/2025\/06\/LaLaiciteCestLaLiberteDeConsciencePourTous.pdf\" type=\"application\/pdf\" style=\"width:100%;height:600px\" aria-label=\"Contenu embarqu\u00e9 LaLaiciteCestLaLiberteDeConsciencePourTous.\"><\/object><a id=\"wp-block-file--media-874bbe7f-418f-4503-a6ec-21a9cd9f1697\" href=\"https:\/\/www.lpdordogne.fr\/wp-content\/uploads\/2025\/06\/LaLaiciteCestLaLiberteDeConsciencePourTous.pdf\">LaLaiciteCestLaLiberteDeConsciencePourTous<\/a><a href=\"https:\/\/www.lpdordogne.fr\/wp-content\/uploads\/2025\/06\/LaLaiciteCestLaLiberteDeConsciencePourTous.pdf\" class=\"wp-block-file__button wp-element-button\" download aria-describedby=\"wp-block-file--media-874bbe7f-418f-4503-a6ec-21a9cd9f1697\">T\u00e9l\u00e9charger<\/a><\/div>\n\n\n\n<p><a href=\"https:\/\/www.fnlp.fr\/2025\/05\/la-laicite-cest-la-liberte-de-conscience-pour-tous\/\" target=\"_blank\" rel=\"noreferrer noopener\">Lire l&rsquo;article sur le site de la FNLP<\/a><\/p>\n\n\n\n<hr class=\"wp-block-separator has-alpha-channel-opacity\"\/>\n\n\n\n<p><a href=\"https:\/\/www.facebook.com\/groups\/283551557120271\" target=\"_blank\" rel=\"noreferrer noopener\">Et, n&rsquo;oubliez pas d&rsquo;aller sur la page facebook du groupe Fred Zeller <\/a><\/p>\n\n\n\n<hr class=\"wp-block-separator has-alpha-channel-opacity\"\/>\n\n\n\n<h2 class=\"wp-block-heading\">Choix musical : R\u00e9mo Gary, Les innocents de Vingr\u00e9<\/h2>\n\n\n\n<figure class=\"wp-block-audio\"><audio controls src=\"https:\/\/soissonnais14-8.fr\/mp3\/LesInnocentsVingreeRemo.mp3\"><\/audio><\/figure>\n\n\n\n<p><a href=\"https:\/\/www.histoiredefrance-chansons.com\/index.php?param1=MI0472.php\" target=\"_blank\" rel=\"noreferrer noopener\">Paroles de la chanson \u00ab\u00a0Les Innocents de Vingr\u00e9\u00a0\u00bb<\/a><\/p>\n\n\n\n<hr class=\"wp-block-separator has-alpha-channel-opacity\"\/>\n\n\n\n<div class=\"wp-block-buttons is-content-justification-center is-layout-flex wp-container-core-buttons-is-layout-16018d1d wp-block-buttons-is-layout-flex\">\n<div class=\"wp-block-button\"><a class=\"wp-block-button__link has-dark-red-background-color has-background has-text-align-center wp-element-button\" href=\"https:\/\/www.radioslibresenperigord.com\/wp-content\/podcasts\/\/libre-pensee\/2025.06.02%20Libre%20Pens%C3%A9e.mp3?_=1\" target=\"_blank\" rel=\"noreferrer noopener\">\u00e9couter CETTE CHRONIQUE<\/a><\/div>\n<\/div>\n\n\n\n<p><\/p>\n","protected":false},"excerpt":{"rendered":"<p>Sommaire de la chronique du 2 juin 2025 :<\/p>\n","protected":false},"author":1,"featured_media":96,"comment_status":"open","ping_status":"open","sticky":false,"template":"","format":"standard","meta":{"footnotes":""},"categories":[20],"tags":[],"class_list":["post-4154","post","type-post","status-publish","format-standard","has-post-thumbnail","hentry","category-rlp"],"_links":{"self":[{"href":"https:\/\/www.lpdordogne.fr\/index.php?rest_route=\/wp\/v2\/posts\/4154","targetHints":{"allow":["GET"]}}],"collection":[{"href":"https:\/\/www.lpdordogne.fr\/index.php?rest_route=\/wp\/v2\/posts"}],"about":[{"href":"https:\/\/www.lpdordogne.fr\/index.php?rest_route=\/wp\/v2\/types\/post"}],"author":[{"embeddable":true,"href":"https:\/\/www.lpdordogne.fr\/index.php?rest_route=\/wp\/v2\/users\/1"}],"replies":[{"embeddable":true,"href":"https:\/\/www.lpdordogne.fr\/index.php?rest_route=%2Fwp%2Fv2%2Fcomments&post=4154"}],"version-history":[{"count":2,"href":"https:\/\/www.lpdordogne.fr\/index.php?rest_route=\/wp\/v2\/posts\/4154\/revisions"}],"predecessor-version":[{"id":4165,"href":"https:\/\/www.lpdordogne.fr\/index.php?rest_route=\/wp\/v2\/posts\/4154\/revisions\/4165"}],"wp:featuredmedia":[{"embeddable":true,"href":"https:\/\/www.lpdordogne.fr\/index.php?rest_route=\/wp\/v2\/media\/96"}],"wp:attachment":[{"href":"https:\/\/www.lpdordogne.fr\/index.php?rest_route=%2Fwp%2Fv2%2Fmedia&parent=4154"}],"wp:term":[{"taxonomy":"category","embeddable":true,"href":"https:\/\/www.lpdordogne.fr\/index.php?rest_route=%2Fwp%2Fv2%2Fcategories&post=4154"},{"taxonomy":"post_tag","embeddable":true,"href":"https:\/\/www.lpdordogne.fr\/index.php?rest_route=%2Fwp%2Fv2%2Ftags&post=4154"}],"curies":[{"name":"wp","href":"https:\/\/api.w.org\/{rel}","templated":true}]}}