{"id":4112,"date":"2025-05-06T20:11:15","date_gmt":"2025-05-06T20:11:15","guid":{"rendered":"https:\/\/www.lpdordogne.fr\/?p=4112"},"modified":"2025-09-03T20:41:49","modified_gmt":"2025-09-03T20:41:49","slug":"le-groupe-fred-zeller-sur-rlp-5-mai-2025","status":"publish","type":"post","link":"https:\/\/www.lpdordogne.fr\/?p=4112","title":{"rendered":"Le groupe Fred Zeller sur RLP : 5 mai 2025"},"content":{"rendered":"\n<h2 class=\"wp-block-heading\"><strong>Sommaire de la chronique du 5 mai 2025 :<\/strong><\/h2>\n\n\n\n<ul class=\"wp-block-list\">\n<li>Non \u00e0 la pr\u00e9sence d\u2019Isra\u00ebl au Salon du Bourget 2025<\/li>\n\n\n\n<li>Massacres du 8 mai 1945 en Alg\u00e9rie : 80\u00e8me anniversaire et indispensable reconnaissance<\/li>\n\n\n\n<li>choix musical : Allaoua Zerrouki, Dahmane El Harrachi et Salah Sadaoui<\/li>\n<\/ul>\n\n\n\n<div class=\"wp-block-buttons is-content-justification-center is-layout-flex wp-container-core-buttons-is-layout-16018d1d wp-block-buttons-is-layout-flex\">\n<div class=\"wp-block-button\"><a class=\"wp-block-button__link has-dark-red-background-color has-background has-text-align-center wp-element-button\" href=\"https:\/\/www.radioslibresenperigord.com\/wp-content\/podcasts\/\/libre-pensee\/2025.05.05%20Libres%20Penseurs%2C%20Salon%20du%20Bourget%2C%20massacres%20du%208%20mai.mp3?_=1\" target=\"_blank\" rel=\"noreferrer noopener\">\u00e9couter CETTE CHRONIQUE<\/a><\/div>\n<\/div>\n\n\n\n<!--more-->\n\n\n\n<p><strong>Introduction musicale<\/strong> : Le Forgeron de la Paix [0&rsquo;00\u00a0\u00bb &#8211; 0&rsquo;25\u00a0\u00bb]<\/p>\n\n\n\n<hr class=\"wp-block-separator has-alpha-channel-opacity\"\/>\n\n\n\n<h2 class=\"wp-block-heading\">Non \u00e0 la pr\u00e9sence d\u2019Isra\u00ebl au Salon du Bourget 2025<em> <\/em><\/h2>\n\n\n\n<p>La FNLP a sign\u00e9 cet appel contre la pr\u00e9sence d&rsquo;Isra\u00ebl au Salon du Bourget 2025<\/p>\n\n\n\n<div data-wp-interactive=\"core\/file\" class=\"wp-block-file\"><object data-wp-bind--hidden=\"!state.hasPdfPreview\" hidden class=\"wp-block-file__embed\" data=\"https:\/\/www.lpdordogne.fr\/wp-content\/uploads\/2025\/05\/SALON-DU-BOURGET.pdf\" type=\"application\/pdf\" style=\"width:100%;height:600px\" aria-label=\"Contenu embarqu\u00e9 SALON DU BOURGET.\"><\/object><a id=\"wp-block-file--media-cc701886-135f-45d0-92e9-dc470f114f38\" href=\"https:\/\/www.lpdordogne.fr\/wp-content\/uploads\/2025\/05\/SALON-DU-BOURGET.pdf\">SALON DU BOURGET<\/a><a href=\"https:\/\/www.lpdordogne.fr\/wp-content\/uploads\/2025\/05\/SALON-DU-BOURGET.pdf\" class=\"wp-block-file__button wp-element-button\" download aria-describedby=\"wp-block-file--media-cc701886-135f-45d0-92e9-dc470f114f38\">T\u00e9l\u00e9charger<\/a><\/div>\n\n\n\n<hr class=\"wp-block-separator has-alpha-channel-opacity\"\/>\n\n\n\n<p><a href=\"https:\/\/www.facebook.com\/groups\/283551557120271\" target=\"_blank\" rel=\"noreferrer noopener\">Et, n&rsquo;oubliez pas d&rsquo;aller sur la page facebook du groupe Fred Zeller <\/a><\/p>\n\n\n\n<h2 class=\"wp-block-heading\">Massacres du 8 mai 1945 en Alg\u00e9rie : <br>80\u00e8me anniversaire et indispensable reconnaissance<\/h2>\n\n\n\n<p>\u00c0 la veille du 80\u00e8me anniversaire des massacres de S\u00e9tif, Guelma et Kherrata, une telle reconnaissance s\u2019impose d\u2019autant plus qu\u2019on ne peut laisser les extr\u00eames-droites et les droites de gouvernement radicalis\u00e9es poursuivre inlassablement et sans opposition v\u00e9ritable leur campagne politique et culturelle destin\u00e9e \u00e0 r\u00e9habiliter le criminel pass\u00e9 colonial de la France. Un texte de Olivier Le Cour Grandmaison, universitaire.<\/p>\n\n\n\n<div data-wp-interactive=\"core\/file\" class=\"wp-block-file\"><object data-wp-bind--hidden=\"!state.hasPdfPreview\" hidden class=\"wp-block-file__embed\" data=\"https:\/\/www.lpdordogne.fr\/wp-content\/uploads\/2025\/05\/Massacres-du-8-mai-1945-en-Algerie-_-80eme-anniversaire-et-indispensable-reconnaissance-_-Le-Club.pdf\" type=\"application\/pdf\" style=\"width:100%;height:600px\" aria-label=\"Contenu embarqu\u00e9 Massacres du 8 mai 1945 en Alg\u00e9rie\u00a0_ 80\u00e8me anniversaire et indispensable reconnaissance _ Le Club.\"><\/object><a id=\"wp-block-file--media-67ca1895-78aa-489a-abfa-1a5693070cc2\" href=\"https:\/\/www.lpdordogne.fr\/wp-content\/uploads\/2025\/05\/Massacres-du-8-mai-1945-en-Algerie-_-80eme-anniversaire-et-indispensable-reconnaissance-_-Le-Club.pdf\">Massacres du 8 mai 1945 en Alg\u00e9rie\u00a0_ 80\u00e8me anniversaire et indispensable reconnaissance _ Le Club<\/a><a href=\"https:\/\/www.lpdordogne.fr\/wp-content\/uploads\/2025\/05\/Massacres-du-8-mai-1945-en-Algerie-_-80eme-anniversaire-et-indispensable-reconnaissance-_-Le-Club.pdf\" class=\"wp-block-file__button wp-element-button\" download aria-describedby=\"wp-block-file--media-67ca1895-78aa-489a-abfa-1a5693070cc2\">T\u00e9l\u00e9charger<\/a><\/div>\n\n\n\n<p><\/p>\n\n\n\n<h2 class=\"wp-block-heading\">Choix musical : Allaoua Zerrouki, Dahmane El Harrachi et Salah Sadaoui<\/h2>\n\n\n\n<figure class=\"wp-block-embed is-type-video is-provider-youtube wp-block-embed-youtube wp-embed-aspect-16-9 wp-has-aspect-ratio\"><div class=\"wp-block-embed__wrapper\">\n<iframe loading=\"lazy\" title=\"Vid\u00e9o rare: Allaoua Zerrouki, Dahmane El Harrachi et Salah Sadaoui\" width=\"840\" height=\"473\" src=\"https:\/\/www.youtube.com\/embed\/2gZx3TTY58k?feature=oembed\" frameborder=\"0\" allow=\"accelerometer; autoplay; clipboard-write; encrypted-media; gyroscope; picture-in-picture; web-share\" referrerpolicy=\"strict-origin-when-cross-origin\" allowfullscreen><\/iframe>\n<\/div><\/figure>\n\n\n\n<div class=\"wp-block-buttons is-content-justification-center is-layout-flex wp-container-core-buttons-is-layout-16018d1d wp-block-buttons-is-layout-flex\">\n<div class=\"wp-block-button\"><a class=\"wp-block-button__link has-dark-red-background-color has-background has-text-align-center wp-element-button\" href=\"https:\/\/www.radioslibresenperigord.com\/wp-content\/podcasts\/\/libre-pensee\/2025.05.05%20Libres%20Penseurs%2C%20Salon%20du%20Bourget%2C%20massacres%20du%208%20mai.mp3?_=1\" target=\"_blank\" rel=\"noreferrer noopener\">\u00e9couter CETTE CHRONIQUE<\/a><\/div>\n<\/div>\n\n\n\n<hr class=\"wp-block-separator has-alpha-channel-opacity\"\/>\n\n\n\n<p>Pour tout contact ou pour r\u00e9server un num\u00e9ro de l&rsquo;<em>Id\u00e9e libre<\/em>, \u00e9crire \u00e0 : <a href=\"mailto:groupe-fred-zeller@lpdordogne.fr\">groupe-fred-zeller@lpdordogne.fr<\/a><\/p>\n\n\n\n<p><\/p>\n","protected":false},"excerpt":{"rendered":"<p>Sommaire de la chronique du 5 mai 2025 :<\/p>\n","protected":false},"author":1,"featured_media":96,"comment_status":"open","ping_status":"open","sticky":false,"template":"","format":"standard","meta":{"footnotes":""},"categories":[20],"tags":[],"class_list":["post-4112","post","type-post","status-publish","format-standard","has-post-thumbnail","hentry","category-rlp"],"_links":{"self":[{"href":"https:\/\/www.lpdordogne.fr\/index.php?rest_route=\/wp\/v2\/posts\/4112","targetHints":{"allow":["GET"]}}],"collection":[{"href":"https:\/\/www.lpdordogne.fr\/index.php?rest_route=\/wp\/v2\/posts"}],"about":[{"href":"https:\/\/www.lpdordogne.fr\/index.php?rest_route=\/wp\/v2\/types\/post"}],"author":[{"embeddable":true,"href":"https:\/\/www.lpdordogne.fr\/index.php?rest_route=\/wp\/v2\/users\/1"}],"replies":[{"embeddable":true,"href":"https:\/\/www.lpdordogne.fr\/index.php?rest_route=%2Fwp%2Fv2%2Fcomments&post=4112"}],"version-history":[{"count":2,"href":"https:\/\/www.lpdordogne.fr\/index.php?rest_route=\/wp\/v2\/posts\/4112\/revisions"}],"predecessor-version":[{"id":4116,"href":"https:\/\/www.lpdordogne.fr\/index.php?rest_route=\/wp\/v2\/posts\/4112\/revisions\/4116"}],"wp:featuredmedia":[{"embeddable":true,"href":"https:\/\/www.lpdordogne.fr\/index.php?rest_route=\/wp\/v2\/media\/96"}],"wp:attachment":[{"href":"https:\/\/www.lpdordogne.fr\/index.php?rest_route=%2Fwp%2Fv2%2Fmedia&parent=4112"}],"wp:term":[{"taxonomy":"category","embeddable":true,"href":"https:\/\/www.lpdordogne.fr\/index.php?rest_route=%2Fwp%2Fv2%2Fcategories&post=4112"},{"taxonomy":"post_tag","embeddable":true,"href":"https:\/\/www.lpdordogne.fr\/index.php?rest_route=%2Fwp%2Fv2%2Ftags&post=4112"}],"curies":[{"name":"wp","href":"https:\/\/api.w.org\/{rel}","templated":true}]}}