{"id":4103,"date":"2025-04-28T21:13:05","date_gmt":"2025-04-28T21:13:05","guid":{"rendered":"https:\/\/www.lpdordogne.fr\/?p=4103"},"modified":"2025-05-19T15:11:42","modified_gmt":"2025-05-19T15:11:42","slug":"le-groupe-fred-zeller-sur-rlp-28-avril-2025","status":"publish","type":"post","link":"https:\/\/www.lpdordogne.fr\/?p=4103","title":{"rendered":"Le groupe Fred Zeller sur RLP : 28 avril 2025"},"content":{"rendered":"\n<h2 class=\"wp-block-heading\"><strong>Sommaire de la chronique du 28 avril 2025 :<\/strong><\/h2>\n\n\n\n<ul class=\"wp-block-list\">\n<li>Drapeaux en berne sur les \u00e9difices publics<\/li>\n\n\n\n<li>Qu&rsquo;est-ce que le Vatican ?<\/li>\n\n\n\n<li>choix musical : Le tango de Dani\u00e9lou<\/li>\n<\/ul>\n\n\n\n<div class=\"wp-block-buttons is-content-justification-center is-layout-flex wp-container-core-buttons-is-layout-16018d1d wp-block-buttons-is-layout-flex\">\n<div class=\"wp-block-button\"><a class=\"wp-block-button__link has-dark-red-background-color has-background has-text-align-center wp-element-button\" href=\"https:\/\/www.radioslibresenperigord.com\/wp-content\/podcasts\/\/libre-pensee\/2025.04.28%20Libre%20Pens%C3%A9e.mp3?_=1\" target=\"_blank\" rel=\"noreferrer noopener\">\u00e9couter CETTE CHRONIQUE<\/a><\/div>\n<\/div>\n\n\n\n<!--more-->\n\n\n\n<p><strong>Introduction musicale<\/strong> : Le Forgeron de la Paix [0&rsquo;00\u00a0\u00bb &#8211; 0&rsquo;25\u00a0\u00bb]<\/p>\n\n\n\n<hr class=\"wp-block-separator has-alpha-channel-opacity\"\/>\n\n\n\n<h2 class=\"wp-block-heading\">Drapeaux en berne sur les \u00e9difices publics et pr\u00e9sence \u00e0 Rome Emmanuel Macron et Fran\u00e7ois Bayrou violent la loi de 1905 de S\u00e9paration<em> <\/em><\/h2>\n\n\n\n<div data-wp-interactive=\"core\/file\" class=\"wp-block-file\"><object data-wp-bind--hidden=\"!state.hasPdfPreview\" hidden class=\"wp-block-file__embed\" data=\"https:\/\/www.lpdordogne.fr\/wp-content\/uploads\/2025\/04\/COM-FNLP-PAPE-04-25.pdf\" type=\"application\/pdf\" style=\"width:100%;height:600px\" aria-label=\"Contenu embarqu\u00e9 COM-FNLP-PAPE-04-25.\"><\/object><a id=\"wp-block-file--media-4aeccd33-6ebd-4144-acda-eac37ed23258\" href=\"https:\/\/www.lpdordogne.fr\/wp-content\/uploads\/2025\/04\/COM-FNLP-PAPE-04-25.pdf\">COM-FNLP-PAPE-04-25<\/a><a href=\"https:\/\/www.lpdordogne.fr\/wp-content\/uploads\/2025\/04\/COM-FNLP-PAPE-04-25.pdf\" class=\"wp-block-file__button wp-element-button\" download aria-describedby=\"wp-block-file--media-4aeccd33-6ebd-4144-acda-eac37ed23258\">T\u00e9l\u00e9charger<\/a><\/div>\n\n\n\n<hr class=\"wp-block-separator has-alpha-channel-opacity\"\/>\n\n\n\n<p><a href=\"https:\/\/www.facebook.com\/groups\/283551557120271\" target=\"_blank\" rel=\"noreferrer noopener\">Et, n&rsquo;oubliez pas d&rsquo;aller sur la page facebook du groupe Fred Zeller <\/a><\/p>\n\n\n\n<h2 class=\"wp-block-heading\">Qu&rsquo;est-ce que le Vatican ?<\/h2>\n\n\n\n<div data-wp-interactive=\"core\/file\" class=\"wp-block-file\"><object data-wp-bind--hidden=\"!state.hasPdfPreview\" hidden class=\"wp-block-file__embed\" data=\"https:\/\/www.lpdordogne.fr\/wp-content\/uploads\/2025\/04\/vatican-1.pdf\" type=\"application\/pdf\" style=\"width:100%;height:600px\" aria-label=\"Contenu embarqu\u00e9 vatican (1).\"><\/object><a id=\"wp-block-file--media-68b9a19b-dd29-42e5-85bd-6b4e01dd7da6\" href=\"https:\/\/www.lpdordogne.fr\/wp-content\/uploads\/2025\/04\/vatican-1.pdf\">vatican (1)<\/a><a href=\"https:\/\/www.lpdordogne.fr\/wp-content\/uploads\/2025\/04\/vatican-1.pdf\" class=\"wp-block-file__button wp-element-button\" download aria-describedby=\"wp-block-file--media-68b9a19b-dd29-42e5-85bd-6b4e01dd7da6\">T\u00e9l\u00e9charger<\/a><\/div>\n\n\n\n<p><\/p>\n\n\n\n<h2 class=\"wp-block-heading\">Choix musical : Gilbert Bastien, Le Tango de Dani\u00e9lou<\/h2>\n\n\n\n<div class=\"wp-block-buttons is-content-justification-center is-layout-flex wp-container-core-buttons-is-layout-16018d1d wp-block-buttons-is-layout-flex\">\n<div class=\"wp-block-button\"><a class=\"wp-block-button__link has-dark-red-background-color has-background has-text-align-center wp-element-button\" href=\"https:\/\/www.radioslibresenperigord.com\/wp-content\/podcasts\/\/libre-pensee\/2025.04.28%20Libre%20Pens%C3%A9e.mp3?_=1\" target=\"_blank\" rel=\"noreferrer noopener\">\u00e9couter CETTE CHRONIQUE<\/a><\/div>\n<\/div>\n\n\n\n<hr class=\"wp-block-separator has-alpha-channel-opacity\"\/>\n\n\n\n<p>Pour tout contact ou pour r\u00e9server un num\u00e9ro de l&rsquo;<em>Id\u00e9e libre<\/em>, \u00e9crire \u00e0 : <a href=\"mailto:groupe-fred-zeller@lpdordogne.fr\">groupe-fred-zeller@lpdordogne.fr<\/a><\/p>\n\n\n\n<p><\/p>\n","protected":false},"excerpt":{"rendered":"<p>Sommaire de la chronique du 28 avril 2025 :<\/p>\n","protected":false},"author":1,"featured_media":96,"comment_status":"open","ping_status":"open","sticky":false,"template":"","format":"standard","meta":{"footnotes":""},"categories":[20],"tags":[],"class_list":["post-4103","post","type-post","status-publish","format-standard","has-post-thumbnail","hentry","category-rlp"],"_links":{"self":[{"href":"https:\/\/www.lpdordogne.fr\/index.php?rest_route=\/wp\/v2\/posts\/4103","targetHints":{"allow":["GET"]}}],"collection":[{"href":"https:\/\/www.lpdordogne.fr\/index.php?rest_route=\/wp\/v2\/posts"}],"about":[{"href":"https:\/\/www.lpdordogne.fr\/index.php?rest_route=\/wp\/v2\/types\/post"}],"author":[{"embeddable":true,"href":"https:\/\/www.lpdordogne.fr\/index.php?rest_route=\/wp\/v2\/users\/1"}],"replies":[{"embeddable":true,"href":"https:\/\/www.lpdordogne.fr\/index.php?rest_route=%2Fwp%2Fv2%2Fcomments&post=4103"}],"version-history":[{"count":1,"href":"https:\/\/www.lpdordogne.fr\/index.php?rest_route=\/wp\/v2\/posts\/4103\/revisions"}],"predecessor-version":[{"id":4106,"href":"https:\/\/www.lpdordogne.fr\/index.php?rest_route=\/wp\/v2\/posts\/4103\/revisions\/4106"}],"wp:featuredmedia":[{"embeddable":true,"href":"https:\/\/www.lpdordogne.fr\/index.php?rest_route=\/wp\/v2\/media\/96"}],"wp:attachment":[{"href":"https:\/\/www.lpdordogne.fr\/index.php?rest_route=%2Fwp%2Fv2%2Fmedia&parent=4103"}],"wp:term":[{"taxonomy":"category","embeddable":true,"href":"https:\/\/www.lpdordogne.fr\/index.php?rest_route=%2Fwp%2Fv2%2Fcategories&post=4103"},{"taxonomy":"post_tag","embeddable":true,"href":"https:\/\/www.lpdordogne.fr\/index.php?rest_route=%2Fwp%2Fv2%2Ftags&post=4103"}],"curies":[{"name":"wp","href":"https:\/\/api.w.org\/{rel}","templated":true}]}}