{"id":3981,"date":"2025-03-24T21:30:10","date_gmt":"2025-03-24T21:30:10","guid":{"rendered":"https:\/\/www.lpdordogne.fr\/?p=3981"},"modified":"2025-05-19T15:11:42","modified_gmt":"2025-05-19T15:11:42","slug":"5-avril-2025-soiree-autour-du-blues","status":"publish","type":"post","link":"https:\/\/www.lpdordogne.fr\/?p=3981","title":{"rendered":"5 avril 2025, soir\u00e9e \u00ab\u00a0Autour du Blues\u00a0\u00bb"},"content":{"rendered":"\n<p>Le groupe Fred Zeller, avec le soutien de Douchapt Blues, organise le samedi 5 avril 2025, \u00e0, partir de 18h, une soir\u00e9e \u00ab\u00a0Autour du blues\u00a0\u00bb, \u00e0 <a href=\"https:\/\/www.google.com\/maps\/@45.1596625,0.6204744,12.14z?authuser=0&amp;entry=ttu&amp;g_ep=EgoyMDI1MDMwNC4wIKXMDSoJLDEwMjExNDU1SAFQAw%3D%3D\" target=\"_blank\" rel=\"noreferrer noopener\">Montrem-Montanceix<\/a>, <a href=\"https:\/\/www.google.com\/maps\/@45.1506007,0.5774793,17.14z?authuser=0&amp;entry=ttu&amp;g_ep=EgoyMDI1MDMwNC4wIKXMDSoJLDEwMjExNDU1SAFQAw%3D%3D\" target=\"_blank\" rel=\"noreferrer noopener\">salle de la rivi\u00e8re<\/a> :<\/p>\n\n\n\n<p class=\"has-text-align-center\"><\/p>\n\n\n\n<figure class=\"wp-block-image size-full\"><img loading=\"lazy\" decoding=\"async\" width=\"600\" height=\"849\" src=\"https:\/\/www.lpdordogne.fr\/wp-content\/uploads\/2025\/03\/affiche-blues-600.png\" alt=\"\" class=\"wp-image-4000\" srcset=\"https:\/\/www.lpdordogne.fr\/wp-content\/uploads\/2025\/03\/affiche-blues-600.png 600w, https:\/\/www.lpdordogne.fr\/wp-content\/uploads\/2025\/03\/affiche-blues-600-212x300.png 212w\" sizes=\"auto, (max-width: 709px) 85vw, (max-width: 909px) 67vw, (max-width: 984px) 61vw, (max-width: 1362px) 45vw, 600px\" \/><\/figure>\n\n\n\n<!--more-->\n\n\n\n<ul class=\"wp-block-list\">\n<li>conf\u00e9rence de Philippe Besson \u00ab\u00a0Le Blues et les combats &lsquo;\u00e9mancipation<br>des noirs am\u00e9ricains\u00a0\u00bb. Cette conf\u00e9rence sera suivie d&rsquo;un d\u00e9bat<\/li>\n\n\n\n<li>illustration musicale de la conf\u00e9rence : concert du chanteur et guitariste de Blues, Nico&rsquo;zz,<\/li>\n\n\n\n<li>buffet dinatoire<\/li>\n<\/ul>\n\n\n\n<p>Une participation de 20\u20ac aux frais d&rsquo;organisation (salle, , artiste, buffet dinatoire, etc ..) est demand\u00e9e pour la totalit\u00e9 de la soir\u00e9e<\/p>\n\n\n\n<p>Inscription n\u00e9cessaire :<\/p>\n\n\n\n<p>par mail \u00e0 adresser \u00e0 : <a href=\"mailto:groupe-fred-zeller@lpdordogne.fr\">groupe-fred-zeller@lpdordogne.fr<\/a><\/p>\n\n\n\n<p>en compl\u00e9tant ce formulaire :<\/p>\n\n\n\n<div class=\"wp-block-contact-form-7-contact-form-selector\">\n<div class=\"wpcf7 no-js\" id=\"wpcf7-f3983-o1\" lang=\"fr-FR\" dir=\"ltr\" data-wpcf7-id=\"3983\">\n<div class=\"screen-reader-response\"><p role=\"status\" aria-live=\"polite\" aria-atomic=\"true\"><\/p> <ul><\/ul><\/div>\n<form action=\"\/index.php?rest_route=%2Fwp%2Fv2%2Fposts%2F3981#wpcf7-f3983-o1\" method=\"post\" class=\"wpcf7-form init\" aria-label=\"Formulaire de contact\" novalidate=\"novalidate\" data-status=\"init\">\n<fieldset class=\"hidden-fields-container\"><input type=\"hidden\" name=\"_wpcf7\" value=\"3983\" \/><input type=\"hidden\" name=\"_wpcf7_version\" value=\"6.1.5\" \/><input type=\"hidden\" name=\"_wpcf7_locale\" value=\"fr_FR\" \/><input type=\"hidden\" name=\"_wpcf7_unit_tag\" value=\"wpcf7-f3983-o1\" \/><input type=\"hidden\" name=\"_wpcf7_container_post\" value=\"0\" \/><input type=\"hidden\" name=\"_wpcf7_posted_data_hash\" value=\"\" \/>\n<\/fieldset>\n<p><label> Votre nom<br \/>\n<span class=\"wpcf7-form-control-wrap\" data-name=\"your-name\"><input size=\"40\" maxlength=\"400\" class=\"wpcf7-form-control wpcf7-text wpcf7-validates-as-required\" autocomplete=\"name\" aria-required=\"true\" aria-invalid=\"false\" value=\"\" type=\"text\" name=\"your-name\" \/><\/span> <\/label>\n<\/p>\n<p><label> Votre e-mail<br \/>\n<span class=\"wpcf7-form-control-wrap\" data-name=\"your-email\"><input size=\"40\" maxlength=\"400\" class=\"wpcf7-form-control wpcf7-email wpcf7-validates-as-required wpcf7-text wpcf7-validates-as-email\" autocomplete=\"email\" aria-required=\"true\" aria-invalid=\"false\" value=\"\" type=\"email\" name=\"your-email\" \/><\/span> <\/label>\n<\/p>\n<p><span class=\"wpcf7-form-control-wrap\" data-name=\"checkbox-238\"><span class=\"wpcf7-form-control wpcf7-checkbox\"><span class=\"wpcf7-list-item first\"><label><input type=\"checkbox\" name=\"checkbox-238[]\" value=\"1\" \/><span class=\"wpcf7-list-item-label\">1<\/span><\/label><\/span><span class=\"wpcf7-list-item\"><label><input type=\"checkbox\" name=\"checkbox-238[]\" value=\"2\" \/><span class=\"wpcf7-list-item-label\">2<\/span><\/label><\/span><span class=\"wpcf7-list-item\"><label><input type=\"checkbox\" name=\"checkbox-238[]\" value=\"3\" \/><span class=\"wpcf7-list-item-label\">3<\/span><\/label><\/span><span class=\"wpcf7-list-item\"><label><input type=\"checkbox\" name=\"checkbox-238[]\" value=\"4\" \/><span class=\"wpcf7-list-item-label\">4<\/span><\/label><\/span><span class=\"wpcf7-list-item\"><label><input type=\"checkbox\" name=\"checkbox-238[]\" value=\"5\" \/><span class=\"wpcf7-list-item-label\">5<\/span><\/label><\/span><span class=\"wpcf7-list-item last\"><label><input type=\"checkbox\" name=\"checkbox-238[]\" value=\"6\" \/><span class=\"wpcf7-list-item-label\">6<\/span><\/label><\/span><\/span><\/span>\n<\/p>\n<p><label> Votre message (facultatif)<br \/>\n<span class=\"wpcf7-form-control-wrap\" data-name=\"your-message\"><textarea cols=\"40\" rows=\"10\" maxlength=\"2000\" class=\"wpcf7-form-control wpcf7-textarea\" aria-invalid=\"false\" name=\"your-message\"><\/textarea><\/span> <\/label>\n<\/p>\n<p><input class=\"wpcf7-form-control wpcf7-submit has-spinner\" type=\"submit\" value=\"Envoyer\" \/>\n<\/p><input type='hidden' class='wpcf7-pum' value='{\"closepopup\":false,\"closedelay\":0,\"openpopup\":false,\"openpopup_id\":0}' \/><div class=\"wpcf7-response-output\" aria-hidden=\"true\"><\/div>\n<\/form>\n<\/div>\n<\/div>\n\n\n\n<p>La r\u00e9servation sera enregistr\u00e9e \u00e0 r\u00e9ception du paiement : <\/p>\n\n\n\n<p>par ch\u00e8que adress\u00e9 \u00e0 Groupe Fred Zeller de la Libre Pens\u00e9e :<\/p>\n\n\n\n<p><em>Groupe Fred Zeller<\/em><br><em>Maison des associations<\/em><br><em>12, cours F\u00e9nelon<\/em><br><em>24000 PERIGUEUX<\/em><br><\/p>\n","protected":false},"excerpt":{"rendered":"<p>Le groupe Fred Zeller, avec le soutien de Douchapt Blues, organise le samedi 5 avril 2025, \u00e0, partir de 18h, une soir\u00e9e \u00ab\u00a0Autour du blues\u00a0\u00bb, \u00e0 Montrem-Montanceix, salle de la rivi\u00e8re :<\/p>\n","protected":false},"author":1,"featured_media":0,"comment_status":"open","ping_status":"open","sticky":false,"template":"","format":"standard","meta":{"footnotes":""},"categories":[5,53,24,1],"tags":[],"class_list":["post-3981","post","type-post","status-publish","format-standard","hentry","category-conferences","category-defense-des-libertes","category-lidee-libre","category-uncategorized"],"_links":{"self":[{"href":"https:\/\/www.lpdordogne.fr\/index.php?rest_route=\/wp\/v2\/posts\/3981","targetHints":{"allow":["GET"]}}],"collection":[{"href":"https:\/\/www.lpdordogne.fr\/index.php?rest_route=\/wp\/v2\/posts"}],"about":[{"href":"https:\/\/www.lpdordogne.fr\/index.php?rest_route=\/wp\/v2\/types\/post"}],"author":[{"embeddable":true,"href":"https:\/\/www.lpdordogne.fr\/index.php?rest_route=\/wp\/v2\/users\/1"}],"replies":[{"embeddable":true,"href":"https:\/\/www.lpdordogne.fr\/index.php?rest_route=%2Fwp%2Fv2%2Fcomments&post=3981"}],"version-history":[{"count":8,"href":"https:\/\/www.lpdordogne.fr\/index.php?rest_route=\/wp\/v2\/posts\/3981\/revisions"}],"predecessor-version":[{"id":4013,"href":"https:\/\/www.lpdordogne.fr\/index.php?rest_route=\/wp\/v2\/posts\/3981\/revisions\/4013"}],"wp:attachment":[{"href":"https:\/\/www.lpdordogne.fr\/index.php?rest_route=%2Fwp%2Fv2%2Fmedia&parent=3981"}],"wp:term":[{"taxonomy":"category","embeddable":true,"href":"https:\/\/www.lpdordogne.fr\/index.php?rest_route=%2Fwp%2Fv2%2Fcategories&post=3981"},{"taxonomy":"post_tag","embeddable":true,"href":"https:\/\/www.lpdordogne.fr\/index.php?rest_route=%2Fwp%2Fv2%2Ftags&post=3981"}],"curies":[{"name":"wp","href":"https:\/\/api.w.org\/{rel}","templated":true}]}}