{"id":3430,"date":"2024-06-18T20:52:49","date_gmt":"2024-06-18T20:52:49","guid":{"rendered":"https:\/\/www.lpdordogne.fr\/?p=3430"},"modified":"2025-01-07T14:42:32","modified_gmt":"2025-01-07T14:42:32","slug":"le-groupe-fred-zeller-sur-rlp-la-chronique-du-17-juin-2024","status":"publish","type":"post","link":"https:\/\/www.lpdordogne.fr\/?p=3430","title":{"rendered":"Le groupe Fred Zeller sur RLP : la chronique du 17 juin 2024:"},"content":{"rendered":"\n<h2 class=\"wp-block-heading\">radio<\/h2>\n\n\n\n<div class=\"wp-block-buttons is-content-justification-center is-layout-flex wp-container-core-buttons-is-layout-16018d1d wp-block-buttons-is-layout-flex\">\n<div class=\"wp-block-button\"><a class=\"wp-block-button__link has-dark-red-background-color has-background has-text-align-center wp-element-button\" href=\"https:\/\/www.radioslibresenperigord.com\/wp-content\/podcasts\/\/libre-pensee\/2024.06.17%20Libres%20Penseurs.mp3?_=1\" target=\"_blank\" rel=\"noreferrer noopener\">\u00e9couter CETTE chronique du GFZ<\/a><\/div>\n<\/div>\n\n\n\n<hr class=\"wp-block-separator has-alpha-channel-opacity\"\/>\n\n\n\n<p><strong>Sommaire de la chronique :<\/strong><\/p>\n\n\n\n<ul>\n<li>\n<p align=\"JUSTIFY\"><strong>apr\u00e8s la dissolution de l&rsquo;assembl\u00e9e nationale, la d\u00e9claration de la Libre Pens\u00e9e<\/strong><\/p>\n<\/li>\n<li>\n<p align=\"JUSTIFY\"><strong>construction d&rsquo;un coll\u00e8ge priv\u00e9 \u00e0 Marseille<\/strong><\/p>\n<\/li>\n<li><strong>Eurosatory : aucune entreprise d&rsquo;armement isra\u00e9lienne ou affili\u00e9e ne pourra y \u00eatre pr\u00e9sente&nbsp;<br><br><\/strong><\/li>\n<li><strong>Le choix musical : \u00ab\u00a0Strange Fruit\u00a0\u00bb (Billie Holiday)<\/strong><\/li>\n<\/ul>\n\n\n\n<!--more-->\n\n\n\n<h2 class=\"wp-block-heading\"><strong>Un seul imp\u00e9ratif pour d\u00e9fendre la d\u00e9mocratie&nbsp; :<\/strong><br><strong>Battre l\u2019extr\u00eame-droite<br>et ses alli\u00e9s directs et indirects&nbsp; !<\/strong><br><strong>Chasser les Macronistes,<br>responsables de leur expansion&nbsp; !<\/strong><br><strong>C\u2019est le m\u00eame combat&nbsp; !<\/strong><\/h2>\n\n\n\n<figure class=\"wp-block-image size-large\"><img decoding=\"async\" src=\"https:\/\/www.fnlp.fr\/wp-content\/uploads\/2024\/06\/photo-dna-michel-frison-1611410418-1024x683.jpg\" alt=\"\"\/><\/figure>\n\n\n\n<p style=\"text-align: justify;\">Nul ne peut en douter d\u00e9sormais\u00a0 : la situation que nous vivons depuis des ann\u00e9es, avec le point d\u2019orgue des \u00e9lections europ\u00e9ennes et ses r\u00e9sultats, ressemble de plus en plus \u00e0 \u00ab<strong>\u00a0 la Mont\u00e9e des p\u00e9rils<\/strong>\u00a0 \u00bb avant la<strong>\u00a0Deuxi\u00e8me guerre mondiale<\/strong>\u00a0 ; avec le m\u00eame sc\u00e9nario qui se profile\u00a0 : d\u00e9veloppement important de<strong>\u00a0l\u2019extr\u00eame-droite, Front populaire, Vichy<\/strong>\u00a0avec en toile de fond qui organise les choses :\u00a0<strong>la Guerre<\/strong>\u00a0qui vient et qui est d\u00e9j\u00e0 l\u00e0.<\/p>\n\n\n\n<div class=\"wp-block-buttons is-content-justification-center is-layout-flex wp-container-core-buttons-is-layout-16018d1d wp-block-buttons-is-layout-flex\">\n<div class=\"wp-block-button\"><a class=\"wp-block-button__link has-dark-red-background-color has-background has-text-align-center wp-element-button\" href=\"https:\/\/www.fnlp.fr\/2024\/06\/declaration-de-la-libre-pensee-3\/\" target=\"_blank\" rel=\"noreferrer noopener\">Lire l&rsquo;article sur le site de la FNLP<\/a><\/div>\n<\/div>\n\n\n\n<p><\/p>\n\n\n\n<div data-wp-interactive=\"core\/file\" class=\"wp-block-file\"><object data-wp-bind--hidden=\"!state.hasPdfPreview\" hidden class=\"wp-block-file__embed\" data=\"https:\/\/www.lpdordogne.fr\/wp-content\/uploads\/2024\/06\/DECLARATION-DE-LA-LIBRE-PENSEE.pdf\" type=\"application\/pdf\" style=\"width:100%;height:600px\" aria-label=\"Contenu embarqu\u00e9 DECLARATION-DE-LA-LIBRE-PENSEE.\"><\/object><a id=\"wp-block-file--media-14254ec0-f9af-48e8-83c8-f88668328f47\" href=\"https:\/\/www.lpdordogne.fr\/wp-content\/uploads\/2024\/06\/DECLARATION-DE-LA-LIBRE-PENSEE.pdf\">DECLARATION-DE-LA-LIBRE-PENSEE<\/a><a href=\"https:\/\/www.lpdordogne.fr\/wp-content\/uploads\/2024\/06\/DECLARATION-DE-LA-LIBRE-PENSEE.pdf\" class=\"wp-block-file__button wp-element-button\" download aria-describedby=\"wp-block-file--media-14254ec0-f9af-48e8-83c8-f88668328f47\">T\u00e9l\u00e9charger<\/a><\/div>\n\n\n\n<div data-wp-interactive=\"core\/file\" class=\"wp-block-file\"><object data-wp-bind--hidden=\"!state.hasPdfPreview\" hidden class=\"wp-block-file__embed\" data=\"https:\/\/www.lpdordogne.fr\/wp-content\/uploads\/2024\/06\/A-PROPOS-DE-L-EXTREME-DROITE.pdf\" type=\"application\/pdf\" style=\"width:100%;height:600px\" aria-label=\"Contenu embarqu\u00e9 A-PROPOS-DE-L-EXTREME-DROITE.\"><\/object><a id=\"wp-block-file--media-72151ab0-14e4-4464-8e29-789994a71c03\" href=\"https:\/\/www.lpdordogne.fr\/wp-content\/uploads\/2024\/06\/A-PROPOS-DE-L-EXTREME-DROITE.pdf\">A-PROPOS-DE-L-EXTREME-DROITE<\/a><a href=\"https:\/\/www.lpdordogne.fr\/wp-content\/uploads\/2024\/06\/A-PROPOS-DE-L-EXTREME-DROITE.pdf\" class=\"wp-block-file__button wp-element-button\" download aria-describedby=\"wp-block-file--media-72151ab0-14e4-4464-8e29-789994a71c03\">T\u00e9l\u00e9charger<\/a><\/div>\n\n\n\n<hr class=\"wp-block-separator has-alpha-channel-opacity\"\/>\n\n\n\n<h2 class=\"wp-block-heading\">Marseille : construction d&rsquo;un coll\u00e8ge priv\u00e9<\/h2>\n\n\n\n<p style=\"text-align: justify;\">La Libre Pens\u00e9e souhaite attirer l\u2019attention de l\u2019ensemble des d\u00e9fenseurs de l\u2019enseignement la\u00efque sur le projet global de r\u00e9am\u00e9nagement d\u2019Euro-m\u00e9diterran\u00e9e, dont l\u2019objectif de cr\u00e9er dans le 15\u00e8me arrondissement de Marseille 14 000 logements suppl\u00e9mentaires dans la zone pour y loger 30 000 habitants, pr\u00e9voit d\u00e9sormais d\u2019implanter un coll\u00e8ge j\u00e9suite d\u00e9nomm\u00e9 symboliquement \u00ab Loyola \u00bb sous contrat avec l\u2019\u00c9ducation nationale. Ce projet est port\u00e9 par l\u2019association Ignace de Loyola \u00e9ducation (AILE), la compagnie de J\u00e9sus (j\u00e9suites) et l\u2019Ecole de Provence pour un montant de 19,5 millions d\u2019euros en provenance, en majorit\u00e9, de fonds priv\u00e9s (Courant j\u00e9suite et CMA CGM) selon le site \u00ab made in Marseille \u00bb. Le coll\u00e8ge j\u00e9suite Loyola aura une superficie de 4 200 m2 au sol, il pourra accueillir jusqu\u2019\u00e0 500 \u00e9l\u00e8ves.<\/p>\n\n\n\n<div data-wp-interactive=\"core\/file\" class=\"wp-block-file\"><object data-wp-bind--hidden=\"!state.hasPdfPreview\" hidden class=\"wp-block-file__embed\" data=\"https:\/\/www.lpdordogne.fr\/wp-content\/uploads\/2024\/06\/un-college-public-a-Arenc.pdf\" type=\"application\/pdf\" style=\"width:100%;height:600px\" aria-label=\"Contenu embarqu\u00e9 un-college-public-a-Arenc.\"><\/object><a id=\"wp-block-file--media-dd745c6a-893b-4ffc-98c6-3c798f41aee6\" href=\"https:\/\/www.lpdordogne.fr\/wp-content\/uploads\/2024\/06\/un-college-public-a-Arenc.pdf\">un-college-public-a-Arenc<\/a><a href=\"https:\/\/www.lpdordogne.fr\/wp-content\/uploads\/2024\/06\/un-college-public-a-Arenc.pdf\" class=\"wp-block-file__button wp-element-button\" download aria-describedby=\"wp-block-file--media-dd745c6a-893b-4ffc-98c6-3c798f41aee6\">T\u00e9l\u00e9charger<\/a><\/div>\n\n\n\n<div class=\"wp-block-buttons is-content-justification-center is-layout-flex wp-container-core-buttons-is-layout-16018d1d wp-block-buttons-is-layout-flex\">\n<div class=\"wp-block-button\"><a class=\"wp-block-button__link has-dark-red-background-color has-background has-text-align-center wp-element-button\" href=\"https:\/\/www.fnlp.fr\/2024\/06\/un-college-public-a-arenc\/\" target=\"_blank\" rel=\"noreferrer noopener\">Lire l&rsquo;article sur le site de la FNLP<\/a><\/div>\n<\/div>\n\n\n\n<hr class=\"wp-block-separator has-alpha-channel-opacity\"\/>\n\n\n\n<h2 class=\"wp-block-heading\">Victoire ! Toute pr\u00e9sence d\u2019entreprises d\u2019armement isra\u00e9liennes ou affili\u00e9es interdites.<\/h2>\n\n\n\n<p>COMMUNIQU\u00c9 DE PRESSE<br>Paris, 14 juin 2024<br>VICTOIRE: les juges font droit \u00e0 notre action en justice!<br>Ils ordonnent au COGES d&rsquo;interdire toute pr\u00e9sence d&rsquo;entreprises d&rsquo;armement<br>isra\u00e9liennes ou affili\u00e9es, et de toutes d\u00e9l\u00e9gations isra\u00e9liennes ou interm\u00e9diaires \u00e0 EUROSATORY.<\/p>\n\n\n\n<div data-wp-interactive=\"core\/file\" class=\"wp-block-file\"><object data-wp-bind--hidden=\"!state.hasPdfPreview\" hidden class=\"wp-block-file__embed\" data=\"https:\/\/www.lpdordogne.fr\/wp-content\/uploads\/2024\/06\/COMMUNIQUEe-DE-PRESSE-Victoire-deecision-de-justice.pdf\" type=\"application\/pdf\" style=\"width:100%;height:600px\" aria-label=\"Contenu embarqu\u00e9 COMMUNIQUEe-DE-PRESSE-Victoire-deecision-de-justice.\"><\/object><a id=\"wp-block-file--media-6a25e255-7f5a-447b-bf3b-24a31f0f3993\" href=\"https:\/\/www.lpdordogne.fr\/wp-content\/uploads\/2024\/06\/COMMUNIQUEe-DE-PRESSE-Victoire-deecision-de-justice.pdf\">COMMUNIQUEe-DE-PRESSE-Victoire-deecision-de-justice<\/a><a href=\"https:\/\/www.lpdordogne.fr\/wp-content\/uploads\/2024\/06\/COMMUNIQUEe-DE-PRESSE-Victoire-deecision-de-justice.pdf\" class=\"wp-block-file__button wp-element-button\" download aria-describedby=\"wp-block-file--media-6a25e255-7f5a-447b-bf3b-24a31f0f3993\">T\u00e9l\u00e9charger<\/a><\/div>\n\n\n\n<hr class=\"wp-block-separator has-alpha-channel-opacity\"\/>\n\n\n\n<h2 class=\"wp-block-heading\"><strong>L<\/strong>e choix musical : Billie Holiday<br>(\u00ab\u00a0<em>Strange fruit<\/em>\u00ab\u00a0)<\/h2>\n\n\n\n<figure class=\"wp-block-embed is-type-video is-provider-youtube wp-block-embed-youtube wp-embed-aspect-4-3 wp-has-aspect-ratio\"><div class=\"wp-block-embed__wrapper\">\n<iframe loading=\"lazy\" title=\"Billie Holiday-Strange fruit- HD\" width=\"840\" height=\"630\" src=\"https:\/\/www.youtube.com\/embed\/Web007rzSOI?feature=oembed\" frameborder=\"0\" allow=\"accelerometer; autoplay; clipboard-write; encrypted-media; gyroscope; picture-in-picture; web-share\" referrerpolicy=\"strict-origin-when-cross-origin\" allowfullscreen><\/iframe>\n<\/div><\/figure>\n\n\n\n<hr class=\"wp-block-separator has-alpha-channel-opacity\"\/>\n\n\n\n<div class=\"wp-block-buttons is-content-justification-center is-layout-flex wp-container-core-buttons-is-layout-16018d1d wp-block-buttons-is-layout-flex\">\n<div class=\"wp-block-button\"><a class=\"wp-block-button__link has-dark-red-background-color has-background has-text-align-center wp-element-button\" href=\"https:\/\/www.radioslibresenperigord.com\/wp-content\/podcasts\/\/libre-pensee\/2024.05.13%20Libres%20Penseurs.mp3?_=1\" target=\"_blank\" rel=\"noreferrer noopener\">\u00e9couter CETTE chronique du GFZ<\/a><\/div>\n<\/div>\n","protected":false},"excerpt":{"rendered":"<p>radio Sommaire de la chronique : apr\u00e8s la dissolution de l&rsquo;assembl\u00e9e nationale, la d\u00e9claration de la Libre Pens\u00e9e construction d&rsquo;un coll\u00e8ge priv\u00e9 \u00e0 Marseille Eurosatory : aucune entreprise d&rsquo;armement isra\u00e9lienne ou affili\u00e9e ne pourra y \u00eatre pr\u00e9sente&nbsp; Le choix musical : \u00ab\u00a0Strange Fruit\u00a0\u00bb (Billie Holiday)<\/p>\n","protected":false},"author":1,"featured_media":96,"comment_status":"open","ping_status":"open","sticky":false,"template":"","format":"standard","meta":{"footnotes":""},"categories":[53,20],"tags":[],"class_list":["post-3430","post","type-post","status-publish","format-standard","has-post-thumbnail","hentry","category-defense-des-libertes","category-rlp"],"_links":{"self":[{"href":"https:\/\/www.lpdordogne.fr\/index.php?rest_route=\/wp\/v2\/posts\/3430","targetHints":{"allow":["GET"]}}],"collection":[{"href":"https:\/\/www.lpdordogne.fr\/index.php?rest_route=\/wp\/v2\/posts"}],"about":[{"href":"https:\/\/www.lpdordogne.fr\/index.php?rest_route=\/wp\/v2\/types\/post"}],"author":[{"embeddable":true,"href":"https:\/\/www.lpdordogne.fr\/index.php?rest_route=\/wp\/v2\/users\/1"}],"replies":[{"embeddable":true,"href":"https:\/\/www.lpdordogne.fr\/index.php?rest_route=%2Fwp%2Fv2%2Fcomments&post=3430"}],"version-history":[{"count":5,"href":"https:\/\/www.lpdordogne.fr\/index.php?rest_route=\/wp\/v2\/posts\/3430\/revisions"}],"predecessor-version":[{"id":3439,"href":"https:\/\/www.lpdordogne.fr\/index.php?rest_route=\/wp\/v2\/posts\/3430\/revisions\/3439"}],"wp:featuredmedia":[{"embeddable":true,"href":"https:\/\/www.lpdordogne.fr\/index.php?rest_route=\/wp\/v2\/media\/96"}],"wp:attachment":[{"href":"https:\/\/www.lpdordogne.fr\/index.php?rest_route=%2Fwp%2Fv2%2Fmedia&parent=3430"}],"wp:term":[{"taxonomy":"category","embeddable":true,"href":"https:\/\/www.lpdordogne.fr\/index.php?rest_route=%2Fwp%2Fv2%2Fcategories&post=3430"},{"taxonomy":"post_tag","embeddable":true,"href":"https:\/\/www.lpdordogne.fr\/index.php?rest_route=%2Fwp%2Fv2%2Ftags&post=3430"}],"curies":[{"name":"wp","href":"https:\/\/api.w.org\/{rel}","templated":true}]}}