{"id":3399,"date":"2024-05-16T15:31:29","date_gmt":"2024-05-16T15:31:29","guid":{"rendered":"https:\/\/www.lpdordogne.fr\/?p=3399"},"modified":"2024-05-16T15:33:24","modified_gmt":"2024-05-16T15:33:24","slug":"vade-mecum-laicite-une-intrusion-dans-lecole-au-nom-des-obscures-valeurs-de-la-macronie","status":"publish","type":"post","link":"https:\/\/www.lpdordogne.fr\/?p=3399","title":{"rendered":"Vade-mecum La\u00efcit\u00e9 : une intrusion dans l&rsquo;\u00c9cole au nom des obscures valeurs de la Macronie"},"content":{"rendered":"\n<p style=\"text-align: center;\"><strong><span style=\"font-family: 'trebuchet ms', geneva, sans-serif;\">ERRARE HUMANUM EST,<\/span><\/strong><br><strong><span style=\"font-family: 'trebuchet ms', geneva, sans-serif;\">SED VADEMECUM DIABOLICUM<\/span><\/strong><\/p>\n<p style=\"text-align: justify;\"><br><span style=\"font-family: 'trebuchet ms', geneva, sans-serif;\">Le Minist\u00e8re de l\u2019\u00c9ducation Nationale (MEN) a \u00e9dit\u00e9, <\/span><span style=\"font-family: 'trebuchet ms', geneva, sans-serif;\">\u00e0 destination de la \u00ab communaut\u00e9 \u00e9ducative \u00bb un <\/span><span style=\"font-family: 'trebuchet ms', geneva, sans-serif;\">vade-mecum intitul\u00e9 \u00ab La La\u00efcit\u00e9 \u00e0 l\u2019\u00c9cole \u00bb. La Libre <\/span><span style=\"font-family: 'trebuchet ms', geneva, sans-serif;\">Pens\u00e9e a pris le temps n\u00e9cessaire pour l\u2019\u00e9tudier, l\u2019analyser <\/span><span style=\"font-family: 'trebuchet ms', geneva, sans-serif;\">et donner son point de vue. Nous le faisons en <\/span><span style=\"font-family: 'trebuchet ms', geneva, sans-serif;\">deux \u00e9tapes, d\u2019abord une analyse que nous voulons <\/span><span style=\"font-family: 'trebuchet ms', geneva, sans-serif;\">d\u00e9taill\u00e9e et ensuite un propos sur ce que nous en pensons.<\/span><br><span style=\"font-family: 'trebuchet ms', geneva, sans-serif;\">En quelque sorte, d\u2019abord la Preuve, puis apr\u00e8s <\/span><span style=\"font-family: 'trebuchet ms', geneva, sans-serif;\">le Concept. Trop souvent, on voit des concepts apparaitre <\/span><span style=\"font-family: 'trebuchet ms', geneva, sans-serif;\">avant les preuves, ce qui est le propre du dogmatisme <\/span><span style=\"font-family: 'trebuchet ms', geneva, sans-serif;\">le plus \u00e9troit.<\/span><\/p>\n\n\n\n<!--more-->\n\n\n<div class=\"wp-block-image\">\n<figure class=\"aligncenter size-large\"><a href=\"https:\/\/www.lpdordogne.fr\/wp-content\/uploads\/2024\/05\/Arguments-n28-Vademecum-laicite-v2-allegee.pdf\" target=\"_blank\" rel=\"noreferrer noopener\"><img loading=\"lazy\" decoding=\"async\" width=\"626\" height=\"1024\" src=\"https:\/\/www.lpdordogne.fr\/wp-content\/uploads\/2024\/05\/Arguments28-couv-626x1024.png\" alt=\"\" class=\"wp-image-3400\" srcset=\"https:\/\/www.lpdordogne.fr\/wp-content\/uploads\/2024\/05\/Arguments28-couv-626x1024.png 626w, https:\/\/www.lpdordogne.fr\/wp-content\/uploads\/2024\/05\/Arguments28-couv-183x300.png 183w, https:\/\/www.lpdordogne.fr\/wp-content\/uploads\/2024\/05\/Arguments28-couv-768x1256.png 768w, https:\/\/www.lpdordogne.fr\/wp-content\/uploads\/2024\/05\/Arguments28-couv.png 780w\" sizes=\"auto, (max-width: 709px) 85vw, (max-width: 909px) 67vw, (max-width: 984px) 61vw, (max-width: 1362px) 45vw, 600px\" \/><\/a><\/figure>\n<\/div>\n\n\n<p style=\"text-align: center;\"><strong><span style=\"font-family: 'trebuchet ms', geneva, sans-serif;\">on peut \u00e9galement lire (voire t\u00e9l\u00e9charger) ce num\u00e9ro d\u2019Arguments sur\u00a0<a href=\"https:\/\/www.calameo.com\/read\/0037423012923316a6368\" target=\"_blank\" rel=\"noreferrer noopener\">CALAMEO<\/a><\/span><\/strong><\/p>\n","protected":false},"excerpt":{"rendered":"<p>ERRARE HUMANUM EST,SED VADEMECUM DIABOLICUM Le Minist\u00e8re de l\u2019\u00c9ducation Nationale (MEN) a \u00e9dit\u00e9, \u00e0 destination de la \u00ab communaut\u00e9 \u00e9ducative \u00bb un vade-mecum intitul\u00e9 \u00ab La La\u00efcit\u00e9 \u00e0 l\u2019\u00c9cole \u00bb. La Libre Pens\u00e9e a pris le temps n\u00e9cessaire pour l\u2019\u00e9tudier, l\u2019analyser et donner son point de vue. Nous le faisons en deux \u00e9tapes, d\u2019abord une &hellip; <a href=\"https:\/\/www.lpdordogne.fr\/?p=3399\" class=\"more-link\">Continuer la lecture<span class=\"screen-reader-text\"> de &laquo;&nbsp;Vade-mecum La\u00efcit\u00e9 : une intrusion dans l&rsquo;\u00c9cole au nom des obscures valeurs de la Macronie&nbsp;&raquo;<\/span><\/a><\/p>\n","protected":false},"author":1,"featured_media":3403,"comment_status":"open","ping_status":"open","sticky":false,"template":"","format":"standard","meta":{"footnotes":""},"categories":[55,54],"tags":[],"class_list":["post-3399","post","type-post","status-publish","format-standard","has-post-thumbnail","hentry","category-arguments","category-laicite"],"_links":{"self":[{"href":"https:\/\/www.lpdordogne.fr\/index.php?rest_route=\/wp\/v2\/posts\/3399","targetHints":{"allow":["GET"]}}],"collection":[{"href":"https:\/\/www.lpdordogne.fr\/index.php?rest_route=\/wp\/v2\/posts"}],"about":[{"href":"https:\/\/www.lpdordogne.fr\/index.php?rest_route=\/wp\/v2\/types\/post"}],"author":[{"embeddable":true,"href":"https:\/\/www.lpdordogne.fr\/index.php?rest_route=\/wp\/v2\/users\/1"}],"replies":[{"embeddable":true,"href":"https:\/\/www.lpdordogne.fr\/index.php?rest_route=%2Fwp%2Fv2%2Fcomments&post=3399"}],"version-history":[{"count":4,"href":"https:\/\/www.lpdordogne.fr\/index.php?rest_route=\/wp\/v2\/posts\/3399\/revisions"}],"predecessor-version":[{"id":3406,"href":"https:\/\/www.lpdordogne.fr\/index.php?rest_route=\/wp\/v2\/posts\/3399\/revisions\/3406"}],"wp:featuredmedia":[{"embeddable":true,"href":"https:\/\/www.lpdordogne.fr\/index.php?rest_route=\/wp\/v2\/media\/3403"}],"wp:attachment":[{"href":"https:\/\/www.lpdordogne.fr\/index.php?rest_route=%2Fwp%2Fv2%2Fmedia&parent=3399"}],"wp:term":[{"taxonomy":"category","embeddable":true,"href":"https:\/\/www.lpdordogne.fr\/index.php?rest_route=%2Fwp%2Fv2%2Fcategories&post=3399"},{"taxonomy":"post_tag","embeddable":true,"href":"https:\/\/www.lpdordogne.fr\/index.php?rest_route=%2Fwp%2Fv2%2Ftags&post=3399"}],"curies":[{"name":"wp","href":"https:\/\/api.w.org\/{rel}","templated":true}]}}