{"id":3394,"date":"2024-05-15T12:39:39","date_gmt":"2024-05-15T12:39:39","guid":{"rendered":"https:\/\/www.lpdordogne.fr\/?p=3394"},"modified":"2024-05-15T12:39:40","modified_gmt":"2024-05-15T12:39:40","slug":"le-groupe-fred-zeller-sur-rlp-la-chronique-du-13-mai-2024","status":"publish","type":"post","link":"https:\/\/www.lpdordogne.fr\/?p=3394","title":{"rendered":"Le groupe Fred Zeller sur RLP : la chronique du 13 mai 2024:"},"content":{"rendered":"\n<h2 class=\"wp-block-heading\">En soutien \u00e0 Alain Policar<\/h2>\n\n\n\n<div class=\"wp-block-buttons is-content-justification-center is-layout-flex wp-container-core-buttons-is-layout-16018d1d wp-block-buttons-is-layout-flex\">\n<div class=\"wp-block-button\"><a class=\"wp-block-button__link has-dark-red-background-color has-background has-text-align-center wp-element-button\" href=\"https:\/\/www.radioslibresenperigord.com\/wp-content\/podcasts\/\/libre-pensee\/2024.05.13%20Libres%20Penseurs.mp3?_=1\" target=\"_blank\" rel=\"noreferrer noopener\">\u00e9couter CETTE chronique du GFZ<\/a><\/div>\n<\/div>\n\n\n\n<hr class=\"wp-block-separator has-alpha-channel-opacity\"\/>\n\n\n\n<p><strong>Sommaire de la chronique :<\/strong><\/p>\n\n\n\n<ul>\n<li>\n<p align=\"JUSTIFY\"><strong>la d\u00e9rive autoritaire : Guillaume Meurice vir\u00e9 de France Inter !<\/strong><\/p>\n<\/li>\n<li>\n<p align=\"JUSTIFY\"><strong>La d\u00e9rive autoritaire : Alain Policar vir\u00e9 du Conseil des sages !<\/strong><\/p>\n<\/li>\n<li><strong>Le choix musical : \u00ab\u00a0If I had a hammer\u00a0\u00bb (Pete Seeger)<br \/><br \/><\/strong><\/li>\n<li><strong>La FNLP prend l&rsquo;initiative d&rsquo;un appel europ\u00e9en pour la protection des Apostats<\/strong><\/li>\n<\/ul>\n\n\n\n<!--more-->\n\n\n\n<h2 class=\"wp-block-heading\">L\u2019exclusion du chercheur Alain Policar du Conseil des sages de la la\u00efcit\u00e9 : le triomphe de l\u2019intol\u00e9rance<\/h2>\n\n\n\n<figure class=\"wp-block-image size-full\"><img loading=\"lazy\" decoding=\"async\" width=\"298\" height=\"191\" src=\"https:\/\/www.lpdordogne.fr\/wp-content\/uploads\/2024\/05\/Photo-Policar.png\" alt=\"\" class=\"wp-image-3395\"\/><\/figure>\n\n\n\n<p style=\"text-align: justify;\">L\u2019exclusion d\u2019Alain Policar du Conseil des sages de la la\u00efcit\u00e9 est une nouvelle preuve de ce que la la\u00efcit\u00e9 est usurp\u00e9e par ceux qui s\u2019en r\u00e9clament en la transformant en pr\u00e9texte \u00e0 l\u2019intol\u00e9rance.<\/p>\n\n\n\n<p><a href=\"https:\/\/histoirecoloniale.net\/lexclusion-du-chercheur-alain-policar-du-conseil-des-sages-de-la-laicite\/\">Consulter l\u2019article sur le site histoire coloniale.net<\/a><\/p>\n\n\n\n<div class=\"wp-block-buttons is-content-justification-center is-layout-flex wp-container-core-buttons-is-layout-16018d1d wp-block-buttons-is-layout-flex\">\n<div class=\"wp-block-button\"><a class=\"wp-block-button__link has-dark-red-background-color has-background has-text-align-center wp-element-button\" href=\"https:\/\/www.fnlp.fr\/2024\/05\/lexclusion-du-chercheur-alain-policar-du-conseil-des-sages-de-la-laicite-le-triomphe-de-lintolerance\/\" target=\"_blank\" rel=\"noreferrer noopener\">Lire l&rsquo;article sur le site de la FNLP<\/a><\/div>\n<\/div>\n\n\n\n<div data-wp-interactive=\"core\/file\" class=\"wp-block-file\"><object data-wp-bind--hidden=\"!state.hasPdfPreview\" hidden class=\"wp-block-file__embed\" data=\"https:\/\/www.lpdordogne.fr\/wp-content\/uploads\/2024\/05\/ALAIN-POLICAR.pdf\" type=\"application\/pdf\" style=\"width:100%;height:600px\" aria-label=\"Contenu embarqu\u00e9 ALAIN-POLICAR.\"><\/object><a id=\"wp-block-file--media-f439a6c1-7294-40fb-8db1-e8bd83857eea\" href=\"https:\/\/www.lpdordogne.fr\/wp-content\/uploads\/2024\/05\/ALAIN-POLICAR.pdf\">ALAIN-POLICAR<\/a><a href=\"https:\/\/www.lpdordogne.fr\/wp-content\/uploads\/2024\/05\/ALAIN-POLICAR.pdf\" class=\"wp-block-file__button wp-element-button\" download aria-describedby=\"wp-block-file--media-f439a6c1-7294-40fb-8db1-e8bd83857eea\">T\u00e9l\u00e9charger<\/a><\/div>\n\n\n\n<hr class=\"wp-block-separator has-alpha-channel-opacity\"\/>\n\n\n\n<h2 class=\"wp-block-heading\"><strong>L<\/strong>e choix musical : Pete seeger<br>(\u00ab\u00a0<em>If I had a hammer<\/em>\u00ab\u00a0)<\/h2>\n\n\n\n<figure class=\"wp-block-embed is-type-video is-provider-youtube wp-block-embed-youtube wp-embed-aspect-4-3 wp-has-aspect-ratio\"><div class=\"wp-block-embed__wrapper\">\n<iframe loading=\"lazy\" title=\"If I Had a Hammer (Hammer Song)\" width=\"840\" height=\"630\" src=\"https:\/\/www.youtube.com\/embed\/VO39e5Uznu4?feature=oembed\" frameborder=\"0\" allow=\"accelerometer; autoplay; clipboard-write; encrypted-media; gyroscope; picture-in-picture; web-share\" referrerpolicy=\"strict-origin-when-cross-origin\" allowfullscreen><\/iframe>\n<\/div><\/figure>\n\n\n\n<p style=\"text-align: justify;\">Cette chanson, dont la version fran\u00e7aise, totalement aseptis\u00e9e, fut un des gros succ\u00e8s de Claude Fran\u00e7ois, a \u00e9t\u00e9 \u00e9crite en 1949 par Pete Seeger (1919-2014). C&rsquo;est une version de l&rsquo;auteur qui est donc propos\u00e9e dans cette chronique.<br>Vous pouvez \u00e9couter, <a href=\"https:\/\/www.youtube.com\/watch?v=TWUSM_KJF_E\" target=\"_blank\" rel=\"noopener\">en cliquant ici<\/a>, ce qui est sans doute la derni\u00e8re interpr\u00e9tation de Pete Seeger, en 2013.<\/p>\n\n\n\n<p>Pour se procurer cet ouvrage, <a href=\"https:\/\/www.lpdordogne.fr\/?page_id=3159\" data-type=\"page\" data-id=\"3159\">contacter le groupe Fred Zeller <\/a><\/p>\n\n\n\n<hr class=\"wp-block-separator has-alpha-channel-opacity\"\/>\n\n\n\n<h2 class=\"wp-block-heading\"><strong>Non \u00e0 la \u00ab&nbsp; <em>charia catholique<\/em>&nbsp; \u00bb&nbsp; !<\/strong><\/h2>\n\n\n\n<p lang=\"fr-FR\" align=\"CENTER\"><span style=\"color: #000000;\"><span style=\"font-family: Book Antiqua, serif;\"><span style=\"font-size: xx-large;\"><b>La loi des Hommes comme protection des libert\u00e9s publiques contre les pr\u00e9tentions cl\u00e9ricales<\/b><\/span><\/span><\/span><\/p>\n\n\n\n<p><span style=\"color: #ff0000;\"><span style=\"font-family: Book Antiqua, serif;\"><span style=\"font-size: medium;\"><b><u>POUR INFORMATION<\/u>\u00a0 :<\/b><\/span><\/span><\/span><\/p>\n<p><span style=\"color: #000000;\"><span style=\"font-family: Book Antiqua, serif;\"><span style=\"font-size: medium;\">Le <b>R\u00e9seau la\u00efque europ\u00e9en<\/b> partage ce combat pour la <b>libert\u00e9 de conscience et la protection des donn\u00e9es personnelles des personnes qui quittent une religion<\/b>. Les associations qui le composent demandent que les organisations religieuses soient tout simplement soumises au droit commun, et respectent les lois sur la protection des donn\u00e9es personnelles.<\/span><\/span><\/span><\/p>\n<p><span style=\"color: #000000;\"><a href=\"https:\/\/framaforms.org\/organized-confessions-should-not-be-allowed-to-retain-personal-data-1712911613\"><span style=\"color: #0000ff;\"><span style=\"font-family: Book Antiqua, serif;\"><span style=\"font-size: medium;\"><u>Lien<\/u><\/span><\/span><\/span><\/a>\u00a0 vers la p\u00e9tition de la <span style=\"font-family: Book Antiqua, serif;\"><span style=\"font-size: medium;\"><b>F\u00e9d\u00e9ration nationale de la Libre Pens\u00e9e<\/b><\/span><\/span><span style=\"font-family: Book Antiqua, serif;\"><span style=\"font-size: medium;\">\u00a0 : <\/span><\/span><\/span><\/p>\n<p><span style=\"color: #000000;\"><a href=\"https:\/\/laicite-secularism.eu\/registres-des-fideles-les-organisations-religieuses-doivent-respecter-les-lois\/\"><span style=\"color: #0070c0;\"><span style=\"font-family: Book Antiqua, serif;\"><span style=\"font-size: medium;\"><u>https:\/\/laicite-secularism.eu\/registres-des-fideles-les-organisations-religieuses-doivent-respecter-les-lois\/<\/u><\/span><\/span><\/span><\/a><\/span><\/p>\n\n\n\n<div class=\"wp-block-buttons is-content-justification-center is-layout-flex wp-container-core-buttons-is-layout-16018d1d wp-block-buttons-is-layout-flex\">\n<div class=\"wp-block-button\"><a class=\"wp-block-button__link has-dark-red-background-color has-background has-text-align-center wp-element-button\" href=\"https:\/\/www.radioslibresenperigord.com\/wp-content\/podcasts\/\/libre-pensee\/2024.05.13%20Libres%20Penseurs.mp3?_=1\" target=\"_blank\" rel=\"noreferrer noopener\">\u00e9couter CETTE chronique du GFZ<\/a><\/div>\n<\/div>\n","protected":false},"excerpt":{"rendered":"<p>En soutien \u00e0 Alain Policar Sommaire de la chronique : la d\u00e9rive autoritaire : Guillaume Meurice vir\u00e9 de France Inter ! La d\u00e9rive autoritaire : Alain Policar vir\u00e9 du Conseil des sages ! Le choix musical : \u00ab\u00a0If I had a hammer\u00a0\u00bb (Pete Seeger) La FNLP prend l&rsquo;initiative d&rsquo;un appel europ\u00e9en pour la protection des &hellip; <a href=\"https:\/\/www.lpdordogne.fr\/?p=3394\" class=\"more-link\">Continuer la lecture<span class=\"screen-reader-text\"> de &laquo;&nbsp;Le groupe Fred Zeller sur RLP : la chronique du 13 mai 2024:&nbsp;&raquo;<\/span><\/a><\/p>\n","protected":false},"author":1,"featured_media":96,"comment_status":"open","ping_status":"open","sticky":false,"template":"","format":"standard","meta":{"footnotes":""},"categories":[53,20],"tags":[],"class_list":["post-3394","post","type-post","status-publish","format-standard","has-post-thumbnail","hentry","category-defense-des-libertes","category-rlp"],"_links":{"self":[{"href":"https:\/\/www.lpdordogne.fr\/index.php?rest_route=\/wp\/v2\/posts\/3394","targetHints":{"allow":["GET"]}}],"collection":[{"href":"https:\/\/www.lpdordogne.fr\/index.php?rest_route=\/wp\/v2\/posts"}],"about":[{"href":"https:\/\/www.lpdordogne.fr\/index.php?rest_route=\/wp\/v2\/types\/post"}],"author":[{"embeddable":true,"href":"https:\/\/www.lpdordogne.fr\/index.php?rest_route=\/wp\/v2\/users\/1"}],"replies":[{"embeddable":true,"href":"https:\/\/www.lpdordogne.fr\/index.php?rest_route=%2Fwp%2Fv2%2Fcomments&post=3394"}],"version-history":[{"count":2,"href":"https:\/\/www.lpdordogne.fr\/index.php?rest_route=\/wp\/v2\/posts\/3394\/revisions"}],"predecessor-version":[{"id":3398,"href":"https:\/\/www.lpdordogne.fr\/index.php?rest_route=\/wp\/v2\/posts\/3394\/revisions\/3398"}],"wp:featuredmedia":[{"embeddable":true,"href":"https:\/\/www.lpdordogne.fr\/index.php?rest_route=\/wp\/v2\/media\/96"}],"wp:attachment":[{"href":"https:\/\/www.lpdordogne.fr\/index.php?rest_route=%2Fwp%2Fv2%2Fmedia&parent=3394"}],"wp:term":[{"taxonomy":"category","embeddable":true,"href":"https:\/\/www.lpdordogne.fr\/index.php?rest_route=%2Fwp%2Fv2%2Fcategories&post=3394"},{"taxonomy":"post_tag","embeddable":true,"href":"https:\/\/www.lpdordogne.fr\/index.php?rest_route=%2Fwp%2Fv2%2Ftags&post=3394"}],"curies":[{"name":"wp","href":"https:\/\/api.w.org\/{rel}","templated":true}]}}