{"id":3377,"date":"2024-05-02T07:07:39","date_gmt":"2024-05-02T07:07:39","guid":{"rendered":"https:\/\/www.lpdordogne.fr\/?p=3377"},"modified":"2024-05-02T14:42:53","modified_gmt":"2024-05-02T14:42:53","slug":"chronique-speciale-lundi-6-mai-interview-du-president-de-ladmd-jonathan-denis","status":"publish","type":"post","link":"https:\/\/www.lpdordogne.fr\/?p=3377","title":{"rendered":"Chronique sp\u00e9ciale lundi 6 mai : interview du pr\u00e9sident de l&rsquo;ADMD, Jonathan Denis"},"content":{"rendered":"\n<p>C&rsquo;est une chronique exceptionnelle que nous proposons lundi 6 mai aux auditrices et auditeurs de RLP !<\/p>\n\n\n\n<p>Jonathan Denis, pr\u00e9sident de l&rsquo;Association pour le droit de Mourir dans la Dignit\u00e9 (ADMD), sera l&rsquo;invit\u00e9 de cette chronique.<\/p>\n\n\n\n<p>Au moment o\u00f9, apr\u00e8s des d\u00e9cennies d&rsquo;attente de l&rsquo;immense majorit\u00e9 de la population d&rsquo;une v\u00e9ritable loi sur la fin de vie, s&rsquo;engage enfin un processus parlementaire sur la base d&rsquo;un projet de loi d\u00e9pos\u00e9 par le gouvernement.<\/p>\n\n\n\n<p>Ce projet correspond-t-il aux point de vue de l&rsquo;ADMD ? Comment va se positionner l&rsquo;ADMD dans le d\u00e9bat qui commence ? En quoi une loi de fin de vie doit-elle \u00eatre une loi de la\u00efcit\u00e9 ?<\/p>\n\n\n\n<p>Nous aurons de nombreuses questions \u00e0 poser \u00e0 Jonathan Denis.<\/p>\n\n\n\n<p>Alors, ce lundi 6 mai 2024 \u00e0 11h30, rendez-vous sur RLP (102.3) ou en streaming sur le <a href=\"https:\/\/www.radioslibresenperigord.com\/\" target=\"_blank\" rel=\"noreferrer noopener\">site de RLP<\/a>  pour \u00e9couter cette chronique exceptionnelle du Groupe Fred Zeller!<\/p>\n\n\n\n<p>Diffusions e cette chronique en diff\u00e9r\u00e9 sur RLP le jeudi \u00e0 16h et le samedi \u00e0 17h30 et podcast en ligne d\u00e8s le lundi apr\u00e8s-midi sur le <a href=\"https:\/\/www.radioslibresenperigord.com\/\" target=\"_blank\" rel=\"noreferrer noopener\">site de RLP<\/a> et sur le <a href=\"https:\/\/www.lpdordogne.fr\/\">site du Groupe Fred Zeller<\/a><\/p>\n\n\n\n<p>Bande-annonce de la chronique du Groupe Fred Zeller, le 6 mai 2024 :<\/p>\n\n\n\n<figure class=\"wp-block-audio\"><audio controls src=\"https:\/\/www.lpdordogne.fr\/wp-content\/uploads\/2024\/05\/2024.04.29-Annonce-emission-libre-pensee-ADMD-date6.5.mp3\"><\/audio><\/figure>\n","protected":false},"excerpt":{"rendered":"<p>C&rsquo;est une chronique exceptionnelle que nous proposons lundi 6 mai aux auditrices et auditeurs de RLP ! Jonathan Denis, pr\u00e9sident de l&rsquo;Association pour le droit de Mourir dans la Dignit\u00e9 (ADMD), sera l&rsquo;invit\u00e9 de cette chronique. Au moment o\u00f9, apr\u00e8s des d\u00e9cennies d&rsquo;attente de l&rsquo;immense majorit\u00e9 de la population d&rsquo;une v\u00e9ritable loi sur la fin &hellip; <a href=\"https:\/\/www.lpdordogne.fr\/?p=3377\" class=\"more-link\">Continuer la lecture<span class=\"screen-reader-text\"> de &laquo;&nbsp;Chronique sp\u00e9ciale lundi 6 mai : interview du pr\u00e9sident de l&rsquo;ADMD, Jonathan Denis&nbsp;&raquo;<\/span><\/a><\/p>\n","protected":false},"author":1,"featured_media":96,"comment_status":"open","ping_status":"open","sticky":false,"template":"","format":"standard","meta":{"footnotes":""},"categories":[53,20],"tags":[],"class_list":["post-3377","post","type-post","status-publish","format-standard","has-post-thumbnail","hentry","category-defense-des-libertes","category-rlp"],"_links":{"self":[{"href":"https:\/\/www.lpdordogne.fr\/index.php?rest_route=\/wp\/v2\/posts\/3377","targetHints":{"allow":["GET"]}}],"collection":[{"href":"https:\/\/www.lpdordogne.fr\/index.php?rest_route=\/wp\/v2\/posts"}],"about":[{"href":"https:\/\/www.lpdordogne.fr\/index.php?rest_route=\/wp\/v2\/types\/post"}],"author":[{"embeddable":true,"href":"https:\/\/www.lpdordogne.fr\/index.php?rest_route=\/wp\/v2\/users\/1"}],"replies":[{"embeddable":true,"href":"https:\/\/www.lpdordogne.fr\/index.php?rest_route=%2Fwp%2Fv2%2Fcomments&post=3377"}],"version-history":[{"count":2,"href":"https:\/\/www.lpdordogne.fr\/index.php?rest_route=\/wp\/v2\/posts\/3377\/revisions"}],"predecessor-version":[{"id":3383,"href":"https:\/\/www.lpdordogne.fr\/index.php?rest_route=\/wp\/v2\/posts\/3377\/revisions\/3383"}],"wp:featuredmedia":[{"embeddable":true,"href":"https:\/\/www.lpdordogne.fr\/index.php?rest_route=\/wp\/v2\/media\/96"}],"wp:attachment":[{"href":"https:\/\/www.lpdordogne.fr\/index.php?rest_route=%2Fwp%2Fv2%2Fmedia&parent=3377"}],"wp:term":[{"taxonomy":"category","embeddable":true,"href":"https:\/\/www.lpdordogne.fr\/index.php?rest_route=%2Fwp%2Fv2%2Fcategories&post=3377"},{"taxonomy":"post_tag","embeddable":true,"href":"https:\/\/www.lpdordogne.fr\/index.php?rest_route=%2Fwp%2Fv2%2Ftags&post=3377"}],"curies":[{"name":"wp","href":"https:\/\/api.w.org\/{rel}","templated":true}]}}