{"id":3350,"date":"2024-04-29T17:40:27","date_gmt":"2024-04-29T17:40:27","guid":{"rendered":"https:\/\/www.lpdordogne.fr\/?p=3350"},"modified":"2024-05-02T06:52:26","modified_gmt":"2024-05-02T06:52:26","slug":"le-groupe-fred-zeller-sur-rlp-la-chronique-du-29-avril-2024-hommage-aux-190-libres-penseurs-resistants","status":"publish","type":"post","link":"https:\/\/www.lpdordogne.fr\/?p=3350","title":{"rendered":"Le groupe Fred Zeller sur RLP : la chronique du 29 avril 2024:"},"content":{"rendered":"\n<h2 class=\"wp-block-heading\">Hommage aux 190 Libres Penseurs R\u00e9sistants<\/h2>\n\n\n\n<div class=\"wp-block-buttons is-content-justification-center is-layout-flex wp-container-core-buttons-is-layout-16018d1d wp-block-buttons-is-layout-flex\">\n<div class=\"wp-block-button\"><a class=\"wp-block-button__link has-dark-red-background-color has-background has-text-align-center wp-element-button\" href=\"https:\/\/www.radioslibresenperigord.com\/wp-content\/podcasts\/\/libre-pensee\/2024.04.29%20Libres%20Penseurs.mp3?_=1\" target=\"_blank\" rel=\"noreferrer noopener\">\u00e9couter CETTE chronique du GFZ<\/a><\/div>\n<\/div>\n\n\n\n<hr class=\"wp-block-separator has-alpha-channel-opacity\"\/>\n\n\n\n<p><strong>Sommaire de la chronique :<\/strong><\/p>\n\n\n\n<ul>\n<li>\n<p align=\"JUSTIFY\"><strong>Devant le Panth\u00e9on : En hommage aux 190 Libres Penseurs R\u00e9sistants et \u00e0 Marc Blondel Le 12 avril 2024<\/strong><\/p>\n<\/li>\n<li>\n<p align=\"JUSTIFY\"><strong>La Libre Pens\u00e9e dans la R\u00e9sistance : note de lecture de Jean-Marc Raynaud<\/strong><\/p>\n<\/li>\n<li><strong>choix musical : \u00ab\u00a0La complainte du r\u00e9sistant\u00a0\u00bb, interpr\u00e9t\u00e9e par L\u00e9onard Cohen<\/strong><\/li>\n<\/ul>\n\n\n\n<!--more-->\n\n\n\n<hr class=\"wp-block-separator has-alpha-channel-opacity\"\/>\n\n\n\n<h2 class=\"wp-block-heading\">Devant le Panth\u00e9on :<br>en hommage aux 190 Libres Penseurs R\u00e9sistants et \u00e0 Marc Blondel Le 12 avril 2024<\/h2>\n\n\n\n<figure class=\"wp-block-image size-full\"><img loading=\"lazy\" decoding=\"async\" width=\"1000\" height=\"750\" src=\"https:\/\/www.lpdordogne.fr\/wp-content\/uploads\/2024\/04\/PARTICIPANTS-3.jpg\" alt=\"\" class=\"wp-image-3356\" srcset=\"https:\/\/www.lpdordogne.fr\/wp-content\/uploads\/2024\/04\/PARTICIPANTS-3.jpg 1000w, https:\/\/www.lpdordogne.fr\/wp-content\/uploads\/2024\/04\/PARTICIPANTS-3-300x225.jpg 300w, https:\/\/www.lpdordogne.fr\/wp-content\/uploads\/2024\/04\/PARTICIPANTS-3-768x576.jpg 768w\" sizes=\"auto, (max-width: 709px) 85vw, (max-width: 909px) 67vw, (max-width: 1362px) 62vw, 840px\" \/><\/figure>\n\n\n\n<p>P<em>r\u00e8s d\u2019une <strong>centaine de Libres Penseurs<\/strong>\u00a0se sont r\u00e9unis devant le\u00a0<strong>Panth\u00e9on<\/strong>\u00a0le 12 avril 2024 \u00e0 18H pour honorer les leurs, des\u00a0<strong>Libres Penseurs R\u00e9sistants<\/strong>\u00a0et notre regrett\u00e9\u00a0<strong>Pr\u00e9sident Marc Blondel<\/strong>.<\/em><\/p>\n\n\n\n<figure class=\"wp-block-image size-full\"><img loading=\"lazy\" decoding=\"async\" width=\"887\" height=\"1024\" src=\"https:\/\/www.lpdordogne.fr\/wp-content\/uploads\/2024\/04\/PLAUQE-SIEGE-2-887x1024-1.jpg\" alt=\"\" class=\"wp-image-3354\" srcset=\"https:\/\/www.lpdordogne.fr\/wp-content\/uploads\/2024\/04\/PLAUQE-SIEGE-2-887x1024-1.jpg 887w, https:\/\/www.lpdordogne.fr\/wp-content\/uploads\/2024\/04\/PLAUQE-SIEGE-2-887x1024-1-260x300.jpg 260w, https:\/\/www.lpdordogne.fr\/wp-content\/uploads\/2024\/04\/PLAUQE-SIEGE-2-887x1024-1-768x887.jpg 768w\" sizes=\"auto, (max-width: 709px) 85vw, (max-width: 909px) 67vw, (max-width: 1362px) 62vw, 840px\" \/><\/figure>\n\n\n\n<ul class=\"wp-block-list\">\n<li>La c\u00e9r\u00e9monie a commenc\u00e9 par la lecture des\u00a0<strong>190 Libres Penseurs R\u00e9sistants<\/strong>, recens\u00e9s \u00e0 ce jour, par\u00a0<strong>Carole Halbutier<\/strong>\u00a0et\u00a0<strong>Roland Timsit<\/strong><\/li>\n\n\n\n<li>Une\u00a0<strong>chorale de la Libre Pens\u00e9e<\/strong>\u00a0a chant\u00e9 la chanson\u00a0<em><strong>Le Partisan<\/strong><\/em>, chanson reprise\u00a0<em>a capella<\/em>\u00a0par la centaine de participants.<br>Ce chant est donc le choix musical pour accompagner cette rubrique, dans la, version interpr\u00e9t\u00e9e par L\u00e9onard Cohen<\/li>\n\n\n\n<li><a href=\"https:\/\/www.fnlp.fr\/wp-content\/uploads\/2024\/04\/Discours-au-Pantheon.pdf\" target=\"_blank\" rel=\"noreferrer noopener\">Lecture du discours prononc\u00e9 par Christian Eyschen<\/a><\/li>\n<\/ul>\n\n\n\n<div class=\"wp-block-buttons is-content-justification-center is-layout-flex wp-container-core-buttons-is-layout-16018d1d wp-block-buttons-is-layout-flex\">\n<div class=\"wp-block-button\"><a class=\"wp-block-button__link has-dark-red-background-color has-background has-text-align-center wp-element-button\" href=\"https:\/\/www.fnlp.fr\/2024\/04\/devant-le-pantheon-en-hommage-aux-190-libres-penseurs-resistants-et-a-marc-blondel-le-12-avril-2024\/\" target=\"_blank\" rel=\"noreferrer noopener\">Lire l&rsquo;article sur le site de la FNLP<\/a><\/div>\n<\/div>\n\n\n\n<hr class=\"wp-block-separator has-alpha-channel-opacity\"\/>\n\n\n\n<h2 class=\"wp-block-heading\"><strong>La Libre Pens\u00e9e dans la R\u00e9sistance :<\/strong><br><strong>note de lecture de Jean-Marc Raynaud<\/strong><\/h2>\n\n\n\n<figure class=\"wp-block-image size-full\"><img loading=\"lazy\" decoding=\"async\" width=\"648\" height=\"1024\" src=\"https:\/\/www.lpdordogne.fr\/wp-content\/uploads\/2024\/04\/LIBRE-PENSEE-DANS-LA-RESISTANCE-648x1024-1.jpg\" alt=\"\" class=\"wp-image-3355\" srcset=\"https:\/\/www.lpdordogne.fr\/wp-content\/uploads\/2024\/04\/LIBRE-PENSEE-DANS-LA-RESISTANCE-648x1024-1.jpg 648w, https:\/\/www.lpdordogne.fr\/wp-content\/uploads\/2024\/04\/LIBRE-PENSEE-DANS-LA-RESISTANCE-648x1024-1-190x300.jpg 190w\" sizes=\"auto, (max-width: 709px) 85vw, (max-width: 909px) 67vw, (max-width: 984px) 61vw, (max-width: 1362px) 45vw, 600px\" \/><\/figure>\n\n\n\n<p>Pr\u00e9face de l\u2019ouvrage :<\/p>\n\n\n\n<p>Ils peuvent couper toutes les fleurs,<\/p>\n\n\n\n<p>Ils n\u2019emp\u00eacheront jamais le printemps de revenir !<\/p>\n\n\n\n<p>Allez savoir pourquoi, au d\u00e9but, ceux qui imposent la terreur et l\u2019oppression les traitent de terroristes. Eux qui, simplement, contestent l\u2019inacceptable et l\u2019intol\u00e9rable de l\u2019oppression qu\u2019ils subissent. Allez \u00e9galement savoir pourquoi, quand le grand vent de l\u2019histoire a chass\u00e9 les nuages de l\u2019oppression du moment, on les honore, souvent tardivement, de ce joli mot de r\u00e9sistant.<\/p>\n\n\n\n<p>R\u00e9sistant ?<\/p>\n\n\n\n<p>C\u2019est connu, un m\u00eame mot peut recouvrir des r\u00e9alit\u00e9s diff\u00e9rentes. Et, c\u2019est ainsi qu\u2019il y a les R\u00e9sistants de la 1\u00e8re heure. Peu nombreux et payant le prix le plus lourd. Plus nombreux sont les r\u00e9sistants de l\u2019avant-derni\u00e8re heure qui, sentant le vent tourner, s\u2019\u00e9vertuent \u00e0 avoir plusieurs fers au feu. Toujours un pied, mais de plus en plus petit, dans la collaboration, et un petit pied \u00ab timide \u00bb dans la R\u00e9sistance prudente. Innombrables sont, par contre, les r\u00e9sistants de la 25\u00e8me heure. Ceux-l\u00e0, dont le \u00ab courage \u00bb tardif n\u2019a d\u2019\u00e9gal que leur couardise pass\u00e9e, d\u00e9ferlent alors en meute pour s\u2019acharner sur les troisi\u00e8mes couteaux de la Collaboration qu\u2019ils saluaient respectueusement, la veille.<\/p>\n\n\n\n<p>Et puis il y a les R\u00e9sistants de toujours et d\u2019\u00e0 toujours. Plus nombreux qu\u2019on ne pourrait croire. Mais, bien que de toutes circonstances, pas ostentatoires pour deux sous. Humbles, toujours. Anonymes, souvent. Juste des c\u0153urs purs ordinaires d\u2019une simple humanit\u00e9 confinant \u00e0 l\u2019extraordinaire. Ainsi, le couple d\u2019instituteurs du petit village de ma m\u00e8re. Durant toute l\u2019Occupation, dans le plus grand secret, ils ont h\u00e9berg\u00e9 une famille juive. Ne s\u2019en \u00e9tant jamais targu\u00e9, tout le village \u00e9tait dans l\u2019ignorance. Jusqu\u2019\u00e0 ce que, trente ans plus tard, la presse se fit l\u2019\u00e9cho d\u2019une visite de repr\u00e9sentants du gouvernement isra\u00e9lien souhaitant les mettre sur la liste des \u00ab Justes \u00bb. Les \u00ab grands \u00bb R\u00e9sistants du village qui se glorifiaient de faire manger les poils des artichauts aux soldats allemands prirent, enfin, le Maquis du silence. La d\u00e9claration du couple : \u00ab Nous n \u2018avons rien fait d\u2019autre que ce qui nous semblait normal \u00bb, ne leur laissait pas le choix.<\/p>\n\n\n\n<p>Est-il besoin de le pr\u00e9ciser, parmi ces R\u00e9sistants de toujours et d\u2019\u00e0 toujours, figuraient bon nombre de Libres Penseurs. Logique. Se r\u00e9clamer d\u2019une pens\u00e9e libre implique de r\u00e9sister \u00e0 tout ce qui porte atteinte \u00e0 la libert\u00e9 et \u00e0 la pens\u00e9e. Et, pas seulement dans telle ou telle circonstance, mais dans TOUTES les circonstances.<\/p>\n\n\n\n<p>On s\u2019en doute, ce genre de R\u00e9sistance \u00e0 g\u00e9om\u00e9trie non variable n\u2019est pas vraiment en odeur de saintet\u00e9 au sein des pouvoirs en place. Car elle n\u2019est pas du genre \u00e0 marcher au pas cadenc\u00e9 des circonstances. Et constitue une menace de R\u00e9sistance aux r\u00e9sistants de la veille d\u00e9sormais aux manettes. Aussi, on ne braque jamais, sauf quand on ne peut pas faire autrement, les projecteurs sur eux.<\/p>\n\n\n\n<p>Ce livre, modestement et de mani\u00e8re fort incompl\u00e8te, entend leur rendre hommage. \u00c0 eux qui, connus ou inconnus, n\u2019ont jamais postul\u00e9 aux honneurs. Et vous serez surpris de les d\u00e9couvrir alors que bien que les connaissant, vous ignoriez cette part d\u2019eux-m\u00eames, leur nombre et leur diversit\u00e9.<\/p>\n\n\n\n<p>La Libre Pens\u00e9e est une vieille dame qui a vu officiellement le jour en 1847. Plusieurs p\u00e8res. Des Anarchistes et des Marxistes de la future 1\u00e8re Internationale. Des Radicaux-socialistes (d\u2019hier). Et des Francs-Ma\u00e7ons du Grand Orient de France. Ils convergeaient sur la la\u00efcit\u00e9 de l\u2019\u00c9cole et de l\u2019\u00c9tat, sur la lutte contre l\u2019oppression religieuse, sur la libert\u00e9 d\u2019expression, sur le refus de l\u2019exploitation et de l\u2019oppression de l\u2019\u00eatre humain par l\u2019\u00eatre humain et sur une approche rationnelle et mat\u00e9rialiste des choses et de la vie. Certains \u00e9taient r\u00e9volutionnaires, d\u2019autres r\u00e9formistes, la plupart un peu des deux, mais tous \u00e9taient des progressistes radicaux, donc anti-capitalistes, anti-militaristes, anti-cl\u00e9ricaux, pacifistes\u2026<\/p>\n\n\n\n<p>Pour l\u2019heure, ces R\u00e9sistants de toujours et d\u2019\u00e0 toujours sont en premi\u00e8re ligne contre les atteintes de toutes sortes \u00e0 la la\u00efcit\u00e9 et aux valeurs \u00e9ternelles et universelles de Libert\u00e9, d\u2019\u00c9galit\u00e9 et d\u2019Entraide inh\u00e9rentes \u00e0 toute v\u00e9ritable r\u00e9publique et d\u00e9mocratie.<\/p>\n\n\n\n<p>On l\u2019aura donc compris, panth\u00e9oniser, 80 ans apr\u00e8s leur ex\u00e9cution un couple de R\u00e9sistants \u00e9trangers \u00e0 qui \u00ab on \u00bb avait refus\u00e9 la nationalit\u00e9 fran\u00e7aise et, \u00ab en m\u00eame temps \u00bb, faire voter des lois anti-immigr\u00e9s avec le soutien d\u2019une extr\u00eame-droite collabo dans l\u2019\u00e2me, assure, h\u00e9las, un bel avenir \u00e0 NOTRE R\u00e9sistance.<\/p>\n\n\n\n<p>Jean-Marc Raynaud<\/p>\n\n\n\n<p>Pour se procurer cet ouvrage, <a href=\"https:\/\/www.lpdordogne.fr\/?page_id=3159\" data-type=\"page\" data-id=\"3159\">contacter le groupe Fred Zeller <\/a><\/p>\n\n\n\n<hr class=\"wp-block-separator has-alpha-channel-opacity\"\/>\n\n\n\n<h2 class=\"wp-block-heading\">Choix musical : \u00ab\u00a0La complainte du r\u00e9sistant\u00a0\u00bb<\/h2>\n\n\n\n<div class=\"wp-block-buttons is-content-justification-center is-layout-flex wp-container-core-buttons-is-layout-16018d1d wp-block-buttons-is-layout-flex\">\n<div class=\"wp-block-button\"><a class=\"wp-block-button__link has-dark-red-background-color has-background has-text-align-center wp-element-button\" href=\"https:\/\/www.radioslibresenperigord.com\/wp-content\/podcasts\/\/libre-pensee\/2024.04.29%20Libres%20Penseurs.mp3?_=1\" target=\"_blank\" rel=\"noreferrer noopener\">\u00e9couter CETTE chronique du GFZ<\/a><\/div>\n<\/div>\n","protected":false},"excerpt":{"rendered":"<p>Hommage aux 190 Libres Penseurs R\u00e9sistants Sommaire de la chronique : Devant le Panth\u00e9on : En hommage aux 190 Libres Penseurs R\u00e9sistants et \u00e0 Marc Blondel Le 12 avril 2024 La Libre Pens\u00e9e dans la R\u00e9sistance : note de lecture de Jean-Marc Raynaud choix musical : \u00ab\u00a0La complainte du r\u00e9sistant\u00a0\u00bb, interpr\u00e9t\u00e9e par L\u00e9onard Cohen<\/p>\n","protected":false},"author":1,"featured_media":96,"comment_status":"open","ping_status":"open","sticky":false,"template":"","format":"standard","meta":{"footnotes":""},"categories":[10,20],"tags":[],"class_list":["post-3350","post","type-post","status-publish","format-standard","has-post-thumbnail","hentry","category-librairie","category-rlp"],"_links":{"self":[{"href":"https:\/\/www.lpdordogne.fr\/index.php?rest_route=\/wp\/v2\/posts\/3350","targetHints":{"allow":["GET"]}}],"collection":[{"href":"https:\/\/www.lpdordogne.fr\/index.php?rest_route=\/wp\/v2\/posts"}],"about":[{"href":"https:\/\/www.lpdordogne.fr\/index.php?rest_route=\/wp\/v2\/types\/post"}],"author":[{"embeddable":true,"href":"https:\/\/www.lpdordogne.fr\/index.php?rest_route=\/wp\/v2\/users\/1"}],"replies":[{"embeddable":true,"href":"https:\/\/www.lpdordogne.fr\/index.php?rest_route=%2Fwp%2Fv2%2Fcomments&post=3350"}],"version-history":[{"count":6,"href":"https:\/\/www.lpdordogne.fr\/index.php?rest_route=\/wp\/v2\/posts\/3350\/revisions"}],"predecessor-version":[{"id":3362,"href":"https:\/\/www.lpdordogne.fr\/index.php?rest_route=\/wp\/v2\/posts\/3350\/revisions\/3362"}],"wp:featuredmedia":[{"embeddable":true,"href":"https:\/\/www.lpdordogne.fr\/index.php?rest_route=\/wp\/v2\/media\/96"}],"wp:attachment":[{"href":"https:\/\/www.lpdordogne.fr\/index.php?rest_route=%2Fwp%2Fv2%2Fmedia&parent=3350"}],"wp:term":[{"taxonomy":"category","embeddable":true,"href":"https:\/\/www.lpdordogne.fr\/index.php?rest_route=%2Fwp%2Fv2%2Fcategories&post=3350"},{"taxonomy":"post_tag","embeddable":true,"href":"https:\/\/www.lpdordogne.fr\/index.php?rest_route=%2Fwp%2Fv2%2Ftags&post=3350"}],"curies":[{"name":"wp","href":"https:\/\/api.w.org\/{rel}","templated":true}]}}