{"id":3327,"date":"2024-04-16T17:35:17","date_gmt":"2024-04-16T17:35:17","guid":{"rendered":"https:\/\/www.lpdordogne.fr\/?p=3327"},"modified":"2024-05-02T06:52:26","modified_gmt":"2024-05-02T06:52:26","slug":"le-groupe-fred-zeller-sur-rlp-la-chronique-du-15-avril-2024","status":"publish","type":"post","link":"https:\/\/www.lpdordogne.fr\/?p=3327","title":{"rendered":"Le groupe Fred Zeller sur RLP : la chronique du 15 avril 2024"},"content":{"rendered":"\n<p>  <\/p>\n\n\n\n<div class=\"wp-block-buttons is-content-justification-center is-layout-flex wp-container-core-buttons-is-layout-16018d1d wp-block-buttons-is-layout-flex\">\n<div class=\"wp-block-button\"><a class=\"wp-block-button__link has-dark-red-background-color has-background has-text-align-center wp-element-button\" href=\"https:\/\/www.radioslibresenperigord.com\/wp-content\/podcasts\/\/libre-pensee\/2024.04.15%20Libres%20Penseurs.mp3?_=1\" target=\"_blank\" rel=\"noreferrer noopener\">\u00e9couter CETTE chronique du GFZ<\/a><\/div>\n<\/div>\n\n\n\n<p><strong>Sommaire de la chronique :<\/strong><\/p>\n\n\n\n<ul>\n<li>SNU : La faute de l&rsquo;\u00c9ducation\u00a0nationale (B. Girard-Le Club Mediapart)<\/li>\n<li>Choix musical : Francis Lemarque \u00ab\u00a0Quand un soldat\u00a0\u00bb<\/li>\n<\/ul>\n\n\n\n<!--more-->\n\n\n\n<hr class=\"wp-block-separator has-alpha-channel-opacity\"\/>\n\n\n\n<h2 class=\"wp-block-heading\">SNU : La faute de l&rsquo;\u00c9ducation nationale<\/h2>\n\n\n\n<p><em>Cette contribution de B. Girard, publi\u00e9e sur son Blog du Club Mediapart proc\u00e8de d&rsquo;une analyse du SNU tr\u00e8s compl\u00e8te et tr\u00e8s pertinente au moment o\u00f9, de fait, celui-ci devient obligatoire pour les \u00e9l\u00e8ves de seconde.<\/em><\/p>\n\n\n\n<p>Dans quelques semaines, la participation forc\u00e9e des \u00e9l\u00e8ves de Seconde rend de facto le SNU obligatoire. Avec la mise au pas de la jeunesse autour d&rsquo;une mystique identitaire par une contrainte de type militaire, c&rsquo;est aussi le service public d&rsquo;\u00e9ducation, ma\u00eetre d\u2019\u0153uvre et ma\u00eetre d\u2019ouvrage du dispositif, qui change de nature.<\/p>\n\n\n\n<p>Des jeunes en uniforme, au garde-\u00e0-vous devant le drapeau aux accents de la Marseillaise&nbsp;: l\u2019extr\u00eame-droite en r\u00eavait, Macron le fait. Apr\u00e8s 6 ans de mise en place laborieuse d\u2019un dispositif qui n\u2019a jamais rencontr\u00e9 le public vis\u00e9, 6 ans de battage m\u00e9diatique, de communication infantilisante autour d\u2019un projet qui tourne \u00e0 vide en d\u00e9pit de son co\u00fbt prohibitif, le SNU \u2013 en attendant une g\u00e9n\u00e9ralisation retard\u00e9e par des consid\u00e9rations budg\u00e9taires et logistiques \u2013 devient obligatoire&nbsp;: il l\u2019est en tout cas pour les lyc\u00e9en.nes de Seconde qui, dans quelques semaines, parce qu\u2019ils n\u2019auront pas trouv\u00e9 de stage de fin d\u2019ann\u00e9e, se verront dans l\u2019obligation de subir une p\u00e9riode d\u2019encasernement dont on ne conna\u00eet aujourd\u2019hui d\u2019\u00e9quivalent dans aucun pays d\u00e9mocratique. Avec cette singularit\u00e9 qui semble avoir \u00e9chapp\u00e9 \u00e0 beaucoup&nbsp;: le transfert institutionnel et budg\u00e9taire \u00e0 l\u2019\u00c9ducation nationale d\u2019une forme d\u2019embrigadement, d\u2019endoctrinement qui \u00e9tait autrefois \u00e0 la charge de l\u2019arm\u00e9e. Avec la mise au pas de la jeunesse autour d&rsquo;une mystique identitaire, c&rsquo;est aussi le service public d&rsquo;\u00e9ducation qui change de nature. &#8230;\/&#8230;.<\/p>\n\n\n\n<p><strong>B. Girard<\/strong><\/p>\n\n\n\n<div class=\"wp-block-buttons is-content-justification-center is-layout-flex wp-container-core-buttons-is-layout-16018d1d wp-block-buttons-is-layout-flex\">\n<div class=\"wp-block-button\"><a class=\"wp-block-button__link has-dark-red-background-color has-background has-text-align-center wp-element-button\" href=\"https:\/\/blogs.mediapart.fr\/b-girard\/blog\/110424\/snu-la-faute-de-leducation-nationale\" target=\"_blank\" rel=\"noreferrer noopener\">Le billet de blog de b. girard<\/a><\/div>\n<\/div>\n\n\n\n<p><\/p>\n\n\n\n<div class=\"wp-block-buttons is-content-justification-center is-layout-flex wp-container-core-buttons-is-layout-16018d1d wp-block-buttons-is-layout-flex\">\n<div class=\"wp-block-button\"><a class=\"wp-block-button__link has-dark-red-background-color has-background has-text-align-center wp-element-button\" href=\"https:\/\/www.radioslibresenperigord.com\/wp-content\/podcasts\/\/libre-pensee\/2024.04.15%20Libres%20Penseurs.mp3?_=1\" target=\"_blank\" rel=\"noreferrer noopener\">\u00e9couter CETTE chronique du GFZ<\/a><\/div>\n<\/div>\n\n\n\n<h2 class=\"wp-block-heading\">Choix musical : Francis Lemarque \u00ab\u00a0Quand un soldat\u00a0\u00bb<\/h2>\n\n\n\n<p>Pour cette chronique, le choix musical s&rsquo;est port\u00e9 sur cette chanson de Francis Lemarque \u00ab\u00a0<a href=\"https:\/\/www.youtube.com\/watch?v=jw1Cc9raKxg\">Quand un soldat<\/a>\u00ab\u00a0, dans laquelle elle dit :<\/p>\n\n\n\n<p>\u00ab\u00a0<em>Partir pour mourir un peu<br>\u00c0 la guerre, \u00e0 la guerre<br>C&rsquo;est un dr\u00f4le de petit jeu<br>Qui ne va gu\u00e8re aux amoureux<\/em>\u00ab\u00a0<\/p>\n","protected":false},"excerpt":{"rendered":"<p>Sommaire de la chronique : SNU : La faute de l&rsquo;\u00c9ducation\u00a0nationale (B. Girard-Le Club Mediapart) Choix musical : Francis Lemarque \u00ab\u00a0Quand un soldat\u00a0\u00bb<\/p>\n","protected":false},"author":1,"featured_media":96,"comment_status":"open","ping_status":"open","sticky":false,"template":"","format":"standard","meta":{"footnotes":""},"categories":[16,20],"tags":[],"class_list":["post-3327","post","type-post","status-publish","format-standard","has-post-thumbnail","hentry","category-pacifisme-antimilitarisme","category-rlp"],"_links":{"self":[{"href":"https:\/\/www.lpdordogne.fr\/index.php?rest_route=\/wp\/v2\/posts\/3327","targetHints":{"allow":["GET"]}}],"collection":[{"href":"https:\/\/www.lpdordogne.fr\/index.php?rest_route=\/wp\/v2\/posts"}],"about":[{"href":"https:\/\/www.lpdordogne.fr\/index.php?rest_route=\/wp\/v2\/types\/post"}],"author":[{"embeddable":true,"href":"https:\/\/www.lpdordogne.fr\/index.php?rest_route=\/wp\/v2\/users\/1"}],"replies":[{"embeddable":true,"href":"https:\/\/www.lpdordogne.fr\/index.php?rest_route=%2Fwp%2Fv2%2Fcomments&post=3327"}],"version-history":[{"count":6,"href":"https:\/\/www.lpdordogne.fr\/index.php?rest_route=\/wp\/v2\/posts\/3327\/revisions"}],"predecessor-version":[{"id":3334,"href":"https:\/\/www.lpdordogne.fr\/index.php?rest_route=\/wp\/v2\/posts\/3327\/revisions\/3334"}],"wp:featuredmedia":[{"embeddable":true,"href":"https:\/\/www.lpdordogne.fr\/index.php?rest_route=\/wp\/v2\/media\/96"}],"wp:attachment":[{"href":"https:\/\/www.lpdordogne.fr\/index.php?rest_route=%2Fwp%2Fv2%2Fmedia&parent=3327"}],"wp:term":[{"taxonomy":"category","embeddable":true,"href":"https:\/\/www.lpdordogne.fr\/index.php?rest_route=%2Fwp%2Fv2%2Fcategories&post=3327"},{"taxonomy":"post_tag","embeddable":true,"href":"https:\/\/www.lpdordogne.fr\/index.php?rest_route=%2Fwp%2Fv2%2Ftags&post=3327"}],"curies":[{"name":"wp","href":"https:\/\/api.w.org\/{rel}","templated":true}]}}