{"id":3298,"date":"2024-03-25T22:50:58","date_gmt":"2024-03-25T22:50:58","guid":{"rendered":"https:\/\/www.lpdordogne.fr\/?p=3298"},"modified":"2024-05-02T06:52:26","modified_gmt":"2024-05-02T06:52:26","slug":"le-groupe-fred-zeller-sur-rlp-la-chronique-du-25-mars-2024","status":"publish","type":"post","link":"https:\/\/www.lpdordogne.fr\/?p=3298","title":{"rendered":"Le groupe Fred Zeller sur RLP : la chronique du 25 mars 2024"},"content":{"rendered":"\n<p><\/p>\n\n\n\n<div class=\"wp-block-buttons is-content-justification-center is-layout-flex wp-container-core-buttons-is-layout-16018d1d wp-block-buttons-is-layout-flex\">\n<div class=\"wp-block-button\"><a class=\"wp-block-button__link has-dark-red-background-color has-background has-text-align-center wp-element-button\" href=\"https:\/\/www.radioslibresenperigord.com\/wp-content\/podcasts\/\/libre-pensee\/2024.03.25%20Libres%20Penseurs%2C%20le%20Bund.mp3?_=1\" target=\"_blank\" rel=\"noreferrer noopener\">\u00e9couter CETTE chronique du GFZ<\/a><\/div>\n<\/div>\n\n\n\n<p><\/p>\n\n\n\n<p><strong>Sommaire de la chronique :<\/strong><\/p>\n\n\n\n<ul>\n<li>le rassemblement du samedi 23 mars, \u00e0 P\u00e9rigueux, dans le cadre de la journ\u00e9e internationale contre le racisme et le fascisme<\/li>\n<li>\u00e0 propos du Bund<\/li>\n<li>La\u00efcit\u00e9 : \u00ab\u00a0La loi de 2004 sur le voile pose des difficult\u00e9s insurmontables\u00a0\u00bb<\/li>\n<\/ul>\n\n\n\n<!--more-->\n\n\n\n<hr class=\"wp-block-separator has-alpha-channel-opacity\"\/>\n\n\n\n<h2 class=\"wp-block-heading\">le rassemblement du samedi 23 mars, \u00e0 P\u00e9rigueux<\/h2>\n\n\n\n<figure class=\"wp-block-image size-full\"><img loading=\"lazy\" decoding=\"async\" width=\"1000\" height=\"750\" src=\"https:\/\/www.lpdordogne.fr\/wp-content\/uploads\/2024\/03\/20240323_111053-1000.jpg\" alt=\"\" class=\"wp-image-3299\" srcset=\"https:\/\/www.lpdordogne.fr\/wp-content\/uploads\/2024\/03\/20240323_111053-1000.jpg 1000w, https:\/\/www.lpdordogne.fr\/wp-content\/uploads\/2024\/03\/20240323_111053-1000-300x225.jpg 300w, https:\/\/www.lpdordogne.fr\/wp-content\/uploads\/2024\/03\/20240323_111053-1000-768x576.jpg 768w\" sizes=\"auto, (max-width: 709px) 85vw, (max-width: 909px) 67vw, (max-width: 1362px) 62vw, 840px\" \/><\/figure>\n\n\n\n<p><br>Intervention du groupe Fed Zeller :<\/p>\n\n\n\n<p style=\"text-align: justify;\">Depuis le d\u00e9but de l\u2019ann\u00e9e, Darmanin a r\u00e9ussi \u00e0 imposer sa loi raciste et x\u00e9nophobe asile-immigration et va toujours plus loin. Il y a quelques semaines \u00e0 Mayotte il remettait en question le droit du sol. Les mahorais, maintenus dans une domination coloniale sont priv\u00e9s de tout : manque d\u2019eau potable, d\u00e9labrement des services publics, bidonvilles\u2026 Quelle r\u00e9ponse du gouvernement ? La r\u00e9pression (op\u00e9ration polici\u00e8re de 2023 qui fut un fiasco) et le projet de suppression du droit du sol, dont les extr\u00eames droites divers et vari\u00e9s veulent du coup l\u2019extension \u00e0 la m\u00e9tropole.<br \/>Le droit du sol \u00e9tait acquis \u00e0 la r\u00e9volution fran\u00e7aise, les constitutions de 1791 et 93 attribuaient de fait la nationalit\u00e9 aux personnes n\u00e9es d\u2019un p\u00e8re \u00e9tranger sur le sol fran\u00e7ais et r\u00e9sidant en France. Supprim\u00e9 en 1804 par Napol\u00e9on il est restitu\u00e9 par la r\u00e9publique en 1889 puis \u00e0 nouveau supprim\u00e9 par le r\u00e9gime de Vichy. C\u2019est \u00e0 ces r\u00e9gimes r\u00e9actionnaires que Macron \u2013 Darmanin veulent nous ramener.<br \/>Ne cherchons pas : la macronie c\u2019est l\u2019extr\u00eame droite ! Alors les nervis fascistes et catho int\u00e9gristes (deux chapelles souvent m\u00eal\u00e9e pour une m\u00eame r\u00e9action) peuvent se croire dans les ann\u00e9es d\u2019avant la deuxi\u00e8me guerre mondiale et se montrer au grand jour.<br \/>3 fois en deux semaines, Ils ont derni\u00e8rement agress\u00e9 la librairie Publico de la<br \/>F\u00e9d\u00e9ration anarchiste et s\u2019en \u00e9taient pris \u00e0 la librairie de la Libre Pens\u00e9e en 2023, aux locaux de loges ma\u00e7onniques\u2026, ils ont brul\u00e9 la maison d\u2019un militant LFI etc. Ils ont la haine contre tout ce qui peut \u00e9veiller le sens critique et \u00e9manciper l\u2019humanit\u00e9.<br \/>Alors oui mobilisons nous contre l\u2019extr\u00eame droite, contre le racisme, la x\u00e9nophobie et en premier lieu contre la politique de ce gouvernement.<br \/>Renfor\u00e7ons nos organisations, soyons solidaires entre nous.<br \/>Contre les institutions de la V\u00e8 R\u00e9publique qui permettent d\u2019imposer sans d\u00e9bat les mesures les plus r\u00e9actionnaires, la FNLP quant \u00e0 elle appelle \u00e0 r\u00e9fl\u00e9chir sur la voie d\u2019une constituante souveraine faite par le peuple et pour le peuple.<\/p>\n\n\n\n<p><\/p>\n\n\n\n<h2 class=\"wp-block-heading\">\u00e0 propos du Bund<\/h2>\n\n\n\n<p>Le num\u00e9ro de mars de <em>La\u00a0 Raison<\/em> (revue mensuelle de la Libre Pens\u00e9e) publie un dossier sur le Bund. C&rsquo;est l&rsquo;occasion de revenir sur l&rsquo;histoire de ce mouvement\u00a0<\/p>\n\n\n\n<h2 class=\"wp-block-heading\">La\u00efcit\u00e9 : \u00ab\u00a0La loi de 2004 sur le voile pose des difficult\u00e9s insurmontables\u00a0\u00bb<\/h2>\n\n\n\n<p>Il s&rsquo;agit d&rsquo;une tribune de Valentine Zuber, publi\u00e9e par la quotidien <em>La Croix<\/em>. Vingt ans apr\u00e8s la loi du 15\u00a0mars 2004 sur l\u2019interdiction du port des signes religieux \u00e0 l\u2019\u00e9cole, Valentin Zuber rappelle que cette loi a constitu\u00e9 un tournant majeur dans l\u2019interpr\u00e9tation de la la\u00efcit\u00e9 \u00e0 la fran\u00e7aise, alors que le voile a \u00e9t\u00e9 jug\u00e9 pour la premi\u00e8re fois comme \u00ab un outil pros\u00e9lyte en lui-m\u00eame \u00bb.<\/p>\n\n\n\n<p><a href=\"https:\/\/www.fnlp.fr\/2024\/03\/24\/laicite-la-loi-de-2004-sur-le-voile-pose-des-difficultes-insurmontables-valentine-zuber\/\" target=\"_blank\" rel=\"noreferrer noopener\">Article \u00e0 consulter sur le site de la FNLP<\/a><\/p>\n\n\n\n<div class=\"wp-block-buttons is-content-justification-center is-layout-flex wp-container-core-buttons-is-layout-16018d1d wp-block-buttons-is-layout-flex\">\n<div class=\"wp-block-button\"><a class=\"wp-block-button__link has-dark-red-background-color has-background has-text-align-center wp-element-button\" href=\"https:\/\/www.radioslibresenperigord.com\/wp-content\/podcasts\/\/libre-pensee\/2024.03.25%20Libres%20Penseurs%2C%20le%20Bund.mp3?_=1\" target=\"_blank\" rel=\"noreferrer noopener\">\u00e9couter CETTE chronique du GFZ<\/a><\/div>\n<\/div>\n","protected":false},"excerpt":{"rendered":"<p>Sommaire de la chronique : le rassemblement du samedi 23 mars, \u00e0 P\u00e9rigueux, dans le cadre de la journ\u00e9e internationale contre le racisme et le fascisme \u00e0 propos du Bund La\u00efcit\u00e9 : \u00ab\u00a0La loi de 2004 sur le voile pose des difficult\u00e9s insurmontables\u00a0\u00bb<\/p>\n","protected":false},"author":1,"featured_media":96,"comment_status":"open","ping_status":"open","sticky":false,"template":"","format":"standard","meta":{"footnotes":""},"categories":[53,54,20],"tags":[],"class_list":["post-3298","post","type-post","status-publish","format-standard","has-post-thumbnail","hentry","category-defense-des-libertes","category-laicite","category-rlp"],"_links":{"self":[{"href":"https:\/\/www.lpdordogne.fr\/index.php?rest_route=\/wp\/v2\/posts\/3298","targetHints":{"allow":["GET"]}}],"collection":[{"href":"https:\/\/www.lpdordogne.fr\/index.php?rest_route=\/wp\/v2\/posts"}],"about":[{"href":"https:\/\/www.lpdordogne.fr\/index.php?rest_route=\/wp\/v2\/types\/post"}],"author":[{"embeddable":true,"href":"https:\/\/www.lpdordogne.fr\/index.php?rest_route=\/wp\/v2\/users\/1"}],"replies":[{"embeddable":true,"href":"https:\/\/www.lpdordogne.fr\/index.php?rest_route=%2Fwp%2Fv2%2Fcomments&post=3298"}],"version-history":[{"count":2,"href":"https:\/\/www.lpdordogne.fr\/index.php?rest_route=\/wp\/v2\/posts\/3298\/revisions"}],"predecessor-version":[{"id":3301,"href":"https:\/\/www.lpdordogne.fr\/index.php?rest_route=\/wp\/v2\/posts\/3298\/revisions\/3301"}],"wp:featuredmedia":[{"embeddable":true,"href":"https:\/\/www.lpdordogne.fr\/index.php?rest_route=\/wp\/v2\/media\/96"}],"wp:attachment":[{"href":"https:\/\/www.lpdordogne.fr\/index.php?rest_route=%2Fwp%2Fv2%2Fmedia&parent=3298"}],"wp:term":[{"taxonomy":"category","embeddable":true,"href":"https:\/\/www.lpdordogne.fr\/index.php?rest_route=%2Fwp%2Fv2%2Fcategories&post=3298"},{"taxonomy":"post_tag","embeddable":true,"href":"https:\/\/www.lpdordogne.fr\/index.php?rest_route=%2Fwp%2Fv2%2Ftags&post=3298"}],"curies":[{"name":"wp","href":"https:\/\/api.w.org\/{rel}","templated":true}]}}