{"id":3089,"date":"2023-11-13T22:32:01","date_gmt":"2023-11-13T22:32:01","guid":{"rendered":"https:\/\/www.lpdordogne.fr\/?p=3089"},"modified":"2024-03-25T22:58:03","modified_gmt":"2024-03-25T22:58:03","slug":"le-groupe-fred-zeller-a-gentioux-pour-le-rassemblement-du-centenaire","status":"publish","type":"post","link":"https:\/\/www.lpdordogne.fr\/?p=3089","title":{"rendered":"Le groupe Fred Zeller \u00e0 Gentioux, pour le rassemblement du centenaire"},"content":{"rendered":"\n<figure class=\"wp-block-image size-full\"><img loading=\"lazy\" decoding=\"async\" width=\"1000\" height=\"563\" src=\"https:\/\/www.lpdordogne.fr\/wp-content\/uploads\/2023\/11\/Gentioux-2023-rassemblement-a.jpg\" alt=\"\" class=\"wp-image-3099\" srcset=\"https:\/\/www.lpdordogne.fr\/wp-content\/uploads\/2023\/11\/Gentioux-2023-rassemblement-a.jpg 1000w, https:\/\/www.lpdordogne.fr\/wp-content\/uploads\/2023\/11\/Gentioux-2023-rassemblement-a-300x169.jpg 300w, https:\/\/www.lpdordogne.fr\/wp-content\/uploads\/2023\/11\/Gentioux-2023-rassemblement-a-768x432.jpg 768w\" sizes=\"auto, (max-width: 709px) 85vw, (max-width: 909px) 67vw, (max-width: 1362px) 62vw, 840px\" \/><\/figure>\n\n\n\n<p style=\"text-align: justify;\"><span style=\"font-family: verdana, geneva, sans-serif;\">14 adh\u00e9rents et sympathisants du Groupe Fred Zeller (LP Dordogne) ont particip\u00e9, samedi 11 novembre, au rassemblement organis\u00e9 par le <strong>CLAMMG<\/strong> (<strong>C<\/strong>omit\u00e9 <strong>L<\/strong>a\u00efque des <strong>A<\/strong>mis du <strong>M<\/strong>onument aux <strong>M<\/strong>orts de <strong>G<\/strong>entioux) devant le monument aux morts pacifiste de Gentioux, et dont c&rsquo;\u00e9tait le centenaire.<\/span><\/p>\n\n\n\n<figure class=\"wp-block-image size-large\"><img loading=\"lazy\" decoding=\"async\" width=\"1024\" height=\"576\" src=\"https:\/\/www.lpdordogne.fr\/wp-content\/uploads\/2023\/11\/photo_2023-11-11_20-46-27-1024x576.jpg\" alt=\"\" class=\"wp-image-3101\" srcset=\"https:\/\/www.lpdordogne.fr\/wp-content\/uploads\/2023\/11\/photo_2023-11-11_20-46-27-1024x576.jpg 1024w, https:\/\/www.lpdordogne.fr\/wp-content\/uploads\/2023\/11\/photo_2023-11-11_20-46-27-300x169.jpg 300w, https:\/\/www.lpdordogne.fr\/wp-content\/uploads\/2023\/11\/photo_2023-11-11_20-46-27-768x432.jpg 768w, https:\/\/www.lpdordogne.fr\/wp-content\/uploads\/2023\/11\/photo_2023-11-11_20-46-27-1200x675.jpg 1200w, https:\/\/www.lpdordogne.fr\/wp-content\/uploads\/2023\/11\/photo_2023-11-11_20-46-27.jpg 1280w\" sizes=\"auto, (max-width: 709px) 85vw, (max-width: 909px) 67vw, (max-width: 1362px) 62vw, 840px\" \/><\/figure>\n\n\n\n<p><span style=\"font-family: verdana, geneva, sans-serif;\">Sous la pr\u00e9sidence de R\u00e9gis Parayre, intervenant au nom du CLAMMG, plus de 200 personnes, venus de la Creuse et des d\u00e9partements voisins, ont \u00e9cout\u00e9 les discours des repr\u00e9sentants de la LDH, du Mouvement de la Paix, de l&rsquo;Union Pacifiste, de Lutte ouvri\u00e8re, de l&rsquo;UD CGT, de l&rsquo;UD FO, de la FNLP, et aussi de Catherine Couturier, d\u00e9put\u00e9e de la Creuse et de Pascale Martin, d\u00e9put\u00e9e de Dordogne.<\/span><\/p>\n\n\n\n<figure class=\"wp-block-image size-large\"><img loading=\"lazy\" decoding=\"async\" width=\"1024\" height=\"576\" src=\"https:\/\/www.lpdordogne.fr\/wp-content\/uploads\/2023\/11\/photo_2023-11-11_20-46-14-1024x576.jpg\" alt=\"\" class=\"wp-image-3107\" srcset=\"https:\/\/www.lpdordogne.fr\/wp-content\/uploads\/2023\/11\/photo_2023-11-11_20-46-14-1024x576.jpg 1024w, https:\/\/www.lpdordogne.fr\/wp-content\/uploads\/2023\/11\/photo_2023-11-11_20-46-14-300x169.jpg 300w, https:\/\/www.lpdordogne.fr\/wp-content\/uploads\/2023\/11\/photo_2023-11-11_20-46-14-768x432.jpg 768w, https:\/\/www.lpdordogne.fr\/wp-content\/uploads\/2023\/11\/photo_2023-11-11_20-46-14-1200x675.jpg 1200w, https:\/\/www.lpdordogne.fr\/wp-content\/uploads\/2023\/11\/photo_2023-11-11_20-46-14.jpg 1280w\" sizes=\"auto, (max-width: 709px) 85vw, (max-width: 909px) 67vw, (max-width: 1362px) 62vw, 840px\" \/><\/figure>\n\n\n\n<p><span style=\"font-family: verdana, geneva, sans-serif;\">Le rassemblement s&rsquo;est termin\u00e9 en entonnant la chanson de Craonne puis l&rsquo;internationale.<\/span><\/p>\n\n\n<div class=\"wp-block-image\">\n<figure class=\"aligncenter size-large\"><img loading=\"lazy\" decoding=\"async\" width=\"1024\" height=\"576\" src=\"https:\/\/www.lpdordogne.fr\/wp-content\/uploads\/2023\/11\/photo_2023-11-11_20-44-09-1024x576.jpg\" alt=\"\" class=\"wp-image-3090\" srcset=\"https:\/\/www.lpdordogne.fr\/wp-content\/uploads\/2023\/11\/photo_2023-11-11_20-44-09-1024x576.jpg 1024w, https:\/\/www.lpdordogne.fr\/wp-content\/uploads\/2023\/11\/photo_2023-11-11_20-44-09-300x169.jpg 300w, https:\/\/www.lpdordogne.fr\/wp-content\/uploads\/2023\/11\/photo_2023-11-11_20-44-09-768x432.jpg 768w, https:\/\/www.lpdordogne.fr\/wp-content\/uploads\/2023\/11\/photo_2023-11-11_20-44-09-1200x675.jpg 1200w, https:\/\/www.lpdordogne.fr\/wp-content\/uploads\/2023\/11\/photo_2023-11-11_20-44-09.jpg 1280w\" sizes=\"auto, (max-width: 709px) 85vw, (max-width: 909px) 67vw, (max-width: 1362px) 62vw, 840px\" \/><\/figure>\n<\/div>\n\n\n<p><span style=\"font-family: verdana, geneva, sans-serif;\">Nombre de participants se sont ensuite dirig\u00e9s au Compeix, pour le traditionnel banquet fraternel.\u00a0<\/span><\/p>\n\n\n\n<figure class=\"wp-block-image size-full\"><img loading=\"lazy\" decoding=\"async\" width=\"1000\" height=\"563\" src=\"https:\/\/www.lpdordogne.fr\/wp-content\/uploads\/2023\/11\/Gentioux-2023-banquet.png\" alt=\"\" class=\"wp-image-3097\" srcset=\"https:\/\/www.lpdordogne.fr\/wp-content\/uploads\/2023\/11\/Gentioux-2023-banquet.png 1000w, https:\/\/www.lpdordogne.fr\/wp-content\/uploads\/2023\/11\/Gentioux-2023-banquet-300x169.png 300w, https:\/\/www.lpdordogne.fr\/wp-content\/uploads\/2023\/11\/Gentioux-2023-banquet-768x432.png 768w\" sizes=\"auto, (max-width: 709px) 85vw, (max-width: 909px) 67vw, (max-width: 1362px) 62vw, 840px\" \/><\/figure>\n","protected":false},"excerpt":{"rendered":"<p>14 adh\u00e9rents et sympathisants du Groupe Fred Zeller (LP Dordogne) ont particip\u00e9, samedi 11 novembre, au rassemblement organis\u00e9 par le CLAMMG (Comit\u00e9 La\u00efque des Amis du Monument aux Morts de Gentioux) devant le monument aux morts pacifiste de Gentioux, et dont c&rsquo;\u00e9tait le centenaire. Sous la pr\u00e9sidence de R\u00e9gis Parayre, intervenant au nom du CLAMMG, &hellip; <a href=\"https:\/\/www.lpdordogne.fr\/?p=3089\" class=\"more-link\">Continuer la lecture<span class=\"screen-reader-text\"> de &laquo;&nbsp;Le groupe Fred Zeller \u00e0 Gentioux, pour le rassemblement du centenaire&nbsp;&raquo;<\/span><\/a><\/p>\n","protected":false},"author":1,"featured_media":3102,"comment_status":"open","ping_status":"open","sticky":false,"template":"","format":"standard","meta":{"footnotes":""},"categories":[1],"tags":[],"class_list":["post-3089","post","type-post","status-publish","format-standard","has-post-thumbnail","hentry","category-uncategorized"],"_links":{"self":[{"href":"https:\/\/www.lpdordogne.fr\/index.php?rest_route=\/wp\/v2\/posts\/3089","targetHints":{"allow":["GET"]}}],"collection":[{"href":"https:\/\/www.lpdordogne.fr\/index.php?rest_route=\/wp\/v2\/posts"}],"about":[{"href":"https:\/\/www.lpdordogne.fr\/index.php?rest_route=\/wp\/v2\/types\/post"}],"author":[{"embeddable":true,"href":"https:\/\/www.lpdordogne.fr\/index.php?rest_route=\/wp\/v2\/users\/1"}],"replies":[{"embeddable":true,"href":"https:\/\/www.lpdordogne.fr\/index.php?rest_route=%2Fwp%2Fv2%2Fcomments&post=3089"}],"version-history":[{"count":9,"href":"https:\/\/www.lpdordogne.fr\/index.php?rest_route=\/wp\/v2\/posts\/3089\/revisions"}],"predecessor-version":[{"id":3110,"href":"https:\/\/www.lpdordogne.fr\/index.php?rest_route=\/wp\/v2\/posts\/3089\/revisions\/3110"}],"wp:featuredmedia":[{"embeddable":true,"href":"https:\/\/www.lpdordogne.fr\/index.php?rest_route=\/wp\/v2\/media\/3102"}],"wp:attachment":[{"href":"https:\/\/www.lpdordogne.fr\/index.php?rest_route=%2Fwp%2Fv2%2Fmedia&parent=3089"}],"wp:term":[{"taxonomy":"category","embeddable":true,"href":"https:\/\/www.lpdordogne.fr\/index.php?rest_route=%2Fwp%2Fv2%2Fcategories&post=3089"},{"taxonomy":"post_tag","embeddable":true,"href":"https:\/\/www.lpdordogne.fr\/index.php?rest_route=%2Fwp%2Fv2%2Ftags&post=3089"}],"curies":[{"name":"wp","href":"https:\/\/api.w.org\/{rel}","templated":true}]}}