{"id":2957,"date":"2023-03-21T00:10:35","date_gmt":"2023-03-20T23:10:35","guid":{"rendered":"https:\/\/lpdordogne.wordpress.com\/?p=2957"},"modified":"2024-03-25T22:58:03","modified_gmt":"2024-03-25T22:58:03","slug":"snu-rendu-obligatoire","status":"publish","type":"post","link":"https:\/\/www.lpdordogne.fr\/?p=2957","title":{"rendered":"SNU rendu obligatoire ?"},"content":{"rendered":"\n<p class=\"has-text-align-justify\">La chronique du groupe Fred Zeller du lundi 20 mars sur RLP portait sur la d\u00e9cision imminente, semble-t-il de rendre le Service National Universel (SNU) obligatoire.<\/p>\n\n\n\n<p>Cette d\u00e9cision intervient dans un contexte particulier :<\/p>\n\n\n\n<ul class=\"wp-block-list\">\n<li>mobilisation de la population, et en particulier de la jeunesse, contre la loi retraites ; r\u00e9pression contre les jeunes<\/li>\n\n\n\n<li>intensification des livraisons d&rsquo;armes par la France \u00e0 l&rsquo;Ukraine <\/li>\n\n\n\n<li>vote n\u00e9gatif du S\u00e9nat sur la proposition de loi de r\u00e9habilitation des fusill\u00e9s pour l&rsquo;exemple de la guerre de 1914-1918<\/li>\n<\/ul>\n\n\n\n<p>Le d\u00e9partement de la Dordogne sera l&rsquo;un des 6 d\u00e9partements dans lesquels le SNU sera obligatoire d\u00e8s 2024, comme le pr\u00e9cise ce communiqu\u00e9 de la F\u00e9d\u00e9ration de Gironde de la Libre Pens\u00e9e :<\/p>\n\n\n\n<figure class=\"wp-block-embed is-type-rich is-provider-mixcloud wp-block-embed-mixcloud wp-embed-aspect-21-9 wp-has-aspect-ratio\"><div class=\"wp-block-embed__wrapper\">\n<div class=\"embed-mixcloud\"><iframe loading=\"lazy\" title=\"2023.03.20 Libres Penseurs\" width=\"100%\" height=\"120\" src=\"https:\/\/www.mixcloud.com\/widget\/iframe\/?feed=https%3A%2F%2Fwww.mixcloud.com%2FRadios_Libres_en_P%25C3%25A9rigord%2F20230320-libres-penseursmp3%2F&amp;hide_cover=1\" frameborder=\"0\"><\/iframe><\/div>\n<\/div><\/figure>\n\n\n\n<figure class=\"wp-block-image size-full\"><a href=\"https:\/\/www.lpdordogne.fr\/wp-content\/uploads\/2023\/03\/snu-obligatoire-et-sur-temps-scolaire.pdf\" target=\"_blank\" rel=\"noreferrer noopener\"><img loading=\"lazy\" decoding=\"async\" width=\"700\" height=\"301\" src=\"https:\/\/www.lpdordogne.fr\/wp-content\/uploads\/2023\/03\/cp-lp33-snu-01-03-2023.png\" alt=\"\" class=\"wp-image-2963\" srcset=\"https:\/\/www.lpdordogne.fr\/wp-content\/uploads\/2023\/03\/cp-lp33-snu-01-03-2023.png 700w, https:\/\/www.lpdordogne.fr\/wp-content\/uploads\/2023\/03\/cp-lp33-snu-01-03-2023-300x129.png 300w\" sizes=\"auto, (max-width: 709px) 85vw, (max-width: 909px) 67vw, (max-width: 984px) 61vw, (max-width: 1362px) 45vw, 600px\" \/><\/a><\/figure>\n\n\n\n<p><\/p>\n\n\n\n<p>Nous vous proposons de <a rel=\"noreferrer noopener\" href=\"https:\/\/www.youtube.com\/watch?v=GGxyZzLIhss\" target=\"_blank\">visionner cette vid\u00e9o r\u00e9alis\u00e9e par le collectif anti-SNU<\/a><\/p>\n\n\n\n<figure class=\"wp-block-embed is-type-video is-provider-youtube wp-block-embed-youtube wp-embed-aspect-16-9 wp-has-aspect-ratio\"><div class=\"wp-block-embed__wrapper\">\n<iframe loading=\"lazy\" title=\"SNU, EMBRIGADEMENT DES JEUNES, Acte 13\" width=\"840\" height=\"473\" src=\"https:\/\/www.youtube.com\/embed\/GGxyZzLIhss?feature=oembed\" frameborder=\"0\" allow=\"accelerometer; autoplay; clipboard-write; encrypted-media; gyroscope; picture-in-picture; web-share\" allowfullscreen><\/iframe>\n<\/div><\/figure>\n\n\n\n<p>Le collectif NON au SNU a publi\u00e9 un communiqu\u00e9 titr\u00e9 :<\/p>\n\n\n\n<p class=\"has-text-align-center\"><strong><a href=\"https:\/\/www.fnlp.fr\/2023\/03\/06\/service-national-universel-ni-obligation-ni-generalisation-arretons-son-experimentation\/\" target=\"_blank\" rel=\"noreferrer noopener\">Service national universel&nbsp;: ni obligation, ni g\u00e9n\u00e9ralisation, <\/a><\/strong><br><strong><a href=\"https:\/\/www.fnlp.fr\/2023\/03\/06\/service-national-universel-ni-obligation-ni-generalisation-arretons-son-experimentation\/\" target=\"_blank\" rel=\"noreferrer noopener\">arr\u00eatons son exp\u00e9rimentation&nbsp;!<\/a><\/strong><\/p>\n\n\n\n<p><\/p>\n\n\n\n<p><\/p>\n","protected":false},"excerpt":{"rendered":"<p>La chronique du groupe Fred Zeller du lundi 20 mars sur RLP portait sur la d\u00e9cision imminente, semble-t-il de rendre le Service National Universel (SNU) obligatoire. Cette d\u00e9cision intervient dans un contexte particulier : Le d\u00e9partement de la Dordogne sera l&rsquo;un des 6 d\u00e9partements dans lesquels le SNU sera obligatoire d\u00e8s 2024, comme le pr\u00e9cise &hellip; <a href=\"https:\/\/www.lpdordogne.fr\/?p=2957\" class=\"more-link\">Continuer la lecture<span class=\"screen-reader-text\"> de &laquo;&nbsp;SNU rendu obligatoire ?&nbsp;&raquo;<\/span><\/a><\/p>\n","protected":false},"author":2,"featured_media":0,"comment_status":"closed","ping_status":"open","sticky":false,"template":"","format":"standard","meta":{"footnotes":""},"categories":[14],"tags":[],"class_list":["post-2957","post","type-post","status-publish","format-standard","hentry","category-non-classe"],"_links":{"self":[{"href":"https:\/\/www.lpdordogne.fr\/index.php?rest_route=\/wp\/v2\/posts\/2957","targetHints":{"allow":["GET"]}}],"collection":[{"href":"https:\/\/www.lpdordogne.fr\/index.php?rest_route=\/wp\/v2\/posts"}],"about":[{"href":"https:\/\/www.lpdordogne.fr\/index.php?rest_route=\/wp\/v2\/types\/post"}],"author":[{"embeddable":true,"href":"https:\/\/www.lpdordogne.fr\/index.php?rest_route=\/wp\/v2\/users\/2"}],"replies":[{"embeddable":true,"href":"https:\/\/www.lpdordogne.fr\/index.php?rest_route=%2Fwp%2Fv2%2Fcomments&post=2957"}],"version-history":[{"count":1,"href":"https:\/\/www.lpdordogne.fr\/index.php?rest_route=\/wp\/v2\/posts\/2957\/revisions"}],"predecessor-version":[{"id":3303,"href":"https:\/\/www.lpdordogne.fr\/index.php?rest_route=\/wp\/v2\/posts\/2957\/revisions\/3303"}],"wp:attachment":[{"href":"https:\/\/www.lpdordogne.fr\/index.php?rest_route=%2Fwp%2Fv2%2Fmedia&parent=2957"}],"wp:term":[{"taxonomy":"category","embeddable":true,"href":"https:\/\/www.lpdordogne.fr\/index.php?rest_route=%2Fwp%2Fv2%2Fcategories&post=2957"},{"taxonomy":"post_tag","embeddable":true,"href":"https:\/\/www.lpdordogne.fr\/index.php?rest_route=%2Fwp%2Fv2%2Ftags&post=2957"}],"curies":[{"name":"wp","href":"https:\/\/api.w.org\/{rel}","templated":true}]}}