{"id":2947,"date":"2023-03-11T21:32:33","date_gmt":"2023-03-11T20:32:33","guid":{"rendered":"https:\/\/lpdordogne.wordpress.com\/?p=2947"},"modified":"2024-03-25T22:58:03","modified_gmt":"2024-03-25T22:58:03","slug":"contre-les-interdits-religieux-le-repas-gras-propose-par-les-libres-penseurs","status":"publish","type":"post","link":"https:\/\/www.lpdordogne.fr\/?p=2947","title":{"rendered":"Contre les interdits religieux, le repas gras propos\u00e9 par les libres penseurs"},"content":{"rendered":"\n<figure class=\"wp-block-image size-full\"><a href=\"https:\/\/www.lpdordogne.fr\/wp-content\/uploads\/2023\/03\/gfz-vend-7-avril.pdf\" target=\"_blank\" rel=\"noreferrer noopener\"><img loading=\"lazy\" decoding=\"async\" width=\"700\" height=\"277\" src=\"https:\/\/www.lpdordogne.fr\/wp-content\/uploads\/2023\/03\/invitation-repas-gras-7-avril-2023.png\" alt=\"\" class=\"wp-image-2948\" srcset=\"https:\/\/www.lpdordogne.fr\/wp-content\/uploads\/2023\/03\/invitation-repas-gras-7-avril-2023.png 700w, https:\/\/www.lpdordogne.fr\/wp-content\/uploads\/2023\/03\/invitation-repas-gras-7-avril-2023-300x119.png 300w\" sizes=\"auto, (max-width: 709px) 85vw, (max-width: 909px) 67vw, (max-width: 984px) 61vw, (max-width: 1362px) 45vw, 600px\" \/><\/a><\/figure>\n\n\n\n<p class=\"has-text-align-justify\">Libres penseurs, nous ne nous \u00e9tonnons plus des absurdit\u00e9s port\u00e9es par la superstition, l\u2019obscurantisme et le fanatisme, mais nombre de nos concitoyens ignorent jusqu\u2019o\u00f9 ces interdits peuvent aller<\/p>\n\n\n\n<p class=\"has-text-align-justify\">Pour c\u00e9l\u00e9brer, entre d\u00e9fenseurs de la la\u00efcit\u00e9, le vendredi dit saint ou mieux malsain, le groupe Fred Zeller vous invite \u00e0 venir perp\u00e9tuer cette joyeuse tradition en partageant avec eux un repas gras, au prix de 20\u20ac par personne.<\/p>\n\n\n\n<p>T\u00e9l\u00e9chargez l&rsquo;invitation pour prendre connaissance du menu propos\u00e9 et, si vous souhaitez vous joindre \u00e0 ce banquet, pour remplir le bulletin d&rsquo;inscription<\/p>\n\n\n\n<div class=\"wp-block-buttons is-content-justification-center is-layout-flex wp-container-core-buttons-is-layout-16018d1d wp-block-buttons-is-layout-flex\">\n<div class=\"wp-block-button has-custom-width wp-block-button__width-75\"><a class=\"wp-block-button__link has-dark-red-background-color has-background wp-element-button\" href=\"https:\/\/www.lpdordogne.fr\/wp-content\/uploads\/2023\/03\/gfz-vend-7-avril.pdf\" target=\"_blank\" rel=\"noreferrer noopener\">T\u00e9l\u00e9charger l&rsquo;invitation au banquet gras du 7 avril<\/a><\/div>\n<\/div>\n","protected":false},"excerpt":{"rendered":"<p>Libres penseurs, nous ne nous \u00e9tonnons plus des absurdit\u00e9s port\u00e9es par la superstition, l\u2019obscurantisme et le fanatisme, mais nombre de nos concitoyens ignorent jusqu\u2019o\u00f9 ces interdits peuvent aller Pour c\u00e9l\u00e9brer, entre d\u00e9fenseurs de la la\u00efcit\u00e9, le vendredi dit saint ou mieux malsain, le groupe Fred Zeller vous invite \u00e0 venir perp\u00e9tuer cette joyeuse tradition en &hellip; <a href=\"https:\/\/www.lpdordogne.fr\/?p=2947\" class=\"more-link\">Continuer la lecture<span class=\"screen-reader-text\"> de &laquo;&nbsp;Contre les interdits religieux, le repas gras propos\u00e9 par les libres penseurs&nbsp;&raquo;<\/span><\/a><\/p>\n","protected":false},"author":2,"featured_media":0,"comment_status":"closed","ping_status":"open","sticky":false,"template":"","format":"standard","meta":{"footnotes":""},"categories":[14],"tags":[],"class_list":["post-2947","post","type-post","status-publish","format-standard","hentry","category-non-classe"],"_links":{"self":[{"href":"https:\/\/www.lpdordogne.fr\/index.php?rest_route=\/wp\/v2\/posts\/2947","targetHints":{"allow":["GET"]}}],"collection":[{"href":"https:\/\/www.lpdordogne.fr\/index.php?rest_route=\/wp\/v2\/posts"}],"about":[{"href":"https:\/\/www.lpdordogne.fr\/index.php?rest_route=\/wp\/v2\/types\/post"}],"author":[{"embeddable":true,"href":"https:\/\/www.lpdordogne.fr\/index.php?rest_route=\/wp\/v2\/users\/2"}],"replies":[{"embeddable":true,"href":"https:\/\/www.lpdordogne.fr\/index.php?rest_route=%2Fwp%2Fv2%2Fcomments&post=2947"}],"version-history":[{"count":1,"href":"https:\/\/www.lpdordogne.fr\/index.php?rest_route=\/wp\/v2\/posts\/2947\/revisions"}],"predecessor-version":[{"id":3304,"href":"https:\/\/www.lpdordogne.fr\/index.php?rest_route=\/wp\/v2\/posts\/2947\/revisions\/3304"}],"wp:attachment":[{"href":"https:\/\/www.lpdordogne.fr\/index.php?rest_route=%2Fwp%2Fv2%2Fmedia&parent=2947"}],"wp:term":[{"taxonomy":"category","embeddable":true,"href":"https:\/\/www.lpdordogne.fr\/index.php?rest_route=%2Fwp%2Fv2%2Fcategories&post=2947"},{"taxonomy":"post_tag","embeddable":true,"href":"https:\/\/www.lpdordogne.fr\/index.php?rest_route=%2Fwp%2Fv2%2Ftags&post=2947"}],"curies":[{"name":"wp","href":"https:\/\/api.w.org\/{rel}","templated":true}]}}