{"id":2809,"date":"2022-01-25T22:19:55","date_gmt":"2022-01-25T21:19:55","guid":{"rendered":"https:\/\/lpdordogne.wordpress.com\/?p=2809"},"modified":"2024-05-02T07:11:20","modified_gmt":"2024-05-02T07:11:20","slug":"les-chroniques-du-groupe-fred-zeller-sur-rlp-de-lempire-britannique-au-royaume-desuni","status":"publish","type":"post","link":"https:\/\/www.lpdordogne.fr\/?p=2809","title":{"rendered":"Les chroniques du Groupe Fred Zeller sur RLP : de l&#8217;empire britannique au Royaume d\u00e9suni"},"content":{"rendered":"\n<p class=\"has-text-align-justify\">Le dossier du dernier num\u00e9ro de l&rsquo;<em>Id\u00e9\u00e9 libre<\/em>, paru en d\u00e9cembre, est intitul\u00e9 \u00ab\u00a0de l&#8217;empire britannique au Royaume d\u00e9suni\u00a0\u00bb. La chronique du groupe Fred Zeller (GFZ) sur Radios Libres en P\u00e9rigird (RLP), le lundi 24 janvier 2022, lui a \u00e9t\u00e9 consacr\u00e9, avec, plus particuli\u00e8rement la lecture de l&rsquo;article de Jean-Marc Schiappa introduisant le dossier .  De la marche vers l&rsquo;apog\u00e9e de l&#8217;empire \u00e0 la situation d&rsquo;aujourd&rsquo;hui, c&rsquo;est un v\u00e9ritable \u00ab\u00a0court-m\u00e9trage\u00a0\u00bb saisissant et dynamique qui permet au lecteur d&rsquo;aborder le dossier avec la compr\u00e9hension des enjeux qui r\u00e9sultent du mouvement historique.<\/p>\n\n\n\n<p><a href=\"https:\/\/www.mixcloud.com\/Radios_Libres_en_P\u00e9rigord\/20220124-libre-penseur-de-lempire-britannique-au-royaume-d\u00e9suni\/\">https:\/\/www.mixcloud.com\/Radios_Libres_en_P\u00e9rigord\/20220124-libre-penseur-de-lempire-britannique-au-royaume-d\u00e9suni\/<\/a><\/p>\n\n\n\n<p class=\"has-text-align-justify\">Catherine Le Fur, Fabien Jeannier &amp; Philippe Besson, qui ont oeuvr\u00e9 \u00e0 la constitution de ce dossier le pr\u00e9sentent ainsi:<\/p>\n\n\n\n<div class=\"wp-block-group has-light-gray-background-color has-background\"><div class=\"wp-block-group__inner-container is-layout-flow wp-block-group-is-layout-flow\">\n<h2 class=\"wp-block-heading\" id=\"le-royaume-desuni\"><strong>Le Royaume d\u00e9suni<\/strong><\/h2>\n\n\n\n<p class=\"has-text-align-justify\">Ce num\u00e9ro de l\u2019Id\u00e9e Libre para\u00eet \u00e0 un moment o\u00f9 le Royaume-Uni, apr\u00e8s avoir r\u00e9gn\u00e9 durant des d\u00e9cennies sur le monde au temps b\u00e9ni de la colonisation et du capitalisme alors \u00e0 son apog\u00e9e, semble bien s\u2019enfoncer chaque jour un peu plus dans un inexorable processus de dislocation, dont le long feuilleton du Brexit et l\u2019annonce d\u2019un nouveau r\u00e9f\u00e9rendum sur l\u2019ind\u00e9pendance \u00e9cossaise, ne sont que les derniers soubresauts en date.<\/p>\n\n\n\n<p>Comment en est-on arriv\u00e9 l\u00e0 ?<\/p>\n\n\n\n<p class=\"has-text-align-justify\">Notre revue, qui n\u2019a d\u2019autre vocation que celle d\u2019aider ses lecteurs \u00e0 la compr\u00e9hension des probl\u00e8mes actuels et \u00e0 venir, a voulu donner la parole \u00e0 des historiens, des chercheurs en civilisation britannique, des professeurs mais aussi \u00e0 des libres penseurs, \u00e0 des humanistes.<\/p>\n\n\n\n<p>Qu\u2019ils soient ici tous remerci\u00e9s pour leurs contributions.<\/p>\n\n\n\n<p class=\"has-text-align-justify\">De la longue agonie de l\u2019Empire britannique minutieusement analys\u00e9e par Jean-Marc Schiappa au discours du Wind of change, qui officialisa en f\u00e9vrier 1960 une politique de d\u00e9sengagement colonial ; du long cheminement de l\u2019id\u00e9e de R\u00e9publique en Irlande depuis la fondation de la soci\u00e9t\u00e9 des Irlandais Unis de Belfast \u00e0 la partition du pays act\u00e9e en d\u00e9cembre 1921 ; des incertitudes qui planent quant \u00e0 une possible future ind\u00e9pendance de l\u2019Ecosse aux cons\u00e9quences que celle-ci pourrait avoir en mati\u00e8re de la\u00efcit\u00e9 sur les institutions du pays ; de la mont\u00e9e d\u2019un antis\u00e9mitisme politique au d\u00e9but du XIXe si\u00e8cle en Angleterre, \u00e0 la guerre des Boers, ce num\u00e9ro balaie des sujets aussi vari\u00e9s que br\u00fblants.<\/p>\n\n\n\n<p class=\"has-text-align-justify\">Souhaitons que les diff\u00e9rents articles qui composent ce dossier, par la diversit\u00e9 de leurs auteurs et la richesse de leur contenu, apportent un \u00e9clairage utile \u00e0 nos lecteurs et leur donnent des cl\u00e9s pour comprendre la situation actuelle et les enjeux politiques outre-Manche.<\/p>\n\n\n\n<p>Catherine Le Fur, Fabien Jeannier &amp; Philippe Besson<\/p>\n<\/div><\/div>\n\n\n\n<p class=\"has-text-align-justify has-yellow-background-color has-background\"><strong>Comment se procurer ce num\u00e9ro de <em>l&rsquo;Id\u00e9e libre<\/em> ?<\/strong><br>envoyez un mail \u00e0 <a href=\"mailto:secretaire@lpdordogne.fr\">secretaire@lpdordogne.fr <\/a>en indiquant vos coordonn\u00e9es permettant de prendre contact avec vous. Ce num\u00e9ro de  est vendu 6\u20ac + frais de port.<\/p>\n\n\n\n<p>En voici l&rsquo;enregistrement que vous pouvez r\u00e9-\u00e9couter :<\/p>\n\n\n\n<p><div class=\"embed-mixcloud\"><iframe loading=\"lazy\" title=\"2022.01.24 Libre Penseur - De L&#039;Empire Britannique Au Royaume D\u00e9suni\" width=\"100%\" height=\"120\" src=\"https:\/\/www.mixcloud.com\/widget\/iframe\/?feed=https%3A%2F%2Fwww.mixcloud.com%2FRadios_Libres_en_P%25C3%25A9rigord%2F20220124-libre-penseur-de-lempire-britannique-au-royaume-d%25C3%25A9suni%2F&amp;hide_cover=1\" frameborder=\"0\"><\/iframe><\/div><\/p>\n\n\n\n<pre class=\"wp-block-code\"><code><\/code><\/pre>\n\n\n\n<figure class=\"wp-block-image size-large\"><a href=\"https:\/\/www.fnlp.fr\/librairie\/10-l-idee-libre\" target=\"_blank\" rel=\"noopener\"><img loading=\"lazy\" decoding=\"async\" width=\"700\" height=\"1011\" src=\"https:\/\/www.lpdordogne.fr\/wp-content\/uploads\/2022\/01\/il-312-couv.png?w=700\" alt=\"\" class=\"wp-image-2814\" srcset=\"https:\/\/www.lpdordogne.fr\/wp-content\/uploads\/2022\/01\/il-312-couv.png 700w, https:\/\/www.lpdordogne.fr\/wp-content\/uploads\/2022\/01\/il-312-couv-208x300.png 208w\" sizes=\"auto, (max-width: 709px) 85vw, (max-width: 909px) 67vw, (max-width: 984px) 61vw, (max-width: 1362px) 45vw, 600px\" \/><\/a><\/figure>\n\n\n\n<figure class=\"wp-block-image size-large\"><a href=\"https:\/\/www.lpdordogne.fr\/wp-content\/uploads\/2022\/01\/il335-couv4.png\"><img loading=\"lazy\" decoding=\"async\" width=\"700\" height=\"546\" src=\"https:\/\/www.lpdordogne.fr\/wp-content\/uploads\/2022\/01\/il335-couv4.png?w=700\" alt=\"\" class=\"wp-image-2815\" srcset=\"https:\/\/www.lpdordogne.fr\/wp-content\/uploads\/2022\/01\/il335-couv4.png 700w, https:\/\/www.lpdordogne.fr\/wp-content\/uploads\/2022\/01\/il335-couv4-300x234.png 300w\" sizes=\"auto, (max-width: 709px) 85vw, (max-width: 909px) 67vw, (max-width: 984px) 61vw, (max-width: 1362px) 45vw, 600px\" \/><\/a><figcaption class=\"wp-element-caption\"><a href=\"https:\/\/www.fnlp.fr\/librairie\/10-l-idee-libre\" target=\"_blank\" rel=\"noreferrer noopener\">https:\/\/www.fnlp.fr\/librairie\/10-l-idee-libre<\/a><\/figcaption><\/figure>\n","protected":false},"excerpt":{"rendered":"<p>Le dossier du dernier num\u00e9ro de l&rsquo;Id\u00e9\u00e9 libre, paru en d\u00e9cembre, est intitul\u00e9 \u00ab\u00a0de l&#8217;empire britannique au Royaume d\u00e9suni\u00a0\u00bb. La chronique du groupe Fred Zeller (GFZ) sur Radios Libres en P\u00e9rigird (RLP), le lundi 24 janvier 2022, lui a \u00e9t\u00e9 consacr\u00e9, avec, plus particuli\u00e8rement la lecture de l&rsquo;article de Jean-Marc Schiappa introduisant le dossier . &hellip; <a href=\"https:\/\/www.lpdordogne.fr\/?p=2809\" class=\"more-link\">Continuer la lecture<span class=\"screen-reader-text\"> de &laquo;&nbsp;Les chroniques du Groupe Fred Zeller sur RLP : de l&#8217;empire britannique au Royaume d\u00e9suni&nbsp;&raquo;<\/span><\/a><\/p>\n","protected":false},"author":2,"featured_media":0,"comment_status":"closed","ping_status":"open","sticky":false,"template":"","format":"standard","meta":{"footnotes":""},"categories":[20],"tags":[],"class_list":["post-2809","post","type-post","status-publish","format-standard","hentry","category-rlp"],"_links":{"self":[{"href":"https:\/\/www.lpdordogne.fr\/index.php?rest_route=\/wp\/v2\/posts\/2809","targetHints":{"allow":["GET"]}}],"collection":[{"href":"https:\/\/www.lpdordogne.fr\/index.php?rest_route=\/wp\/v2\/posts"}],"about":[{"href":"https:\/\/www.lpdordogne.fr\/index.php?rest_route=\/wp\/v2\/types\/post"}],"author":[{"embeddable":true,"href":"https:\/\/www.lpdordogne.fr\/index.php?rest_route=\/wp\/v2\/users\/2"}],"replies":[{"embeddable":true,"href":"https:\/\/www.lpdordogne.fr\/index.php?rest_route=%2Fwp%2Fv2%2Fcomments&post=2809"}],"version-history":[{"count":1,"href":"https:\/\/www.lpdordogne.fr\/index.php?rest_route=\/wp\/v2\/posts\/2809\/revisions"}],"predecessor-version":[{"id":3379,"href":"https:\/\/www.lpdordogne.fr\/index.php?rest_route=\/wp\/v2\/posts\/2809\/revisions\/3379"}],"wp:attachment":[{"href":"https:\/\/www.lpdordogne.fr\/index.php?rest_route=%2Fwp%2Fv2%2Fmedia&parent=2809"}],"wp:term":[{"taxonomy":"category","embeddable":true,"href":"https:\/\/www.lpdordogne.fr\/index.php?rest_route=%2Fwp%2Fv2%2Fcategories&post=2809"},{"taxonomy":"post_tag","embeddable":true,"href":"https:\/\/www.lpdordogne.fr\/index.php?rest_route=%2Fwp%2Fv2%2Ftags&post=2809"}],"curies":[{"name":"wp","href":"https:\/\/api.w.org\/{rel}","templated":true}]}}