{"id":2765,"date":"2021-12-13T19:42:19","date_gmt":"2021-12-13T18:42:19","guid":{"rendered":"https:\/\/lpdordogne.wordpress.com\/?p=2765"},"modified":"2021-12-13T19:42:19","modified_gmt":"2021-12-13T18:42:19","slug":"a-lappel-du-groupe-fred-zeller-rassemblement-le-9-decembre-2021-jour-anniversaire-de-la-promulgation-de-la-loi-de-1905-devant-larbre-de-la-liberte-de-perigueux","status":"publish","type":"post","link":"https:\/\/www.lpdordogne.fr\/?p=2765","title":{"rendered":"\u00e0 l&rsquo;appel du groupe Fred Zeller, rassemblement le 9 d\u00e9cembre 2021, jour anniversaire de la promulgation de la loi de 1905, devant l&rsquo;arbre de la libert\u00e9 de P\u00e9rigueux"},"content":{"rendered":"\n<p><\/p>\n\n\n\n<div class=\"wp-block-image\"><figure class=\"aligncenter size-large\"><a href=\"https:\/\/www.lpdordogne.fr\/wp-content\/uploads\/2021\/12\/p1001800-a.jpg\"><img loading=\"lazy\" decoding=\"async\" width=\"700\" height=\"394\" src=\"https:\/\/www.lpdordogne.fr\/wp-content\/uploads\/2021\/12\/p1001800-a.jpg?w=700\" alt=\"\" class=\"wp-image-2766\" srcset=\"https:\/\/www.lpdordogne.fr\/wp-content\/uploads\/2021\/12\/p1001800-a.jpg 700w, https:\/\/www.lpdordogne.fr\/wp-content\/uploads\/2021\/12\/p1001800-a-300x169.jpg 300w\" sizes=\"auto, (max-width: 709px) 85vw, (max-width: 909px) 67vw, (max-width: 984px) 61vw, (max-width: 1362px) 45vw, 600px\" \/><\/a><\/figure><\/div>\n\n\n\n<p>En pr\u00e9sence de repr\u00e9sentants d&rsquo;associations amies, la pr\u00e9sidente du groupe Fred Zeller (GFZ) a appel\u00e9 \u00e0 la mobilisation de tous ceux qui sont attach\u00e9s \u00e0 la d\u00e9fense de la loi de 1905. Voici son discours :<\/p>\n\n\n\n<figure class=\"wp-block-embed is-type-rich is-provider-prise-en-charge-des-contenus-embarques wp-block-embed-prise-en-charge-des-contenus-embarques\"><div class=\"wp-block-embed__wrapper\">\nhttps:\/\/www.lpdordogne.fr\/wp-content\/uploads\/2021\/12\/9-de-laicite-un-jour-laicite-tjrs.pdf\n<\/div><\/figure>\n","protected":false},"excerpt":{"rendered":"<p>En pr\u00e9sence de repr\u00e9sentants d&rsquo;associations amies, la pr\u00e9sidente du groupe Fred Zeller (GFZ) a appel\u00e9 \u00e0 la mobilisation de tous ceux qui sont attach\u00e9s \u00e0 la d\u00e9fense de la loi de 1905. Voici son discours :<\/p>\n","protected":false},"author":2,"featured_media":0,"comment_status":"closed","ping_status":"open","sticky":false,"template":"","format":"standard","meta":{"footnotes":""},"categories":[11],"tags":[],"class_list":["post-2765","post","type-post","status-publish","format-standard","hentry","category-loi-de-1905"],"_links":{"self":[{"href":"https:\/\/www.lpdordogne.fr\/index.php?rest_route=\/wp\/v2\/posts\/2765","targetHints":{"allow":["GET"]}}],"collection":[{"href":"https:\/\/www.lpdordogne.fr\/index.php?rest_route=\/wp\/v2\/posts"}],"about":[{"href":"https:\/\/www.lpdordogne.fr\/index.php?rest_route=\/wp\/v2\/types\/post"}],"author":[{"embeddable":true,"href":"https:\/\/www.lpdordogne.fr\/index.php?rest_route=\/wp\/v2\/users\/2"}],"replies":[{"embeddable":true,"href":"https:\/\/www.lpdordogne.fr\/index.php?rest_route=%2Fwp%2Fv2%2Fcomments&post=2765"}],"version-history":[{"count":0,"href":"https:\/\/www.lpdordogne.fr\/index.php?rest_route=\/wp\/v2\/posts\/2765\/revisions"}],"wp:attachment":[{"href":"https:\/\/www.lpdordogne.fr\/index.php?rest_route=%2Fwp%2Fv2%2Fmedia&parent=2765"}],"wp:term":[{"taxonomy":"category","embeddable":true,"href":"https:\/\/www.lpdordogne.fr\/index.php?rest_route=%2Fwp%2Fv2%2Fcategories&post=2765"},{"taxonomy":"post_tag","embeddable":true,"href":"https:\/\/www.lpdordogne.fr\/index.php?rest_route=%2Fwp%2Fv2%2Ftags&post=2765"}],"curies":[{"name":"wp","href":"https:\/\/api.w.org\/{rel}","templated":true}]}}