{"id":2723,"date":"2021-11-27T20:14:16","date_gmt":"2021-11-27T19:14:16","guid":{"rendered":"https:\/\/lpdordogne.wordpress.com\/?p=2723"},"modified":"2021-11-27T20:14:16","modified_gmt":"2021-11-27T19:14:16","slug":"le-groupe-fred-zeller-present-a-gentioux-le-11-novembre","status":"publish","type":"post","link":"https:\/\/www.lpdordogne.fr\/?p=2723","title":{"rendered":"Le groupe Fred Zeller pr\u00e9sent \u00e0 Gentioux le 11 novembre"},"content":{"rendered":"\n<figure class=\"wp-block-image size-large\"><a href=\"https:\/\/www.lpdordogne.fr\/wp-content\/uploads\/2021\/11\/gfz-gentioux-700.jpg\"><img loading=\"lazy\" decoding=\"async\" width=\"700\" height=\"525\" src=\"https:\/\/www.lpdordogne.fr\/wp-content\/uploads\/2021\/11\/gfz-gentioux-700.jpg?w=700\" alt=\"\" class=\"wp-image-2726\" srcset=\"https:\/\/www.lpdordogne.fr\/wp-content\/uploads\/2021\/11\/gfz-gentioux-700.jpg 700w, https:\/\/www.lpdordogne.fr\/wp-content\/uploads\/2021\/11\/gfz-gentioux-700-300x225.jpg 300w\" sizes=\"auto, (max-width: 709px) 85vw, (max-width: 909px) 67vw, (max-width: 984px) 61vw, (max-width: 1362px) 45vw, 600px\" \/><\/a><\/figure>\n\n\n\n<p><strong>11 novembre sur le plateau&nbsp;: rassemblement pacifiste de Gentioux<\/strong><\/p>\n\n\n\n<p class=\"has-text-align-justify\">Nous \u00e9tions huit de Dordogne pr\u00e9sents derri\u00e8re la banderole du Groupe Fred Zeller, au 34<sup>\u00e8me<\/sup> rassemblement pacifiste de Gentioux, en Creuse, appel\u00e9 par le Comit\u00e9 La\u00efque des Amis du Monument aux Morts de Gentioux (CLAMMG).<\/p>\n\n\n\n<p class=\"has-text-align-justify\">La m\u00e9t\u00e9o \u00e9tait cl\u00e9mente sur le plateau de Millevaches o\u00f9 l\u2019orphelin de bronze du monument aux morts, dressant le poing, proclame&nbsp;: \u00ab&nbsp;MAUDITE SOIT LA GUERRE&nbsp;\u00bb.<\/p>\n\n\n\n<p class=\"has-text-align-justify\">Les organisations repr\u00e9sent\u00e9es (comit\u00e9 de Gentioux, LDH, pacifistes, unions d\u00e9partementales syndicales, mouvements anarchistes, Libre Pens\u00e9e) et les interventions prononc\u00e9es devant le monument avaient une belle tenue, traduisant un large combat engag\u00e9 depuis maintenant 34 ans, pour que maudites soient toutes les guerres.<\/p>\n\n\n\n<p class=\"has-text-align-justify\">Une nouvelle fois fut affirm\u00e9e la volont\u00e9 d\u2019obtenir la r\u00e9habilitation collective des 639 fusill\u00e9s pour l\u2019exemple de la guerre de 1914-1918, avec d\u2019autant plus de ferveur qu\u2019une proposition de loi allant dans ce sens a \u00e9t\u00e9 d\u00e9pos\u00e9e d\u00e9but novembre \u00e0 l\u2019Assembl\u00e9e Nationale par les d\u00e9put\u00e9s de la France Insoumise.<\/p>\n\n\n\n<p class=\"has-text-align-justify\">C\u2019est tout naturellement d\u2019un commun accord que les diff\u00e9rents orateurs exigeaient l\u2019abandon du Service National Universel (SNU) gr\u00e2ce auquel le gouvernement voudrait embrigader nos jeunes de 15-16 ans pour en faire une docile r\u00e9serve o\u00f9 puiser les futurs sacrifi\u00e9s sur l\u2019autel de ses aventures guerri\u00e8res.<\/p>\n\n\n\n<p class=\"has-text-align-justify\">Le banquet traditionnel avait lieu cette ann\u00e9e au Compeix, permettant aux militants, aux d\u00e9l\u00e9gations des divers d\u00e9partements d\u2019\u00e9changer.<\/p>\n\n\n\n<p class=\"has-text-align-justify\">Nous sommes revenus du plateau tous bien d\u00e9cid\u00e9s \u00e0 mener ces deux combats&nbsp;: pour le vote de la loi de r\u00e9habilitation et contre le SNU. Pour commencer, en r\u00e9ponse \u00e0 l\u2019appel de Monica Jornet qui intervenait au nom de la FNLP, nous allons \u00e9crire \u00e0 nos d\u00e9put\u00e9s de Dordogne, leur demander une entrevue pour les convaincre de voter la loi et nous publierons leur r\u00e9ponses. Nous allons continuer \u00e0 d\u00e9battre publiquement autour du film : \u00ab&nbsp;Morts par la France&nbsp;\u00bb de Claude Singer et Jean-Yves Croiz\u00e9 le 17 janvier \u00e0 Sarlat (au Reix) et le 18 janvier \u00e0 Tr\u00e9lissac, au foyer socio-culturel.<\/p>\n\n\n\n<p class=\"has-text-align-center\"><strong>Retrouvez le compte-rendu du rassemblement de Gentioux avec l\u2019int\u00e9gralit\u00e9 des discours prononc\u00e9s, et un article contenant le texte du projet de loi pour la r\u00e9habilitation collective des fusill\u00e9s pour l\u2019exemple <a href=\"http:\/\/www.amis-monuments-gentioux-la-courtine.fr\/\" target=\"_blank\" rel=\"noreferrer noopener\">sur le site du CLAMMG<\/a>.<\/strong><\/p>\n\n\n\n<p><strong>Retrouvez les discours des repr\u00e9sentants des associations sur le <a href=\"http:\/\/www.amis-monuments-gentioux-la-courtine.fr\/2021\/11\/14\/11-novembre-2021-34eme-rassemblement-pacifiste-de-gentioux-un-beau-succes\/\" target=\"_blank\" rel=\"noreferrer noopener\">site des Amis du Monument aux Morts pacifiste de Gentioux<\/a><\/strong><\/p>\n\n\n\n<p><\/p>\n\n\n\n<p><\/p>\n","protected":false},"excerpt":{"rendered":"<p>11 novembre sur le plateau&nbsp;: rassemblement pacifiste de Gentioux Nous \u00e9tions huit de Dordogne pr\u00e9sents derri\u00e8re la banderole du Groupe Fred Zeller, au 34\u00e8me rassemblement pacifiste de Gentioux, en Creuse, appel\u00e9 par le Comit\u00e9 La\u00efque des Amis du Monument aux Morts de Gentioux (CLAMMG). La m\u00e9t\u00e9o \u00e9tait cl\u00e9mente sur le plateau de Millevaches o\u00f9 l\u2019orphelin &hellip; <a href=\"https:\/\/www.lpdordogne.fr\/?p=2723\" class=\"more-link\">Continuer la lecture<span class=\"screen-reader-text\"> de &laquo;&nbsp;Le groupe Fred Zeller pr\u00e9sent \u00e0 Gentioux le 11 novembre&nbsp;&raquo;<\/span><\/a><\/p>\n","protected":false},"author":2,"featured_media":0,"comment_status":"closed","ping_status":"open","sticky":false,"template":"","format":"standard","meta":{"footnotes":""},"categories":[16],"tags":[],"class_list":["post-2723","post","type-post","status-publish","format-standard","hentry","category-pacifisme-antimilitarisme"],"_links":{"self":[{"href":"https:\/\/www.lpdordogne.fr\/index.php?rest_route=\/wp\/v2\/posts\/2723","targetHints":{"allow":["GET"]}}],"collection":[{"href":"https:\/\/www.lpdordogne.fr\/index.php?rest_route=\/wp\/v2\/posts"}],"about":[{"href":"https:\/\/www.lpdordogne.fr\/index.php?rest_route=\/wp\/v2\/types\/post"}],"author":[{"embeddable":true,"href":"https:\/\/www.lpdordogne.fr\/index.php?rest_route=\/wp\/v2\/users\/2"}],"replies":[{"embeddable":true,"href":"https:\/\/www.lpdordogne.fr\/index.php?rest_route=%2Fwp%2Fv2%2Fcomments&post=2723"}],"version-history":[{"count":0,"href":"https:\/\/www.lpdordogne.fr\/index.php?rest_route=\/wp\/v2\/posts\/2723\/revisions"}],"wp:attachment":[{"href":"https:\/\/www.lpdordogne.fr\/index.php?rest_route=%2Fwp%2Fv2%2Fmedia&parent=2723"}],"wp:term":[{"taxonomy":"category","embeddable":true,"href":"https:\/\/www.lpdordogne.fr\/index.php?rest_route=%2Fwp%2Fv2%2Fcategories&post=2723"},{"taxonomy":"post_tag","embeddable":true,"href":"https:\/\/www.lpdordogne.fr\/index.php?rest_route=%2Fwp%2Fv2%2Ftags&post=2723"}],"curies":[{"name":"wp","href":"https:\/\/api.w.org\/{rel}","templated":true}]}}