{"id":2555,"date":"2021-01-11T23:25:00","date_gmt":"2021-01-11T22:25:00","guid":{"rendered":"https:\/\/lpdordogne.wordpress.com\/?p=2555"},"modified":"2021-01-11T23:25:00","modified_gmt":"2021-01-11T22:25:00","slug":"le-groupe-fred-zeller-accueille-jean-marc-schiappa-sur-rlp","status":"publish","type":"post","link":"https:\/\/www.lpdordogne.fr\/?p=2555","title":{"rendered":"Le groupe Fred Zeller accueille Jean-Marc Schiappa sur RLP"},"content":{"rendered":"<p>[mixcloud https:\/\/www.mixcloud.com\/jlbagault\/sur-radios-libres-en-perigord-le-groupe-fred-zeller-accueille-j-m-schiappapresident-de-lirelp\/ width=100% height=120 hide_cover=1]<\/p>\n\n\n\n<p class=\"has-text-align-justify\">\u00ab\u00a0La Libre Pens\u00e9e est une organisation anti-dogmatique. (\u2026) Nous sommes actuellement confront\u00e9s \u00e0 un probl\u00e8me majeur : ce gouvernement (\u2026) nous somme de lui faire confiance ; il y aurait un dogme, il y a un dogme \u00ab\u00a0faites-nous confiance, on va vous sauver\u00a0\u00bb (\u2026.) mais comment faire confiance \u00e0 un gouvernement qui change d&rsquo;avis \u00e0 peu pr\u00e8s toutes les semaines\u00a0\u00bb<\/p>\n\n\n\n<p>\u00ab\u00a0Le but de l&rsquo;IRELP, c&rsquo;est de mettre nos moyens (&#8230;), nos archives, notre biblioth\u00e8que \u00e0 la disposition de tous ceux qui en ont besoin\u00a0\u00bb<\/p>\n\n\n\n<p class=\"has-text-align-justify\">\u00ab\u00a02021, c&rsquo;est le 150\u00e8me anniversaire de la Commune de Paris. (&#8230;) \u00e9v\u00e8nement majeur dans l&rsquo;histoire de la Libre Pens\u00e9e ; le nombre de libre-penseurs qui ont \u00e9t\u00e9 impliqu\u00e9s (&#8230;), qui ont \u00e9t\u00e9 fusill\u00e9s, est consid\u00e9rable\u00a0\u00bb. (&#8230;) Il s&rsquo;agit des relations entre la\u00efcit\u00e9, \u00e9mancipation, Commune de Paris, Libre Pens\u00e9e.\u00a0\u00bb<\/p>\n\n\n\n<p class=\"has-text-align-justify\">\u00ab\u00a0Le 3 avril 1871, la Commune de Paris a proclam\u00e9 un d\u00e9cret de s\u00e9paration des Eglises et de l&rsquo;Etat (&#8230;) qui, pour moi, est le 1er acte l\u00e9gislatif de proclamation de la la\u00efcit\u00e9. Pourquoi ? parce qu&rsquo;il explique que la 1\u00e8re des libert\u00e9s, c&rsquo;est la libert\u00e9 de conscience ; c&rsquo;est la formule qu&rsquo;on va retrouver dans la loi de 1905\u00a0\u00bb<\/p>\n\n\n\n<p>\u00ab\u00a0La s\u00e9paration des Eglises et de l&rsquo;Etat ne peut exister qu&rsquo;avec un mouvement de masse\u00a0\u00bb<\/p>\n\n\n\n<p><\/p>\n","protected":false},"excerpt":{"rendered":"<p>\u00ab\u00a0La Libre Pens\u00e9e est une organisation anti-dogmatique. (\u2026) Nous sommes actuellement confront\u00e9s \u00e0 un probl\u00e8me majeur : ce gouvernement (\u2026) nous somme de lui faire confiance ; il y aurait un dogme, il y a un dogme \u00ab\u00a0faites-nous confiance, on va vous sauver\u00a0\u00bb (\u2026.) mais comment faire confiance \u00e0 un gouvernement qui change d&rsquo;avis \u00e0 &hellip; <a href=\"https:\/\/www.lpdordogne.fr\/?p=2555\" class=\"more-link\">Continuer la lecture<span class=\"screen-reader-text\"> de &laquo;&nbsp;Le groupe Fred Zeller accueille Jean-Marc Schiappa sur RLP&nbsp;&raquo;<\/span><\/a><\/p>\n","protected":false},"author":2,"featured_media":0,"comment_status":"closed","ping_status":"open","sticky":false,"template":"","format":"standard","meta":{"footnotes":""},"categories":[20],"tags":[],"class_list":["post-2555","post","type-post","status-publish","format-standard","hentry","category-rlp"],"_links":{"self":[{"href":"https:\/\/www.lpdordogne.fr\/index.php?rest_route=\/wp\/v2\/posts\/2555","targetHints":{"allow":["GET"]}}],"collection":[{"href":"https:\/\/www.lpdordogne.fr\/index.php?rest_route=\/wp\/v2\/posts"}],"about":[{"href":"https:\/\/www.lpdordogne.fr\/index.php?rest_route=\/wp\/v2\/types\/post"}],"author":[{"embeddable":true,"href":"https:\/\/www.lpdordogne.fr\/index.php?rest_route=\/wp\/v2\/users\/2"}],"replies":[{"embeddable":true,"href":"https:\/\/www.lpdordogne.fr\/index.php?rest_route=%2Fwp%2Fv2%2Fcomments&post=2555"}],"version-history":[{"count":0,"href":"https:\/\/www.lpdordogne.fr\/index.php?rest_route=\/wp\/v2\/posts\/2555\/revisions"}],"wp:attachment":[{"href":"https:\/\/www.lpdordogne.fr\/index.php?rest_route=%2Fwp%2Fv2%2Fmedia&parent=2555"}],"wp:term":[{"taxonomy":"category","embeddable":true,"href":"https:\/\/www.lpdordogne.fr\/index.php?rest_route=%2Fwp%2Fv2%2Fcategories&post=2555"},{"taxonomy":"post_tag","embeddable":true,"href":"https:\/\/www.lpdordogne.fr\/index.php?rest_route=%2Fwp%2Fv2%2Ftags&post=2555"}],"curies":[{"name":"wp","href":"https:\/\/api.w.org\/{rel}","templated":true}]}}