{"id":248,"date":"2014-11-17T00:24:46","date_gmt":"2014-11-16T23:24:46","guid":{"rendered":"https:\/\/lpdordogne.wordpress.com\/?p=248"},"modified":"2014-11-17T00:24:46","modified_gmt":"2014-11-16T23:24:46","slug":"11-novembre-2014-120-rassemblements-et-initiatives-dans-toute-la-france-pour-la-rehabilitation-collective-des-fusilles-pour-lexemple","status":"publish","type":"post","link":"https:\/\/www.lpdordogne.fr\/?p=248","title":{"rendered":"11 novembre 2014 : 120 rassemblements et initiatives dans toute la France pour la r\u00e9habilitation collective des Fusill\u00e9s pour l&rsquo;exemple"},"content":{"rendered":"<h2>Dans toute la France, de nombreux rassemblements et initiatives<\/h2>\n<p style=\"text-align:justify;\">Dans la quasi-totalit\u00e9 des d\u00e9partements diverses initiatives ont \u00e9t\u00e9 prises par les f\u00e9d\u00e9rations et groupes de la FNLP pour la r\u00e9habilitation collective des Fusill\u00e9s pour l&rsquo;exemple.<\/p>\n<p style=\"text-align:justify;\">Le d\u00e9tail de ces rassemblements et initiatives est pr\u00e9sent\u00e9 dans un <a title=\"rassemblements du 11 novembre 2014\" href=\"http:\/\/www.fnlp.fr\/spip.php?article1147\" target=\"_blank\" rel=\"noopener\">article<\/a> sur le site de la FNLP.<\/p>\n<p style=\"text-align:justify;\">Un <a title=\"discours 11 novembre 2014\" href=\"https:\/\/www.lpdordogne.fr\/wp-content\/uploads\/2015\/02\/discours-11-novembre-2014.pdf\" target=\"_blank\" rel=\"noopener\">discours<\/a>, pr\u00e9par\u00e9 par la FLP, a \u00e9t\u00e9 lu dans chacun de ces rassemblements.<\/p>\n<h2>Les Libre-Penseurs de Dordogne, Groupe Fred Zeller, a, pour sa part :<\/h2>\n<ul>\n<li style=\"text-align:justify;\"><a href=\"https:\/\/www.lpdordogne.fr\/wp-content\/uploads\/2015\/02\/gentioux.jpg\"><img loading=\"lazy\" decoding=\"async\" class=\"alignright wp-image-249 size-full\" src=\"https:\/\/www.lpdordogne.fr\/wp-content\/uploads\/2015\/02\/gentioux.jpg\" alt=\"gentioux\" width=\"150\" height=\"100\" \/><\/a>particip\u00e9 au rassemblement pacifiste de Gentioux (Creuse), autour du c\u00e9l\u00e8bre monument<\/li>\n<li style=\"text-align:justify;\">tenu une conf\u00e9rence, le\u00a0vendredi 14 novembre, \u00e0 Coulounieix Chamiers. \u00a0Devant un public attentif, J-Jacques Bri\u00e8re de l&rsquo;Isle a pr\u00e9sent\u00e9 un expos\u00e9 tr\u00e8s complet\u00a0sur l&rsquo;histoire m\u00e9connue du soviet de La Courtine. La conf\u00e9rence s&rsquo;est prolong\u00e9e avec la projection du film de P. Le Gall sur cet \u00e9v\u00e9nement historique. Avec ce m\u00eame sujet pour toile de fond et cadre historique, Michel Sidoroff a \u00e9crit et r\u00e9alis\u00e9 une tr\u00e8s belle pi\u00e8ce radiophonique diffus\u00e9e le 18 janvier 2014 sur France Culture et qu&rsquo;il est toujours\u00a0possible de r\u00e9-\u00e9couter ==&gt; <a title=\"un homme dans la br\u00e8che\" href=\"http:\/\/www.franceculture.fr\/emission-fictions-droles-de-drames-un-homme-dans-la-breche-2014-01-18\" target=\"_blank\" rel=\"noopener\">cliquez ici<\/a> .<\/li>\n<\/ul>\n","protected":false},"excerpt":{"rendered":"<p>Dans toute la France, de nombreux rassemblements et initiatives Dans la quasi-totalit\u00e9 des d\u00e9partements diverses initiatives ont \u00e9t\u00e9 prises par les f\u00e9d\u00e9rations et groupes de la FNLP pour la r\u00e9habilitation collective des Fusill\u00e9s pour l&rsquo;exemple. Le d\u00e9tail de ces rassemblements et initiatives est pr\u00e9sent\u00e9 dans un article sur le site de la FNLP. Un discours, &hellip; <a href=\"https:\/\/www.lpdordogne.fr\/?p=248\" class=\"more-link\">Continuer la lecture<span class=\"screen-reader-text\"> de &laquo;&nbsp;11 novembre 2014 : 120 rassemblements et initiatives dans toute la France pour la r\u00e9habilitation collective des Fusill\u00e9s pour l&rsquo;exemple&nbsp;&raquo;<\/span><\/a><\/p>\n","protected":false},"author":2,"featured_media":0,"comment_status":"closed","ping_status":"open","sticky":false,"template":"","format":"standard","meta":{"footnotes":""},"categories":[9],"tags":[],"class_list":["post-248","post","type-post","status-publish","format-standard","hentry","category-fusilles-pour-lexemple"],"_links":{"self":[{"href":"https:\/\/www.lpdordogne.fr\/index.php?rest_route=\/wp\/v2\/posts\/248","targetHints":{"allow":["GET"]}}],"collection":[{"href":"https:\/\/www.lpdordogne.fr\/index.php?rest_route=\/wp\/v2\/posts"}],"about":[{"href":"https:\/\/www.lpdordogne.fr\/index.php?rest_route=\/wp\/v2\/types\/post"}],"author":[{"embeddable":true,"href":"https:\/\/www.lpdordogne.fr\/index.php?rest_route=\/wp\/v2\/users\/2"}],"replies":[{"embeddable":true,"href":"https:\/\/www.lpdordogne.fr\/index.php?rest_route=%2Fwp%2Fv2%2Fcomments&post=248"}],"version-history":[{"count":0,"href":"https:\/\/www.lpdordogne.fr\/index.php?rest_route=\/wp\/v2\/posts\/248\/revisions"}],"wp:attachment":[{"href":"https:\/\/www.lpdordogne.fr\/index.php?rest_route=%2Fwp%2Fv2%2Fmedia&parent=248"}],"wp:term":[{"taxonomy":"category","embeddable":true,"href":"https:\/\/www.lpdordogne.fr\/index.php?rest_route=%2Fwp%2Fv2%2Fcategories&post=248"},{"taxonomy":"post_tag","embeddable":true,"href":"https:\/\/www.lpdordogne.fr\/index.php?rest_route=%2Fwp%2Fv2%2Ftags&post=248"}],"curies":[{"name":"wp","href":"https:\/\/api.w.org\/{rel}","templated":true}]}}