{"id":2314,"date":"2019-07-08T09:04:03","date_gmt":"2019-07-08T08:04:03","guid":{"rendered":"https:\/\/lpdordogne.wordpress.com\/?p=2314"},"modified":"2024-12-23T21:34:04","modified_gmt":"2024-12-23T21:34:04","slug":"parution-de-la-raison-n-643","status":"publish","type":"post","link":"https:\/\/www.lpdordogne.fr\/?p=2314","title":{"rendered":"Parution de \u00ab\u00a0La Raison\u00a0\u00bb N\u00b0 643"},"content":{"rendered":"<h3><a href=\"https:\/\/www.fnlp.fr\/news\/569\/17\/La-Raison-n-634-Septembre-chez-nos-abonnes\/d,lp_detail.html\" target=\"_blank\" rel=\"noopener noreferrer\"><img loading=\"lazy\" decoding=\"async\" class=\"alignleft wp-image-2315 size-thumbnail\" src=\"https:\/\/www.lpdordogne.fr\/wp-content\/uploads\/2019\/07\/couv643.jpg?w=106\" alt=\"\" width=\"106\" height=\"150\" srcset=\"https:\/\/www.lpdordogne.fr\/wp-content\/uploads\/2019\/07\/couv643.jpg 550w, https:\/\/www.lpdordogne.fr\/wp-content\/uploads\/2019\/07\/couv643-212x300.jpg 212w\" sizes=\"auto, (max-width: 106px) 85vw, 106px\" \/><\/a><\/h3>\n<h2>L\u2019Editorial du pr\u00e9sident<\/h2>\n<h3>\u00ab Varia sed magna \u00bb<\/h3>\n<h4><strong><em>(divers mais importants)<\/em><\/strong><\/h4>\n<p>\u00a0<\/p>\n<h1><img loading=\"lazy\" decoding=\"async\" class=\"alignleft size-thumbnail wp-image-1731\" src=\"https:\/\/www.lpdordogne.fr\/wp-content\/uploads\/2016\/11\/ob_0ef09e_jean-sebastien-pierre-libre-pensee-im.jpg?w=133\" alt=\"ob_0ef09e_jean-sebastien-pierre-libre-pensee-im\" width=\"133\" height=\"150\" srcset=\"https:\/\/www.lpdordogne.fr\/wp-content\/uploads\/2016\/11\/ob_0ef09e_jean-sebastien-pierre-libre-pensee-im.jpg 511w, https:\/\/www.lpdordogne.fr\/wp-content\/uploads\/2016\/11\/ob_0ef09e_jean-sebastien-pierre-libre-pensee-im-266x300.jpg 266w\" sizes=\"auto, (max-width: 133px) 85vw, 133px\" \/><\/h1>\n<p>Je souhaite de bonnes vacances \u00e0 nos lecteurs, qu\u2019ils les prennent en Messidor, mois des moissons ou en Thermidor, mois des chaleurs. La r\u00e8gle commune des \u00e9ditoriaux est de se saisir du sujet le plus br\u00fblant de la revue et d\u2019y consacrer l\u2019essentiel de la page, mais dans ce num\u00e9ro double, plusieurs th\u00e8mes d\u2019importance m\u00e9ritent d\u2019\u00eatre relev\u00e9s.<\/p>\n<p>Tout d\u2019abord, la pr\u00e9occupation centrale qui fut la n\u00f4tre, des rumeurs, des d\u00e9mentis et autres assurances non tenues autour d\u2019une possible r\u00e9vision de la loi de S\u00e9paration des Eglises et de l\u2019\u00c9tat. Nos lecteurs se souviennent de la r\u00e9union tenue par le ministre de l\u2019Int\u00e9rieur Christophe Castaner, au cours de laquelle il avait affirm\u00e9 que nul projet de loi n\u2019\u00e9tait en cours. Il avait assur\u00e9 les participants que si un tel projet devait voir le jour chacun d\u2019entre eux en serait avis\u00e9. Quelques semaines apr\u00e8s, nous apprenions qu\u2019un tel projet avait \u00e9t\u00e9 remis aux repr\u00e9sentants des cultes, puis aux ob\u00e9diences ma\u00e7onniques, et pas aux organisations la\u00efques, la Libre Pens\u00e9e en particulier, pourtant pr\u00e9sentes place Beauvau. D\u2019o\u00f9 notre protestation en direction du minist\u00e8re de l\u2019Int\u00e9rieur et du gouvernement. Vous verrez la r\u00e9ponse du ministre Castaner en page 26 de ce num\u00e9ro. Ce dernier se \u00ab justifie \u00bb en affirmant avoir fait preuve de transparence, puisqu\u2019il a fourni le document\u2026 \u00e0 tous ceux avec qui il lui a plu d\u2019en discuter ! Cependant, nous avons pu en prendre connaissance, et il n\u2019est pas de nature \u00e0 dissiper nos inqui\u00e9tudes, comme vous pourrez le constater dans nos pages consacr\u00e9es \u00e0 la loi de 1905. Quant au gouvernement et \u00e0 sa pr\u00e9sidence, leur bo\u00eete aux lettres est un puits sans fond. M\u00eame en tendant l\u2019oreille vous n\u2019entendrez jamais l\u2019impact de votre missive au bas du conduit.<\/p>\n<p>A c\u00f4t\u00e9 de cela, mais pas ind\u00e9pendamment, nous revenons sur l\u2019escroquerie lourde de cons\u00e9quences de la \u00ab la\u00efcit\u00e9 dans l\u2019entreprise \u00bb. L\u2019aveu, dont il est question en page 22, n\u2019est pas celui d\u2019Artur London, mais celui, non extorqu\u00e9, de Monsieur Petithuguenin, PDG de Paprec, repr\u00e9sent\u00e9 par son directeur des relations institutionnelles Monsieur Fanartzis, dans un colloque du Centre d&rsquo;\u00e9tude du fait religieux contemporain, auquel la Libre Pens\u00e9e \u00e9tait invit\u00e9e. On sait le r\u00f4le jou\u00e9 par Petithuguenin auteur de la restrictive \u00ab charte de la la\u00efcit\u00e9 dans l\u2019entreprise \u00bb dans l\u2019\u00e9laboration de la loi El Khomri. On se souvient de ses consignes de vote, ou plut\u00f4t de non vote pour Mme Le Pen lors des derni\u00e8res pr\u00e9sidentielles. Comme l\u2019\u00e9crit David Gozlan dans nos colonnes \u00ab donner des consignes de vote \u00e0 ses salari\u00e9s, c\u2019est retourner au XIXe si\u00e8cle o\u00f9 le patron emmenait ses salari\u00e9s \u00e0 la messe. Il s\u2019agit ni plus ni moins de la confiscation de la libert\u00e9 d\u2019expression, de la n\u00e9gation de la libert\u00e9 de conscience \u00bb. Et Monsieur Fanarzis avoue. Mieux, il confirme ! Au passage, il \u00ab balance \u00bb \u00e9galement : l\u2019article liberticide de la loi Travail r\u00e9sulte d\u2019un long travail d\u2019\u00e9laboration avec le s\u00e9nateur Glavany, la s\u00e9natrice Laborde, et des organisations \u00ab la\u00efques \u00bb choisies : l\u2019UFAL, EGALE&#8230; mais je ne vais pas d\u00e9florer outre mesure notre article pr\u00e9cis et d\u00e9taill\u00e9 sur cette int\u00e9ressante journ\u00e9e.<\/p>\n<p>Il n\u2019emp\u00eache que la loi El Khomri, avec son article soutenant la \u00ab neutralit\u00e9 \u00bb dans l\u2019entreprise subit \u00e9checs sur \u00e9checs au plan juridique national et international. C\u2019est donc tout naturellement que vous pourrez poursuivre votre lecture avec notre page 30 intitul\u00e9e \u00ab une nouvelle torpille \u00bb. Fruit de la x\u00e9nophobie antimusulmane, chacune de ses applications discriminatoires tombe sous le coup d\u2019articles plus fondamentaux du Droit. Nous n\u2019allons pas nous en plaindre.<\/p>\n<p>Je termine cet \u00e9ditorial par une nouvelle irlandaise. L\u2019horrible affaire du couvent de Tuam fait l\u2019objet de nouvelles r\u00e9v\u00e9lations comme vous le verrez dans notre rubrique \u00ab Ainsi va le monde \u00bb. Le rapport interm\u00e9diaire de la Commission d\u2019Enqu\u00eate sur les orphelinats catholiques vient d\u2019\u00eatre publi\u00e9 par le ministre de l\u2019Enfance de la r\u00e9publique d\u2019Irlande. Il est terrifiant. Au passage, la Libre Pens\u00e9e a d\u00e9couvert une autre bo\u00eete aux lettres sans fond : celle du Vatican qui n\u2019a jamais r\u00e9pondu \u00e0 aucune des interrogations sur sa responsabilit\u00e9 quant \u00e0 la gestion de ce couvent de l\u2019horreur. Notre rubrique sciences donnera peut-\u00eatre un jour la parole \u00e0 quelque g\u00e9ologue comp\u00e9tent pour expliquer la multiplication de ces gouffres insondables.<\/p>\n<p><strong>Jean-S\u00e9bastien Pierre, Pr\u00e9sident de la Libre Pens\u00e9e<\/strong><\/p>\n<p>\u00a0<\/p>\n<p style=\"text-align: justify;\"><a href=\"https:\/\/www.fnlp.fr\/news\/569\/17\/La-Raison-n-634-Septembre-chez-nos-abonnes\/d,lp_detail.html\" target=\"_blank\" rel=\"noopener noreferrer\"><img loading=\"lazy\" decoding=\"async\" class=\"alignleft wp-image-2316 size-thumbnail\" src=\"https:\/\/www.lpdordogne.fr\/wp-content\/uploads\/2019\/07\/sommaire643.jpg?w=150\" alt=\"\" width=\"150\" height=\"93\" srcset=\"https:\/\/www.lpdordogne.fr\/wp-content\/uploads\/2019\/07\/sommaire643.jpg 550w, https:\/\/www.lpdordogne.fr\/wp-content\/uploads\/2019\/07\/sommaire643-300x187.jpg 300w\" sizes=\"auto, (max-width: 150px) 85vw, 150px\" \/><\/a><\/p>\n<p style=\"text-align: justify;\">pour vous procurer ce N\u00b0 de <em>La Raison<\/em>, contactez le groupe Fred Zeller en utilisant ce formulaire :<\/p>\n<p>\u00a0<\/p>\n\n\n<div class=\"wpcf7 no-js\" id=\"wpcf7-f3158-o1\" lang=\"fr-FR\" dir=\"ltr\" data-wpcf7-id=\"3158\">\n<div class=\"screen-reader-response\"><p role=\"status\" aria-live=\"polite\" aria-atomic=\"true\"><\/p> <ul><\/ul><\/div>\n<form action=\"\/index.php?rest_route=%2Fwp%2Fv2%2Fposts%2F2314#wpcf7-f3158-o1\" method=\"post\" class=\"wpcf7-form init\" aria-label=\"Formulaire de contact\" novalidate=\"novalidate\" data-status=\"init\">\n<fieldset class=\"hidden-fields-container\"><input type=\"hidden\" name=\"_wpcf7\" value=\"3158\" \/><input type=\"hidden\" name=\"_wpcf7_version\" value=\"6.1.5\" \/><input type=\"hidden\" name=\"_wpcf7_locale\" value=\"fr_FR\" \/><input type=\"hidden\" name=\"_wpcf7_unit_tag\" value=\"wpcf7-f3158-o1\" \/><input type=\"hidden\" name=\"_wpcf7_container_post\" value=\"0\" \/><input type=\"hidden\" name=\"_wpcf7_posted_data_hash\" value=\"\" \/>\n<\/fieldset>\n<p><label> Votre nom<br \/>\n<span class=\"wpcf7-form-control-wrap\" data-name=\"your-name\"><input size=\"40\" maxlength=\"400\" class=\"wpcf7-form-control wpcf7-text wpcf7-validates-as-required\" autocomplete=\"name\" aria-required=\"true\" aria-invalid=\"false\" value=\"\" type=\"text\" name=\"your-name\" \/><\/span> <\/label>\n<\/p>\n<p><label> Votre e-mail<br \/>\n<span class=\"wpcf7-form-control-wrap\" data-name=\"your-email\"><input size=\"40\" maxlength=\"400\" class=\"wpcf7-form-control wpcf7-email wpcf7-validates-as-required wpcf7-text wpcf7-validates-as-email\" autocomplete=\"email\" aria-required=\"true\" aria-invalid=\"false\" value=\"\" type=\"email\" name=\"your-email\" \/><\/span> <\/label>\n<\/p>\n<p><label> Votre message (facultatif)<br \/>\n<span class=\"wpcf7-form-control-wrap\" data-name=\"your-message\"><textarea cols=\"40\" rows=\"10\" maxlength=\"2000\" class=\"wpcf7-form-control wpcf7-textarea\" aria-invalid=\"false\" name=\"your-message\"><\/textarea><\/span> <\/label>\n<\/p>\n<p><input class=\"wpcf7-form-control wpcf7-submit has-spinner\" type=\"submit\" value=\"Envoyer\" \/>\n<\/p><input type='hidden' class='wpcf7-pum' value='{\"closepopup\":false,\"closedelay\":0,\"openpopup\":false,\"openpopup_id\":0}' \/><div class=\"wpcf7-response-output\" aria-hidden=\"true\"><\/div>\n<\/form>\n<\/div>\n\n","protected":false},"excerpt":{"rendered":"<p>L\u2019Editorial du pr\u00e9sident \u00ab Varia sed magna \u00bb (divers mais importants) \u00a0 Je souhaite de bonnes vacances \u00e0 nos lecteurs, qu\u2019ils les prennent en Messidor, mois des moissons ou en Thermidor, mois des chaleurs. La r\u00e8gle commune des \u00e9ditoriaux est de se saisir du sujet le plus br\u00fblant de la revue et d\u2019y consacrer l\u2019essentiel &hellip; <a href=\"https:\/\/www.lpdordogne.fr\/?p=2314\" class=\"more-link\">Continuer la lecture<span class=\"screen-reader-text\"> de &laquo;&nbsp;Parution de \u00ab\u00a0La Raison\u00a0\u00bb N\u00b0 643&nbsp;&raquo;<\/span><\/a><\/p>\n","protected":false},"author":2,"featured_media":0,"comment_status":"closed","ping_status":"open","sticky":false,"template":"","format":"standard","meta":{"footnotes":""},"categories":[25],"tags":[],"class_list":["post-2314","post","type-post","status-publish","format-standard","hentry","category-la-raison"],"_links":{"self":[{"href":"https:\/\/www.lpdordogne.fr\/index.php?rest_route=\/wp\/v2\/posts\/2314","targetHints":{"allow":["GET"]}}],"collection":[{"href":"https:\/\/www.lpdordogne.fr\/index.php?rest_route=\/wp\/v2\/posts"}],"about":[{"href":"https:\/\/www.lpdordogne.fr\/index.php?rest_route=\/wp\/v2\/types\/post"}],"author":[{"embeddable":true,"href":"https:\/\/www.lpdordogne.fr\/index.php?rest_route=\/wp\/v2\/users\/2"}],"replies":[{"embeddable":true,"href":"https:\/\/www.lpdordogne.fr\/index.php?rest_route=%2Fwp%2Fv2%2Fcomments&post=2314"}],"version-history":[{"count":1,"href":"https:\/\/www.lpdordogne.fr\/index.php?rest_route=\/wp\/v2\/posts\/2314\/revisions"}],"predecessor-version":[{"id":3807,"href":"https:\/\/www.lpdordogne.fr\/index.php?rest_route=\/wp\/v2\/posts\/2314\/revisions\/3807"}],"wp:attachment":[{"href":"https:\/\/www.lpdordogne.fr\/index.php?rest_route=%2Fwp%2Fv2%2Fmedia&parent=2314"}],"wp:term":[{"taxonomy":"category","embeddable":true,"href":"https:\/\/www.lpdordogne.fr\/index.php?rest_route=%2Fwp%2Fv2%2Fcategories&post=2314"},{"taxonomy":"post_tag","embeddable":true,"href":"https:\/\/www.lpdordogne.fr\/index.php?rest_route=%2Fwp%2Fv2%2Ftags&post=2314"}],"curies":[{"name":"wp","href":"https:\/\/api.w.org\/{rel}","templated":true}]}}