{"id":229,"date":"2015-01-22T22:23:35","date_gmt":"2015-01-22T21:23:35","guid":{"rendered":"https:\/\/lpdordogne.wordpress.com\/?p=229"},"modified":"2015-01-22T22:23:35","modified_gmt":"2015-01-22T21:23:35","slug":"succes-de-la-conference-art-et-religion","status":"publish","type":"post","link":"https:\/\/www.lpdordogne.fr\/?p=229","title":{"rendered":"Succ\u00e8s de la conf\u00e9rence \u00ab\u00a0Art et religion\u00a0\u00bb"},"content":{"rendered":"<p style=\"text-align:justify;\">Organis\u00e9e par le Groupe Fred Zeller, Libre-Penseurs de Dordogne, la conf\u00e9rence \u00ab\u00a0Art et religion\u00a0\u00bb s&rsquo;est tenue mercredi 21 janvier, salle Montaigne \u00e0 P\u00e9rigueux, en pr\u00e9sence d&rsquo;un public tr\u00e8s attentif.<!--more--><\/p>\n<p style=\"text-align:justify;\">Les adh\u00e9rents du\u00a0Groupe Fred Zeller avaient, le matin m\u00eame, tenu leur assembl\u00e9e g\u00e9n\u00e9rale que le maire de P\u00e9rigueux, repr\u00e9sent\u00e9 par son adjoint responsable du secteur associatif, avait tenu \u00e0 saluer. Il a \u00e9galement souhait\u00e9 le meilleur d\u00e9roulement de la conf\u00e9rence.<\/p>\n<p style=\"text-align:justify;\"><a href=\"https:\/\/www.lpdordogne.fr\/wp-content\/uploads\/2015\/01\/article-dl-21janvier2015.pdf\"><img loading=\"lazy\" decoding=\"async\" class=\"alignleft wp-image-231\" src=\"https:\/\/www.lpdordogne.fr\/wp-content\/uploads\/2015\/01\/article-dl-21janvier2015.jpg?w=189\" alt=\"article-DL-21janvier2015\" width=\"170\" height=\"269\" srcset=\"https:\/\/www.lpdordogne.fr\/wp-content\/uploads\/2015\/01\/article-dl-21janvier2015.jpg 800w, https:\/\/www.lpdordogne.fr\/wp-content\/uploads\/2015\/01\/article-dl-21janvier2015-189x300.jpg 189w, https:\/\/www.lpdordogne.fr\/wp-content\/uploads\/2015\/01\/article-dl-21janvier2015-647x1024.jpg 647w, https:\/\/www.lpdordogne.fr\/wp-content\/uploads\/2015\/01\/article-dl-21janvier2015-768x1216.jpg 768w\" sizes=\"auto, (max-width: 170px) 85vw, 170px\" \/><\/a>La presse locale avait \u00e9t\u00e9 inform\u00e9e de la tenue de cette conf\u00e9rence. Juste avant la conf\u00e9rence, une journaliste du journal local <em>La Dordogne libre<\/em> est venue interviewer le conf\u00e9rencier, David Gozlan, secr\u00e9taire g\u00e9n\u00e9ral de la FNLP. L&rsquo;\u00e9dition de <em>La Dordogne libre,<\/em>\u00a0en date du jeudi 22 janvier, publie cette interview et rend compte de la conf\u00e9rence dans un article dont\u00a0vous pouvez prendre connaissance <a href=\"https:\/\/www.lpdordogne.fr\/wp-content\/uploads\/2015\/01\/article-dl-21janvier2015.pdf\" target=\"_blank\" rel=\"noopener\">en cliquant ici<\/a>.<\/p>\n<p style=\"text-align:justify;\">S&rsquo;appuyant sur de nombreuses photographies, pointant des d\u00e9tails particuliers et r\u00e9v\u00e9lateurs, mettant en \u00e9vidence des \u00e9l\u00e9ments troublants de plusieurs oeuvres artistiques, David Gozlan a suscit\u00e9 les interrogations sur le caract\u00e8re strictement religieux de ces oeuvres,\u00a0et m\u00eame, pour certaines, un sens profond\u00e9ment diff\u00e9rent. De nombreux participants sont intervenus dans un d\u00e9bat riche, et David a apport\u00e9 des \u00e9l\u00e9ments de r\u00e9ponse en utilisant une documentation fournie.<\/p>\n<p style=\"text-align:justify;\">Nul doute que chaque participant ne regardera plus de la m\u00eame fa\u00e7on les tableaux, sculptures, monuments dont les photos ont \u00e9tay\u00e9 les propos de David Gozlan!<\/p>\n","protected":false},"excerpt":{"rendered":"<p>Organis\u00e9e par le Groupe Fred Zeller, Libre-Penseurs de Dordogne, la conf\u00e9rence \u00ab\u00a0Art et religion\u00a0\u00bb s&rsquo;est tenue mercredi 21 janvier, salle Montaigne \u00e0 P\u00e9rigueux, en pr\u00e9sence d&rsquo;un public tr\u00e8s attentif.<\/p>\n","protected":false},"author":2,"featured_media":0,"comment_status":"closed","ping_status":"open","sticky":false,"template":"","format":"standard","meta":{"footnotes":""},"categories":[5],"tags":[],"class_list":["post-229","post","type-post","status-publish","format-standard","hentry","category-conferences"],"_links":{"self":[{"href":"https:\/\/www.lpdordogne.fr\/index.php?rest_route=\/wp\/v2\/posts\/229","targetHints":{"allow":["GET"]}}],"collection":[{"href":"https:\/\/www.lpdordogne.fr\/index.php?rest_route=\/wp\/v2\/posts"}],"about":[{"href":"https:\/\/www.lpdordogne.fr\/index.php?rest_route=\/wp\/v2\/types\/post"}],"author":[{"embeddable":true,"href":"https:\/\/www.lpdordogne.fr\/index.php?rest_route=\/wp\/v2\/users\/2"}],"replies":[{"embeddable":true,"href":"https:\/\/www.lpdordogne.fr\/index.php?rest_route=%2Fwp%2Fv2%2Fcomments&post=229"}],"version-history":[{"count":0,"href":"https:\/\/www.lpdordogne.fr\/index.php?rest_route=\/wp\/v2\/posts\/229\/revisions"}],"wp:attachment":[{"href":"https:\/\/www.lpdordogne.fr\/index.php?rest_route=%2Fwp%2Fv2%2Fmedia&parent=229"}],"wp:term":[{"taxonomy":"category","embeddable":true,"href":"https:\/\/www.lpdordogne.fr\/index.php?rest_route=%2Fwp%2Fv2%2Fcategories&post=229"},{"taxonomy":"post_tag","embeddable":true,"href":"https:\/\/www.lpdordogne.fr\/index.php?rest_route=%2Fwp%2Fv2%2Ftags&post=229"}],"curies":[{"name":"wp","href":"https:\/\/api.w.org\/{rel}","templated":true}]}}