{"id":2274,"date":"2019-03-25T14:28:19","date_gmt":"2019-03-25T13:28:19","guid":{"rendered":"https:\/\/lpdordogne.wordpress.com\/?p=2274"},"modified":"2019-03-25T14:28:19","modified_gmt":"2019-03-25T13:28:19","slug":"conference-debat-de-ladmd-avec-le-dr-de-locht-le-groupe-fred-zeller-y-etait","status":"publish","type":"post","link":"https:\/\/www.lpdordogne.fr\/?p=2274","title":{"rendered":"Conf\u00e9rence-d\u00e9bat de l&rsquo;ADMD avec le Dr De Locht ; Le groupe Fred Zeller y \u00e9tait"},"content":{"rendered":"<p style=\"text-align:center;\"><img loading=\"lazy\" decoding=\"async\" class=\"aligncenter wp-image-2275 size-full\" src=\"https:\/\/www.lpdordogne.fr\/wp-content\/uploads\/2019\/03\/0de90a7b1ed6464b9fc6fe6a157b4015.jpg\" alt=\"\" width=\"495\" height=\"278\" srcset=\"https:\/\/www.lpdordogne.fr\/wp-content\/uploads\/2019\/03\/0de90a7b1ed6464b9fc6fe6a157b4015.jpg 495w, https:\/\/www.lpdordogne.fr\/wp-content\/uploads\/2019\/03\/0de90a7b1ed6464b9fc6fe6a157b4015-300x168.jpg 300w\" sizes=\"auto, (max-width: 495px) 85vw, 495px\" \/><\/p>\n<p><img loading=\"lazy\" decoding=\"async\" class=\"alignleft wp-image-2277 size-medium\" src=\"https:\/\/www.lpdordogne.fr\/wp-content\/uploads\/2019\/03\/997cfa7495e64f7a9c317a69e160cd6c.jpg?w=168\" alt=\"\" width=\"168\" height=\"300\" srcset=\"https:\/\/www.lpdordogne.fr\/wp-content\/uploads\/2019\/03\/997cfa7495e64f7a9c317a69e160cd6c.jpg 278w, https:\/\/www.lpdordogne.fr\/wp-content\/uploads\/2019\/03\/997cfa7495e64f7a9c317a69e160cd6c-168x300.jpg 168w\" sizes=\"auto, (max-width: 168px) 85vw, 168px\" \/>Devant une salle comble plus de 140 personnes sont venues \u00e9couter le Dr de Locht au Th\u00e9\u00e2tre de P\u00e9rigueux, salle Grass\u00e9 \u00e0 16H30.<\/p>\n<p>De sa voix douce et rassurante, il nous a fait part de son exp\u00e9rience et ses doutes mais aussi de ses certitudes. Une \u00e9motion forte se ressentait dans la salle et les personnes pr\u00e9sentes ont partag\u00e9e et acquiesc\u00e9 aux propos du m\u00e9decin, d&rsquo;une grande humanit\u00e9.<\/p>\n<p>La d\u00e9put\u00e9e du sarladais , Mme Dubois,pour la loi L\u00e9onetti\/Claeys, nous a confi\u00e9 ses doutes, l&rsquo;\u00e9volution de son cheminement avec une grande sinc\u00e9rit\u00e9. Mais elle ne s&rsquo;engage pas encore \u00e0 soutenir la loi que nous demandons.<\/p>\n<p>Nous rappelons que ce sont les parlementaires qui votent les lois !<\/p>\n<p>Des t\u00e9moignages de soignants, de familles nous ont r\u00e9volt\u00e9 &#8230;. Des moments tr\u00e8s forts<\/p>\n<p>Les d\u00e9l\u00e9gations ADMD de Charente et de Gironde \u00e9taient pr\u00e9sentes. L&rsquo;attach\u00e9 parlementaire du D\u00e9put\u00e9 Chasaing, des repr\u00e9sentants de La Ligue des Droits de l&rsquo;homme, de la Libre Pens\u00e9e, de la France Insoumise, du\u00a0 PO I \u00e9taient pr\u00e9sents.<\/p>\n<p>La presse \u00e9crite a fait un bel \u00e9cho de cette conf\u00e9rence et les journalistes de la radio ont interview\u00e9 le Dr puis Mme Attingr\u00e9 et diffus\u00e9 \u00e0 plusieurs reprises, les 2 \u00e9missions .<\/p>\n<p>A la fin de la conf\u00e9rence, beaucoup de personnes ont pris des exemplaires des DA\u00a0 et des demandes d&rsquo;adh\u00e9sion. Les 10\u00a0 exemplaires du livre \u00ab\u00a0Dr, Rendez-moi ma Libert\u00e9\u00a0\u00bb ont \u00e9t\u00e9 vendus et\u00a0 nous n&rsquo;en avions pas assez !<\/p>\n<p>Merci \u00e0 tous<\/p>\n<p>Dominique Attingr\u00e9<\/p>\n<p>D\u00e9l\u00e9gu\u00e9e ADMD24<\/p>\n","protected":false},"excerpt":{"rendered":"<p>Devant une salle comble plus de 140 personnes sont venues \u00e9couter le Dr de Locht au Th\u00e9\u00e2tre de P\u00e9rigueux, salle Grass\u00e9 \u00e0 16H30. De sa voix douce et rassurante, il nous a fait part de son exp\u00e9rience et ses doutes mais aussi de ses certitudes. Une \u00e9motion forte se ressentait dans la salle et les &hellip; <a href=\"https:\/\/www.lpdordogne.fr\/?p=2274\" class=\"more-link\">Continuer la lecture<span class=\"screen-reader-text\"> de &laquo;&nbsp;Conf\u00e9rence-d\u00e9bat de l&rsquo;ADMD avec le Dr De Locht ; Le groupe Fred Zeller y \u00e9tait&nbsp;&raquo;<\/span><\/a><\/p>\n","protected":false},"author":2,"featured_media":0,"comment_status":"closed","ping_status":"open","sticky":false,"template":"","format":"standard","meta":{"footnotes":""},"categories":[14],"tags":[],"class_list":["post-2274","post","type-post","status-publish","format-standard","hentry","category-non-classe"],"_links":{"self":[{"href":"https:\/\/www.lpdordogne.fr\/index.php?rest_route=\/wp\/v2\/posts\/2274","targetHints":{"allow":["GET"]}}],"collection":[{"href":"https:\/\/www.lpdordogne.fr\/index.php?rest_route=\/wp\/v2\/posts"}],"about":[{"href":"https:\/\/www.lpdordogne.fr\/index.php?rest_route=\/wp\/v2\/types\/post"}],"author":[{"embeddable":true,"href":"https:\/\/www.lpdordogne.fr\/index.php?rest_route=\/wp\/v2\/users\/2"}],"replies":[{"embeddable":true,"href":"https:\/\/www.lpdordogne.fr\/index.php?rest_route=%2Fwp%2Fv2%2Fcomments&post=2274"}],"version-history":[{"count":0,"href":"https:\/\/www.lpdordogne.fr\/index.php?rest_route=\/wp\/v2\/posts\/2274\/revisions"}],"wp:attachment":[{"href":"https:\/\/www.lpdordogne.fr\/index.php?rest_route=%2Fwp%2Fv2%2Fmedia&parent=2274"}],"wp:term":[{"taxonomy":"category","embeddable":true,"href":"https:\/\/www.lpdordogne.fr\/index.php?rest_route=%2Fwp%2Fv2%2Fcategories&post=2274"},{"taxonomy":"post_tag","embeddable":true,"href":"https:\/\/www.lpdordogne.fr\/index.php?rest_route=%2Fwp%2Fv2%2Ftags&post=2274"}],"curies":[{"name":"wp","href":"https:\/\/api.w.org\/{rel}","templated":true}]}}