{"id":2254,"date":"2019-01-20T23:52:59","date_gmt":"2019-01-20T22:52:59","guid":{"rendered":"https:\/\/lpdordogne.wordpress.com\/?p=2254"},"modified":"2024-12-23T21:35:44","modified_gmt":"2024-12-23T21:35:44","slug":"parution-de-la-raison-n-637","status":"publish","type":"post","link":"https:\/\/www.lpdordogne.fr\/?p=2254","title":{"rendered":"Parution de \u00ab\u00a0La Raison\u00a0\u00bb N\u00b0 637"},"content":{"rendered":"<h3><a href=\"https:\/\/www.fnlp.fr\/news\/569\/17\/La-Raison-n-634-Septembre-chez-nos-abonnes\/d,lp_detail.html\" target=\"_blank\" rel=\"noopener noreferrer\"><img loading=\"lazy\" decoding=\"async\" class=\"alignleft wp-image-2255 size-thumbnail\" src=\"https:\/\/www.lpdordogne.fr\/wp-content\/uploads\/2019\/01\/couv637.jpg?w=106\" alt=\"\" width=\"106\" height=\"150\" srcset=\"https:\/\/www.lpdordogne.fr\/wp-content\/uploads\/2019\/01\/couv637.jpg 550w, https:\/\/www.lpdordogne.fr\/wp-content\/uploads\/2019\/01\/couv637-212x300.jpg 212w\" sizes=\"auto, (max-width: 106px) 85vw, 106px\" \/><\/a><\/h3>\n<h2>L\u2019Editorial du pr\u00e9sident<\/h2>\n<h3>\u00ab Si vis pacem, non para bellum ! \u00bb<\/h3>\n<h4><strong><em>(Si tu veux la paix, ne pr\u00e9pare pas la guerre\u00a0!)<\/em><\/strong><\/h4>\n<p>\u00a0<\/p>\n<h1><img loading=\"lazy\" decoding=\"async\" class=\"alignleft size-thumbnail wp-image-1731\" src=\"https:\/\/www.lpdordogne.fr\/wp-content\/uploads\/2016\/11\/ob_0ef09e_jean-sebastien-pierre-libre-pensee-im.jpg?w=133\" alt=\"ob_0ef09e_jean-sebastien-pierre-libre-pensee-im\" width=\"133\" height=\"150\" srcset=\"https:\/\/www.lpdordogne.fr\/wp-content\/uploads\/2016\/11\/ob_0ef09e_jean-sebastien-pierre-libre-pensee-im.jpg 511w, https:\/\/www.lpdordogne.fr\/wp-content\/uploads\/2016\/11\/ob_0ef09e_jean-sebastien-pierre-libre-pensee-im-266x300.jpg 266w\" sizes=\"auto, (max-width: 133px) 85vw, 133px\" \/><\/h1>\n<p>\u00ab Niv\u00f4se est un temps de repos, le froid et la pluie emp\u00eachant les travaux \u00bb. Il est vrai que l\u2019on a envie de se mettre \u00e0 l\u2019abri, mais notre civilisation urbaine ne laisse plus de r\u00e9pit hivernal. Niv\u00f4se, c\u2019est aussi le temps de se remettre des agapes du solstice d\u2019hiver, et de souhaiter \u00e0 tous une bonne ann\u00e9e nouvelle. Si l\u2019on s\u2019en tient au calendrier r\u00e9volutionnaire, nous sommes pass\u00e9s en l\u2019an CCXVII depuis trois mois, les souhaits de bonne ann\u00e9e se font donc, par coutume, selon le calendrier gr\u00e9gorien. Bonne ann\u00e9e !<\/p>\n<p>Notre dernier num\u00e9ro a couvert novembre et d\u00e9cembre. Voici combl\u00e9e votre longue attente de deux mois pour prendre connaissance du premier num\u00e9ro de l\u2019ann\u00e9e civile 2019. Il me faut revenir un peu sur les deux mois \u00e9coul\u00e9s.<\/p>\n<p>D\u2019abord nos rassemblements de novembre : un succ\u00e8s consid\u00e9rable avec 123 manifestations et plus de 10 000 participants. Vous en trouverez le d\u00e9tail et l\u2019analyse dans nos pages 27 et 28. La souscription pour le monument sera boucl\u00e9e, \u00e0 la condition que tous ceux qui le peuvent et sont attach\u00e9s \u00e0 cette \u0153uvre n\u2019oublient pas de verser leur participation \u00e0 l\u2019aide du bon situ\u00e9 en fin d\u2019article.<\/p>\n<p>Par contraste, avec nos rassemblements pacifistes, les \u00ab comm\u00e9morations \u00bb de la fin de la Guerre de 1914-1918 ont pris une connotation plus guerri\u00e8re que jamais. Macron s\u2019est oubli\u00e9 \u00e0 saluer comme un \u00ab grand soldat \u00bb son ma\u00eetre \u00e0 penser Philippe P\u00e9tain \u00e0 qui, soit-dit en passant, depuis sa condamnation \u00e0 la Lib\u00e9ration, il ne convient plus d\u2019attribuer le titre de mar\u00e9chal. La comm\u00e9moration s\u2019est faite \u00e0 grands bruits de bottes, m\u00eame si le d\u00e9fil\u00e9 militaire de Paris, un moment annonc\u00e9, n\u2019a finalement pas eu lieu. Ce qui a eu lieu, c\u2019est un grand rassemblement des d\u00e9vastateurs de la plan\u00e8te, Trump, Poutine, le roi Salmane d\u2019Arabie-Saoudite. Trump a su remercier Macron de sa sollicitude par un des tweets injurieux dont il a le secret. On a pu noter aussi la Marseillaise chant\u00e9e par le ch\u0153ur de l&rsquo;Arm\u00e9e et une d\u00e9monstration d\u2019un r\u00e9giment de marine devant l\u2019Arc de triomphe. On peut noter \u00e9galement les scandaleux embrigadements d\u2019enfants des \u00e9coles, comme \u00e0 Quimper, l\u2019interdiction de la Chanson de Craonne, v\u00e9ritablement mise \u00e0 l\u2019index par l\u2019Ex\u00e9cutif, et en d\u00e9pit de cela, largement reprise dans nombre de rassemblements pacifistes.<\/p>\n<p>Oui, l\u2019ambiance officielle sentait la guerre. D\u2019ailleurs, le projet d\u2019instauration d\u2019un Service National Universel, suppos\u00e9 civil, mais de fait encadr\u00e9 par l\u2019arm\u00e9e, suppos\u00e9 volontaire, mais de fait obligatoire, fait planer les plus grandes inqui\u00e9tudes quant \u00e0 l\u2019embrigadement de la jeunesse. Extraction forc\u00e9e des \u00e9tudes et de la vie civile, travail au rabais, endoctrinement \u00ab patriotique \u00bb, la chose tient \u00e0 la fois des Chantiers de jeunesse du ci-devant ex-mar\u00e9chal P\u00e9tain et d\u2019un Service du travail obligatoire, organis\u00e9 par l\u2019Occupant dans la m\u00eame p\u00e9riode. Chers lecteurs, vous aurez bient\u00f4t acc\u00e8s \u00e0 une brochure des jeunes libres penseurs faisant toute la lumi\u00e8re sur ce n\u00e9faste projet.<\/p>\n<p>D\u00e9cembre, correspondant au Frimaire r\u00e9publicain (\u00e0 dix jours pr\u00e8s), a vu nos rassemblements devant les pr\u00e9fectures pour d\u00e9fendre la loi de 1905. D\u00e9lais de publication oblige, il vous faudra attendre le mois prochain pour en trouver le compte-rendu complet. Ce sera un bilan d\u2019importance, car non seulement nous avons \u00e9t\u00e9 re\u00e7us dans de nombreux d\u00e9partements, mais largement accompagn\u00e9s par le mouvement la\u00efque, r\u00e9publicain, d\u00e9mocratique et social. La remise en cause de la loi de S\u00e9paration, qui transformerait l\u2019article 2 par quelque chose comme \u00ab la R\u00e9publique ne reconnait\u2026 que les cultes reconnus \u00bb ne sera pas si facile \u00e0 imposer. La Libre Pens\u00e9e a pris largement sa place dans cette r\u00e9sistance, conform\u00e9ment \u00e0 ses d\u00e9cisions du congr\u00e8s de Saint-Herblain.<\/p>\n<p>Un dernier mot, inspir\u00e9 par le sommaire de ce num\u00e9ro : Saluons une fois encore le mouvement d\u2019\u00e9mancipation de la religion que connait la R\u00e9publique d\u2019Irlande. A une \u00e9crasante majorit\u00e9, le peuple s\u2019est prononc\u00e9 pour l\u2019abolition du d\u00e9lit de blasph\u00e8me. Apr\u00e8s la d\u00e9p\u00e9nalisation de l\u2019avortement et le mariage pour tous, c\u2019est un pas de plus vers la s\u00e9paration des Eglises et de l\u2019Etat et un exemple pour tous les pays, o\u00f9 ce \u00ab d\u00e9lit \u00bb fait l\u2019objet d\u2019une l\u00e9gislation r\u00e9pressive, en Europe comme dans le reste du monde. A Tunis, dans le m\u00eame temps, l\u2019Association internationale de la Libre Pens\u00e9e (AILP) a pu tenir un colloque sur \u00ab la loi et le sacr\u00e9 \u00bb, posant tous les probl\u00e8mes de la s\u00e9paration de la religion et de l\u2019Etat. Je vous laisse d\u00e9couvrir nos articles sur ces sujets.<\/p>\n<p><strong>Jean-S\u00e9bastien Pierre, Pr\u00e9sident de la Libre Pens\u00e9e<\/strong><\/p>\n<p>\u00a0<\/p>\n<p style=\"text-align: justify;\"><a href=\"https:\/\/www.fnlp.fr\/news\/569\/17\/La-Raison-n-634-Septembre-chez-nos-abonnes\/d,lp_detail.html\" target=\"_blank\" rel=\"noopener noreferrer\"><img loading=\"lazy\" decoding=\"async\" class=\"alignleft wp-image-2256 size-thumbnail\" src=\"https:\/\/www.lpdordogne.fr\/wp-content\/uploads\/2019\/01\/somm637.jpg?w=150\" alt=\"\" width=\"150\" height=\"93\" srcset=\"https:\/\/www.lpdordogne.fr\/wp-content\/uploads\/2019\/01\/somm637.jpg 550w, https:\/\/www.lpdordogne.fr\/wp-content\/uploads\/2019\/01\/somm637-300x185.jpg 300w\" sizes=\"auto, (max-width: 150px) 85vw, 150px\" \/><\/a><\/p>\n<p style=\"text-align: justify;\">pour vous procurer ce N\u00b0 de <em>La Raison<\/em>, contactez le groupe Fred Zeller en utilisant ce formulaire :<\/p>\n<p>\u00a0<\/p>\n\n\n<div class=\"wpcf7 no-js\" id=\"wpcf7-f3158-o1\" lang=\"fr-FR\" dir=\"ltr\" data-wpcf7-id=\"3158\">\n<div class=\"screen-reader-response\"><p role=\"status\" aria-live=\"polite\" aria-atomic=\"true\"><\/p> <ul><\/ul><\/div>\n<form action=\"\/index.php?rest_route=%2Fwp%2Fv2%2Fposts%2F2254#wpcf7-f3158-o1\" method=\"post\" class=\"wpcf7-form init\" aria-label=\"Formulaire de contact\" novalidate=\"novalidate\" data-status=\"init\">\n<fieldset class=\"hidden-fields-container\"><input type=\"hidden\" name=\"_wpcf7\" value=\"3158\" \/><input type=\"hidden\" name=\"_wpcf7_version\" value=\"6.1.5\" \/><input type=\"hidden\" name=\"_wpcf7_locale\" value=\"fr_FR\" \/><input type=\"hidden\" name=\"_wpcf7_unit_tag\" value=\"wpcf7-f3158-o1\" \/><input type=\"hidden\" name=\"_wpcf7_container_post\" value=\"0\" \/><input type=\"hidden\" name=\"_wpcf7_posted_data_hash\" value=\"\" \/>\n<\/fieldset>\n<p><label> Votre nom<br \/>\n<span class=\"wpcf7-form-control-wrap\" data-name=\"your-name\"><input size=\"40\" maxlength=\"400\" class=\"wpcf7-form-control wpcf7-text wpcf7-validates-as-required\" autocomplete=\"name\" aria-required=\"true\" aria-invalid=\"false\" value=\"\" type=\"text\" name=\"your-name\" \/><\/span> <\/label>\n<\/p>\n<p><label> Votre e-mail<br \/>\n<span class=\"wpcf7-form-control-wrap\" data-name=\"your-email\"><input size=\"40\" maxlength=\"400\" class=\"wpcf7-form-control wpcf7-email wpcf7-validates-as-required wpcf7-text wpcf7-validates-as-email\" autocomplete=\"email\" aria-required=\"true\" aria-invalid=\"false\" value=\"\" type=\"email\" name=\"your-email\" \/><\/span> <\/label>\n<\/p>\n<p><label> Votre message (facultatif)<br \/>\n<span class=\"wpcf7-form-control-wrap\" data-name=\"your-message\"><textarea cols=\"40\" rows=\"10\" maxlength=\"2000\" class=\"wpcf7-form-control wpcf7-textarea\" aria-invalid=\"false\" name=\"your-message\"><\/textarea><\/span> <\/label>\n<\/p>\n<p><input class=\"wpcf7-form-control wpcf7-submit has-spinner\" type=\"submit\" value=\"Envoyer\" \/>\n<\/p><input type='hidden' class='wpcf7-pum' value='{\"closepopup\":false,\"closedelay\":0,\"openpopup\":false,\"openpopup_id\":0}' \/><div class=\"wpcf7-response-output\" aria-hidden=\"true\"><\/div>\n<\/form>\n<\/div>\n\n\n\n\n<p><\/p>\n","protected":false},"excerpt":{"rendered":"<p>L\u2019Editorial du pr\u00e9sident \u00ab Si vis pacem, non para bellum ! \u00bb (Si tu veux la paix, ne pr\u00e9pare pas la guerre\u00a0!) \u00a0 \u00ab Niv\u00f4se est un temps de repos, le froid et la pluie emp\u00eachant les travaux \u00bb. Il est vrai que l\u2019on a envie de se mettre \u00e0 l\u2019abri, mais notre civilisation urbaine &hellip; <a href=\"https:\/\/www.lpdordogne.fr\/?p=2254\" class=\"more-link\">Continuer la lecture<span class=\"screen-reader-text\"> de &laquo;&nbsp;Parution de \u00ab\u00a0La Raison\u00a0\u00bb N\u00b0 637&nbsp;&raquo;<\/span><\/a><\/p>\n","protected":false},"author":2,"featured_media":0,"comment_status":"closed","ping_status":"open","sticky":false,"template":"","format":"standard","meta":{"footnotes":""},"categories":[25],"tags":[],"class_list":["post-2254","post","type-post","status-publish","format-standard","hentry","category-la-raison"],"_links":{"self":[{"href":"https:\/\/www.lpdordogne.fr\/index.php?rest_route=\/wp\/v2\/posts\/2254","targetHints":{"allow":["GET"]}}],"collection":[{"href":"https:\/\/www.lpdordogne.fr\/index.php?rest_route=\/wp\/v2\/posts"}],"about":[{"href":"https:\/\/www.lpdordogne.fr\/index.php?rest_route=\/wp\/v2\/types\/post"}],"author":[{"embeddable":true,"href":"https:\/\/www.lpdordogne.fr\/index.php?rest_route=\/wp\/v2\/users\/2"}],"replies":[{"embeddable":true,"href":"https:\/\/www.lpdordogne.fr\/index.php?rest_route=%2Fwp%2Fv2%2Fcomments&post=2254"}],"version-history":[{"count":1,"href":"https:\/\/www.lpdordogne.fr\/index.php?rest_route=\/wp\/v2\/posts\/2254\/revisions"}],"predecessor-version":[{"id":3808,"href":"https:\/\/www.lpdordogne.fr\/index.php?rest_route=\/wp\/v2\/posts\/2254\/revisions\/3808"}],"wp:attachment":[{"href":"https:\/\/www.lpdordogne.fr\/index.php?rest_route=%2Fwp%2Fv2%2Fmedia&parent=2254"}],"wp:term":[{"taxonomy":"category","embeddable":true,"href":"https:\/\/www.lpdordogne.fr\/index.php?rest_route=%2Fwp%2Fv2%2Fcategories&post=2254"},{"taxonomy":"post_tag","embeddable":true,"href":"https:\/\/www.lpdordogne.fr\/index.php?rest_route=%2Fwp%2Fv2%2Ftags&post=2254"}],"curies":[{"name":"wp","href":"https:\/\/api.w.org\/{rel}","templated":true}]}}