{"id":2238,"date":"2019-01-07T22:07:56","date_gmt":"2019-01-07T21:07:56","guid":{"rendered":"https:\/\/lpdordogne.wordpress.com\/?p=2238"},"modified":"2019-01-07T22:07:56","modified_gmt":"2019-01-07T21:07:56","slug":"ce-que-coute-la-loi-debre-emission-rlp-7-janvier-2019","status":"publish","type":"post","link":"https:\/\/www.lpdordogne.fr\/?p=2238","title":{"rendered":"Ce que co\u00fbte la loi Debr\u00e9 (\u00e9mission RLP &#8211; 7 janvier 2019)"},"content":{"rendered":"<h2 style=\"text-align:center;\"><em>Les chroniques du groupe Fred Zeller sur RLP<\/em><\/h2>\n<p>&nbsp;<\/p>\n<p>&nbsp;<\/p>\n<h1 class=\"art-postheader\" style=\"text-align:center;\">Des milliards d&rsquo;euros d\u00e9tourn\u00e9s chaque ann\u00e9e pour financer l&rsquo;enseignement priv\u00e9<\/h1>\n<h2 class=\"art-postheader\" style=\"text-align:center;\"><\/h2>\n<p>&nbsp;<\/p>\n<p>chronique du 7 janvier 2019<\/p>\n<p>[mixcloud https:\/\/www.mixcloud.com\/jlbagault\/ce-que-coute-la-loi-debre\/ width=100% height=60 hide_cover=1 mini=1 light=1]<\/p>\n<p>&nbsp;<\/p>\n<p style=\"text-align:justify;\">Pour \u00e9changer sur ce sujet, <a title=\"Contacter le Groupe Fred Zeller\" href=\"https:\/\/lpdordogne.wordpress.com\/contacter-le-groupe-fred-zeller\/\" target=\"_blank\" rel=\"noopener noreferrer\">contactez le Groupe Fred Zeller<\/a><\/p>\n<p style=\"text-align:center;\">courriel : <a href=\"mailto:contact@lpdordogne.fr\">contact@lpdordogne.fr<\/a><\/p>\n<p>&nbsp;<\/p>\n","protected":false},"excerpt":{"rendered":"<p>Les chroniques du groupe Fred Zeller sur RLP &nbsp; &nbsp; Des milliards d&rsquo;euros d\u00e9tourn\u00e9s chaque ann\u00e9e pour financer l&rsquo;enseignement priv\u00e9 &nbsp; chronique du 7 janvier 2019 [mixcloud https:\/\/www.mixcloud.com\/jlbagault\/ce-que-coute-la-loi-debre\/ width=100% height=60 hide_cover=1 mini=1 light=1] &nbsp; Pour \u00e9changer sur ce sujet, contactez le Groupe Fred Zeller courriel : contact@lpdordogne.fr &nbsp;<\/p>\n","protected":false},"author":2,"featured_media":96,"comment_status":"closed","ping_status":"open","sticky":false,"template":"","format":"standard","meta":{"footnotes":""},"categories":[12,20],"tags":[],"class_list":["post-2238","post","type-post","status-publish","format-standard","has-post-thumbnail","hentry","category-loi-debre","category-rlp"],"_links":{"self":[{"href":"https:\/\/www.lpdordogne.fr\/index.php?rest_route=\/wp\/v2\/posts\/2238","targetHints":{"allow":["GET"]}}],"collection":[{"href":"https:\/\/www.lpdordogne.fr\/index.php?rest_route=\/wp\/v2\/posts"}],"about":[{"href":"https:\/\/www.lpdordogne.fr\/index.php?rest_route=\/wp\/v2\/types\/post"}],"author":[{"embeddable":true,"href":"https:\/\/www.lpdordogne.fr\/index.php?rest_route=\/wp\/v2\/users\/2"}],"replies":[{"embeddable":true,"href":"https:\/\/www.lpdordogne.fr\/index.php?rest_route=%2Fwp%2Fv2%2Fcomments&post=2238"}],"version-history":[{"count":0,"href":"https:\/\/www.lpdordogne.fr\/index.php?rest_route=\/wp\/v2\/posts\/2238\/revisions"}],"wp:featuredmedia":[{"embeddable":true,"href":"https:\/\/www.lpdordogne.fr\/index.php?rest_route=\/wp\/v2\/media\/96"}],"wp:attachment":[{"href":"https:\/\/www.lpdordogne.fr\/index.php?rest_route=%2Fwp%2Fv2%2Fmedia&parent=2238"}],"wp:term":[{"taxonomy":"category","embeddable":true,"href":"https:\/\/www.lpdordogne.fr\/index.php?rest_route=%2Fwp%2Fv2%2Fcategories&post=2238"},{"taxonomy":"post_tag","embeddable":true,"href":"https:\/\/www.lpdordogne.fr\/index.php?rest_route=%2Fwp%2Fv2%2Ftags&post=2238"}],"curies":[{"name":"wp","href":"https:\/\/api.w.org\/{rel}","templated":true}]}}